{"id":166585,"date":"2025-06-05T07:20:09","date_gmt":"2025-06-05T07:20:09","guid":{"rendered":"https:\/\/www.europesays.com\/de\/166585\/"},"modified":"2025-06-05T07:20:09","modified_gmt":"2025-06-05T07:20:09","slug":"raeuberisches-paar-verurteilt-antenne-muenster","status":"publish","type":"post","link":"https:\/\/www.europesays.com\/de\/166585\/","title":{"rendered":"R\u00e4uberisches Paar verurteilt &#8211; Antenne M\u00fcnster"},"content":{"rendered":"<p>Als &#8222;Putzfrau&#8220; getarnt soll ein Paar in gro\u00dfem Stil Wohnungen ausger\u00e4umt haben. Das Landgericht M\u00fcnster verurteilte den 35-j\u00e4hrigen Mann aus H\u00f6rstel zu vier Jahren und drei Monaten Gef\u00e4ngnis, die 30-j\u00e4hrige M\u00fcnsteranerin zu zweieinhalb Jahren. Das Landgericht lag mit den Freiheitsstrafen deutlich \u00fcber dem von der Staatsanwaltschaft gefordertem Strafma\u00df. Das wurde vor allem mit der langen Vorstrafenliste beider Verurteilter begr\u00fcndet. Au\u00dferdem mit dem Vertrauensbruch gegen\u00fcber den Opfern, die die Angeklagte ohne B\u00f6ses zu ahnen als Reinigungskraft besch\u00e4ftigten. Die Teilgest\u00e4ndnisse der beiden Verurteilten und die Drogensucht des Mannes fielen bei der Bewertung der Strafe kaum ins Gewicht. Aus Sicht des Landgerichts besteht keine verminderte Urteils- und Schuldf\u00e4higkeit des Paares. Zusammen mit der Schwester und dem Schwagers des Verurteilten hatte das Paar einen Gesamtschaden von etwa 78.500 Euro verursacht. Die Schwester und der Schwager werden sp\u00e4ter zur Rechenschaft gezogen. Der Erl\u00f6s diente der Drogen-Finanzierung des Verurteilten.\u00a0<\/p>\n","protected":false},"excerpt":{"rendered":"Als &#8222;Putzfrau&#8220; getarnt soll ein Paar in gro\u00dfem Stil Wohnungen ausger\u00e4umt haben. Das Landgericht M\u00fcnster verurteilte den 35-j\u00e4hrigen&hellip;\n","protected":false},"author":2,"featured_media":166586,"comment_status":"","ping_status":"","sticky":false,"template":"","format":"standard","meta":{"footnotes":""},"categories":[1843],"tags":[5677,57639,3364,29,30,4933,8970,1209],"class_list":{"0":"post-166585","1":"post","2":"type-post","3":"status-publish","4":"format-standard","5":"has-post-thumbnail","7":"category-muenster","8":"tag-munster","9":"tag-landgericht-mnster","10":"tag-de","11":"tag-deutschland","12":"tag-germany","13":"tag-landgericht","14":"tag-muenster","15":"tag-nordrhein-westfalen"},"share_on_mastodon":{"url":"https:\/\/pubeurope.com\/@de\/114629550002391206","error":""},"_links":{"self":[{"href":"https:\/\/www.europesays.com\/de\/wp-json\/wp\/v2\/posts\/166585","targetHints":{"allow":["GET"]}}],"collection":[{"href":"https:\/\/www.europesays.com\/de\/wp-json\/wp\/v2\/posts"}],"about":[{"href":"https:\/\/www.europesays.com\/de\/wp-json\/wp\/v2\/types\/post"}],"author":[{"embeddable":true,"href":"https:\/\/www.europesays.com\/de\/wp-json\/wp\/v2\/users\/2"}],"replies":[{"embeddable":true,"href":"https:\/\/www.europesays.com\/de\/wp-json\/wp\/v2\/comments?post=166585"}],"version-history":[{"count":0,"href":"https:\/\/www.europesays.com\/de\/wp-json\/wp\/v2\/posts\/166585\/revisions"}],"wp:featuredmedia":[{"embeddable":true,"href":"https:\/\/www.europesays.com\/de\/wp-json\/wp\/v2\/media\/166586"}],"wp:attachment":[{"href":"https:\/\/www.europesays.com\/de\/wp-json\/wp\/v2\/media?parent=166585"}],"wp:term":[{"taxonomy":"category","embeddable":true,"href":"https:\/\/www.europesays.com\/de\/wp-json\/wp\/v2\/categories?post=166585"},{"taxonomy":"post_tag","embeddable":true,"href":"https:\/\/www.europesays.com\/de\/wp-json\/wp\/v2\/tags?post=166585"}],"curies":[{"name":"wp","href":"https:\/\/api.w.org\/{rel}","templated":true}]}}