{"id":166611,"date":"2025-06-05T07:36:23","date_gmt":"2025-06-05T07:36:23","guid":{"rendered":"https:\/\/www.europesays.com\/de\/166611\/"},"modified":"2025-06-05T07:36:23","modified_gmt":"2025-06-05T07:36:23","slug":"im-livestream-tag-2-der-kleinfeld-em-deutschland-ab-10-uhr","status":"publish","type":"post","link":"https:\/\/www.europesays.com\/de\/166611\/","title":{"rendered":"Im Livestream: Tag 2 der Kleinfeld-EM &#8211; Deutschland ab 10 Uhr"},"content":{"rendered":"<p>   Im Livestream: Tag 2 der Kleinfeld-EM &#8211; Deutschland ab 10 Uhr &#8211; FuPa                                               <\/p>\n<p>FuPa ben\u00f6tigt JavaScript, um richtig zu funktionieren.<\/p>\n<p> Browser nicht unterst\u00fctzt <\/p>\n<p>  Du verwendest einen veralteten Browser, wodurch die Funktionalit\u00e4t von FuPa eingeschr\u00e4nkt ist und es zu unerwarteten Fehlern kommen kann. Damit du FuPa vollumf\u00e4nglich nutzen kannst und wir dir eine bessere Nutzungserfahrung und mehr Sicherheit auf unserer Anwendung bieten k\u00f6nnen, nutze bitte einen aktuellen Browser.      <img loading=\"lazy\" decoding=\"async\" src=\"https:\/\/www.europesays.com\/de\/wp-content\/uploads\/2025\/06\/vgzm.2780411-3107163.gif\" height=\"1\" width=\"1\" class=\"sc-1wcyr0h-16 hojaCI\"\/>Du wirst automatisch weitergeleitet&#8230;<img fetchpriority=\"high\" decoding=\"async\" loading=\"eager\" src=\"https:\/\/www.europesays.com\/de\/wp-content\/uploads\/2025\/06\/1749108982_372_960x640.jpeg\" alt=\"Gegen Tschechien bejubelte Kapit\u00e4n Tobias Haitz einen 4:2-Auftaktsieg.\" title=\"Gegen Tschechien bejubelte Kapit\u00e4n Tobias Haitz einen 4:2-Auftaktsieg.\" width=\"960\" height=\"640\" class=\"sc-wadapo-3 klmthQ mui-style-2vfs2l\"\/>Gegen Tschechien bejubelte Kapit\u00e4n Tobias Haitz einen 4:2-Auftaktsieg. \u2013 Foto: DKFVDer Socca Euro Cup 2025 in Moldawien geht in Tag 2 von 5.<\/p>\n<p>Seit 9 Uhr deutscher Zeit laufen am heutigen Donnerstag die Spiele. Hier k\u00f6nnt ihr die Kleinfeld-Europameisterschaft im Livestream (mit englischem Kommentar) verfolgen. Die deutschen Partien ab 10 Uhr gegen Georgien und ab 20 Uhr gegen Albanien werden mit deutschem Kommentar ebenfalls exklusiv vom Deutschen Kleinfeldfu\u00dfball-Verband gestreamt.<\/p>\n<p>Zum Livestream des gesamten Tag 2:<\/p>\n<\/p>\n<p>Tag 1 im Re-Stream:<\/p>\n<\/p>\n<p>Der deutsche Kader:<\/p>\n<p> <img decoding=\"async\" loading=\"lazy\" src=\"https:\/\/www.europesays.com\/de\/wp-content\/uploads\/2025\/06\/960xauto.jpeg\" alt=\"\" title=\"\" width=\"960\" height=\"auto\" class=\"sc-wadapo-3 klmthQ\"\/><\/p>\n<p>Aufrufe: 05.6.2025, 09:10 Uhr<\/p>\n","protected":false},"excerpt":{"rendered":"Im Livestream: Tag 2 der Kleinfeld-EM &#8211; Deutschland ab 10 Uhr &#8211; FuPa FuPa ben\u00f6tigt JavaScript, um richtig&hellip;\n","protected":false},"author":2,"featured_media":166612,"comment_status":"","ping_status":"","sticky":false,"template":"","format":"standard","meta":{"footnotes":""},"categories":[2],"tags":[331,3924,332,3922,9237,3364,29,13538,30,13,14,3923,15,3921,12,57641,12475],"class_list":{"0":"post-166611","1":"post","2":"type-post","3":"status-publish","4":"format-standard","5":"has-post-thumbnail","7":"category-deutschland","8":"tag-aktuelle-nachrichten","9":"tag-aktuelle-nachrichten-aus-deutschland","10":"tag-aktuelle-news","11":"tag-aktuelle-news-aus-deutschland","12":"tag-albanien","13":"tag-de","14":"tag-deutschland","15":"tag-georgien","16":"tag-germany","17":"tag-headlines","18":"tag-nachrichten","19":"tag-nachrichten-aus-deutschland","20":"tag-news","21":"tag-news-aus-deutschland","22":"tag-schlagzeilen","23":"tag-socca-euro-cup","24":"tag-tschechien"},"share_on_mastodon":{"url":"https:\/\/pubeurope.com\/@de\/114629612952670812","error":""},"_links":{"self":[{"href":"https:\/\/www.europesays.com\/de\/wp-json\/wp\/v2\/posts\/166611","targetHints":{"allow":["GET"]}}],"collection":[{"href":"https:\/\/www.europesays.com\/de\/wp-json\/wp\/v2\/posts"}],"about":[{"href":"https:\/\/www.europesays.com\/de\/wp-json\/wp\/v2\/types\/post"}],"author":[{"embeddable":true,"href":"https:\/\/www.europesays.com\/de\/wp-json\/wp\/v2\/users\/2"}],"replies":[{"embeddable":true,"href":"https:\/\/www.europesays.com\/de\/wp-json\/wp\/v2\/comments?post=166611"}],"version-history":[{"count":0,"href":"https:\/\/www.europesays.com\/de\/wp-json\/wp\/v2\/posts\/166611\/revisions"}],"wp:featuredmedia":[{"embeddable":true,"href":"https:\/\/www.europesays.com\/de\/wp-json\/wp\/v2\/media\/166612"}],"wp:attachment":[{"href":"https:\/\/www.europesays.com\/de\/wp-json\/wp\/v2\/media?parent=166611"}],"wp:term":[{"taxonomy":"category","embeddable":true,"href":"https:\/\/www.europesays.com\/de\/wp-json\/wp\/v2\/categories?post=166611"},{"taxonomy":"post_tag","embeddable":true,"href":"https:\/\/www.europesays.com\/de\/wp-json\/wp\/v2\/tags?post=166611"}],"curies":[{"name":"wp","href":"https:\/\/api.w.org\/{rel}","templated":true}]}}