{"id":166661,"date":"2025-06-05T08:04:13","date_gmt":"2025-06-05T08:04:13","guid":{"rendered":"https:\/\/www.europesays.com\/de\/166661\/"},"modified":"2025-06-05T08:04:13","modified_gmt":"2025-06-05T08:04:13","slug":"oktoberfest-in-muenchen-wiesnchef-will-keine-besucher-rekordjagd","status":"publish","type":"post","link":"https:\/\/www.europesays.com\/de\/166661\/","title":{"rendered":"Oktoberfest in M\u00fcnchen: Wiesnchef will keine Besucher-Rekordjagd"},"content":{"rendered":"<p>Sonst wird es &#8222;ungem\u00fctlich&#8220; <\/p>\n<p>Sieben Millionen Besucher reichen: Wiesnchef bremst Rekordjagd<\/p>\n<p>Aktualisiert am 05.06.2025 &#8211; 08:55 UhrLesedauer: 1 Min.<\/p>\n<p><a href=\"#focus-0\" class=\"transition-colors duration-200 focus-within:text-magenta block text-current relative\" data-sctrack=\"FocusGalleryImage.Reference\"><img fetchpriority=\"high\" data-testid=\"Opener.Image\" style=\"--lqipURL:url('https:\/\/images.t-online.de\/2025\/06\/1TwEqfbgaAQU\/0x209:4000x2250\/fit-in\/150x0\/filters:blur(25)\/besucher-stroemen-auf-die-theresienwiese-archivbild-im-vergangenen-jahr-zaehlte-das-oktoberfest-mehr-als-sieben-millionen-gaeste.jpg')\"   loading=\"eager\" src=\"https:\/\/www.europesays.com\/de\/wp-content\/uploads\/2025\/06\/besucher-stroemen-auf-die-theresienwiese-archivbild-im-vergangenen-jahr-zaehlte-das-oktoberfest-mehr.jpeg\" alt=\"Besucher str\u00f6men auf die Theresienwiese (Archivbild): Im vergangenen Jahr z\u00e4hlte das Oktoberfest mehr als sieben Millionen G\u00e4ste.\" title=\"Besucher str\u00f6men auf die Theresienwiese (Archivbild): Im vergangenen Jahr z\u00e4hlte das Oktoberfest mehr als sieben Millionen G\u00e4ste.\" width=\"4000\" height=\"2250\" class=\"bg-[url:var(--lqipURL)] bg-cover bg-center flex w-full max-w-full h-full\" decoding=\"async\"\/><img style=\"--width:32;--height:32\" loading=\"lazy\" src=\"https:\/\/www.europesays.com\/de\/wp-content\/uploads\/2025\/04\/zoom-in.f7dae02f.svg.svg+xml\" alt=\"Vergr\u00f6\u00dfern des Bildes\" title=\"Vergr\u00f6\u00dfern des Bildes\" class=\"&#10;        block&#10;        h-[calc(var(--height)_\/_16_*_1rem)]&#10;        w-[calc(var(--width)_\/_16_*_1rem)]&#10;        max-w-none&#10;        absolute bottom-8 right-8 rounded-4 bg-snow p-8\" decoding=\"async\"\/><\/a><\/p>\n<p>Besucher str\u00f6men auf die Theresienwiese (Archivbild): Im vergangenen Jahr z\u00e4hlte das Oktoberfest fast sieben Millionen G\u00e4ste. (Quelle: IMAGO\/Wolfgang Maria Weber)<\/p>\n<p class=\"font-bold text-18 leading-17\">Trotz hoher Wirtschaftskraft will M\u00fcnchen das Oktoberfest nicht weiter vergr\u00f6\u00dfern. Die Verantwortlichen setzen auf ein gesundes Ma\u00df \u2013 auch f\u00fcr die Stimmung in den Zelten.<\/p>\n<p class=\"text-18 leading-17\">Der neue M\u00fcnchner Wiesnchef Christian Scharpf (SPD) sieht beim Oktoberfest Grenzen des Wachstums. &#8222;Wir m\u00fcssen nicht Rekorden hinterherjagen&#8220;, sagte der Wirtschaftsreferent. &#8222;Wenn es etwas mehr als sieben Millionen G\u00e4ste sind, ist das absolut gesund.&#8220; Im vergangenen Jahr kamen rund 6,7 Millionen Besucher auf die Theresienwiese, 2023 waren es 7,2 Millionen.<\/p>\n<p class=\"text-18 leading-17\">Scharpf betonte: &#8222;Immer mehr, immer h\u00f6her, immer weiter ist nicht unser Fokus.&#8220; Bei zu vielen Besuchern werde es irgendwann &#8222;ungem\u00fctlich&#8220;. T\u00e4glich stehen in den Festzelten auf dem Oktoberfest rund 100.000 Pl\u00e4tze zur Verf\u00fcgung, wie der Sprecher der Wiesnwirte, Peter Inselkammer, sagte.<\/p>\n<p class=\"text-18 leading-17\">Im Schnitt gibt ein Wiesngast nach Angaben der Stadt M\u00fcnchen etwa 90 Euro aus. Inklusive weiterer Ausgaben wie \u00dcbernachtungen lag der gesch\u00e4tzte wirtschaftliche Gesamtwert des Oktoberfests im vergangenen Jahr bei rund 1,48 Milliarden Euro. Mehr als 75 Prozent der Besucher kommen laut der Stadt aus Bayern, gut 40 Prozent wohnen in M\u00fcnchen. Aus dem \u00fcbrigen Deutschland reisen weniger als vier Prozent an, etwa 20 Prozent sind internationale G\u00e4ste.<\/p>\n<p class=\"text-18 leading-17\">Die Wiesn beginnt dieses Jahr am 20. September und endet am 5. Oktober. Die Ma\u00df Bier wird erneut teurer: Sie kostet 2025 zwischen 14,50 und 15,80 Euro \u2013 im Schnitt rund 3,5 Prozent mehr als im Vorjahr.<\/p>\n","protected":false},"excerpt":{"rendered":"Sonst wird es &#8222;ungem\u00fctlich&#8220; Sieben Millionen Besucher reichen: Wiesnchef bremst Rekordjagd Aktualisiert am 05.06.2025 &#8211; 08:55 UhrLesedauer: 1&hellip;\n","protected":false},"author":2,"featured_media":166662,"comment_status":"","ping_status":"","sticky":false,"template":"","format":"standard","meta":{"footnotes":""},"categories":[1827],"tags":[722,772,29,30,1268,6927,57657,2959],"class_list":{"0":"post-166661","1":"post","2":"type-post","3":"status-publish","4":"format-standard","5":"has-post-thumbnail","7":"category-muenchen","8":"tag-722","9":"tag-bayern","10":"tag-deutschland","11":"tag-germany","12":"tag-muenchen","13":"tag-oktoberfest","14":"tag-rekordjagd","15":"tag-theresienwiese"},"share_on_mastodon":{"url":"https:\/\/pubeurope.com\/@de\/114629723257675589","error":""},"_links":{"self":[{"href":"https:\/\/www.europesays.com\/de\/wp-json\/wp\/v2\/posts\/166661","targetHints":{"allow":["GET"]}}],"collection":[{"href":"https:\/\/www.europesays.com\/de\/wp-json\/wp\/v2\/posts"}],"about":[{"href":"https:\/\/www.europesays.com\/de\/wp-json\/wp\/v2\/types\/post"}],"author":[{"embeddable":true,"href":"https:\/\/www.europesays.com\/de\/wp-json\/wp\/v2\/users\/2"}],"replies":[{"embeddable":true,"href":"https:\/\/www.europesays.com\/de\/wp-json\/wp\/v2\/comments?post=166661"}],"version-history":[{"count":0,"href":"https:\/\/www.europesays.com\/de\/wp-json\/wp\/v2\/posts\/166661\/revisions"}],"wp:featuredmedia":[{"embeddable":true,"href":"https:\/\/www.europesays.com\/de\/wp-json\/wp\/v2\/media\/166662"}],"wp:attachment":[{"href":"https:\/\/www.europesays.com\/de\/wp-json\/wp\/v2\/media?parent=166661"}],"wp:term":[{"taxonomy":"category","embeddable":true,"href":"https:\/\/www.europesays.com\/de\/wp-json\/wp\/v2\/categories?post=166661"},{"taxonomy":"post_tag","embeddable":true,"href":"https:\/\/www.europesays.com\/de\/wp-json\/wp\/v2\/tags?post=166661"}],"curies":[{"name":"wp","href":"https:\/\/api.w.org\/{rel}","templated":true}]}}