{"id":166968,"date":"2025-06-05T10:59:18","date_gmt":"2025-06-05T10:59:18","guid":{"rendered":"https:\/\/www.europesays.com\/de\/166968\/"},"modified":"2025-06-05T10:59:18","modified_gmt":"2025-06-05T10:59:18","slug":"nuernberg-die-vertane-chance-am-germanischen-nationalmuseum-bayern","status":"publish","type":"post","link":"https:\/\/www.europesays.com\/de\/166968\/","title":{"rendered":"N\u00fcrnberg: Die vertane Chance am Germanischen Nationalmuseum &#8211; Bayern"},"content":{"rendered":"<p data-manual=\"paragraph\" data-schema-org-speakable=\"true\" class=\"css-1ylqqlw\"><a href=\"https:\/\/www.sueddeutsche.de\/bayern\/nuernberg-tiefdepot-germanisches-nationalmuseum-klostergarten-lux.THMBvnCXiMTHh9zST7gLQg\" target=\"_blank\" rel=\"noopener\">Neulich ist das Tiefdepot des Germanischen Nationalmuseums er\u00f6ffnet worden<\/a>, ein Riesending, die \u201egr\u00f6\u00dfte Bauma\u00dfnahme in diesem Jahrhundert\u201c f\u00fcr dieses auch international bedeutende Haus. Und nat\u00fcrlich kommt da auch Bayerns erster B\u00fcrger. Oh, oder etwa doch nicht? \u201eMinisterpr\u00e4sident <a href=\"https:\/\/www.sueddeutsche.de\/thema\/Markus_S%C3%B6der\" target=\"_blank\" rel=\"noopener\">Markus S\u00f6der<\/a> hat seine Teilnahme wieder abgesagt\u201c, lie\u00df das Forschungsmuseum kurz zuvor wissen.<\/p>\n<p data-manual=\"paragraph\" data-schema-org-speakable=\"true\" class=\"css-1ylqqlw\">Gut, der Mann kann sich nicht teilen, Termine, Termine. Andererseits ist S\u00f6der nicht dringend verd\u00e4chtig, geeignete Foto-Anl\u00e4sse einfach so (und ohne bekannt gewordenen Ersatztermin) an sich vor\u00fcberziehen zu lassen. Eher im Gegenteil. Aber mein Gott, k\u00f6nnte man entgegnen: ein Depot eben, was soll man da gro\u00df fotografieren? Markus S\u00f6der, wie er schreitet durch tief in die Erde gebuddelte, klinisch anmutende Kunstaufbewahrungsr\u00e4ume, denen sie selbst im Museum den optischen Charme einer Tiefgarage nachr\u00fchmen? Will das einer sehen?<\/p>\n<p><img decoding=\"async\" alt=\"Blick in einen der Tiefdepotr\u00e4ume in N\u00fcrnberg.\" data-manual=\"overline, headerImageCaption, headerImageSrc, headerImageSrcSet\" data-testid=\"responsive-image\" loading=\"lazy\"  src=\"https:\/\/www.europesays.com\/de\/wp-content\/uploads\/2025\/06\/7d0341cd-ba78-4bd2-b10a-09f901c14e22.jpeg\"  role=\"button\" tabindex=\"0\" class=\"css-y4bre2\"\/>Blick in einen der Tiefdepotr\u00e4ume in N\u00fcrnberg. (Foto: Olaf Przybilla)<\/p>\n<p data-manual=\"paragraph\" data-schema-org-speakable=\"true\" class=\"css-1ylqqlw\">Gut, und dann besucht man <a href=\"https:\/\/www.sueddeutsche.de\/thema\/Rotterdam\" target=\"_blank\" rel=\"noopener\">Rotterdam<\/a> und dort wiederum das, was so ziemlich alle Rotterdam-G\u00e4ste besuchen: ja doch, ein Kunst-Depot. Im Grunde also exakt dasselbe wie in <a href=\"https:\/\/www.sueddeutsche.de\/thema\/N%C3%BCrnberg\" target=\"_blank\" rel=\"noopener\">N\u00fcrnberg<\/a>. Nur dass dort die <a href=\"https:\/\/www.sueddeutsche.de\/kultur\/museum-depot-rotterdam-boijmans-van-beuningen-1.5458198\" target=\"_blank\" rel=\"noopener\">Werke des Museums Boijmans Van Beuningen ausgelagert<\/a> sind \u2013 und das alle sehen d\u00fcrfen und \u00fcbrigens auch alle sehen wollen. Einfach so besuchen, dieses hoch spektakul\u00e4re und \u00f6ffentlich zug\u00e4ngliche Schaulager der Kunst? Kann man vergessen. Dazu braucht es einen gebuchten Slot, der immensen Nachfrage wegen.<\/p>\n<p><img decoding=\"async\" alt=\"Blick ins Depot des Museums Boijmans Van Beuningen in Rotterdam.\" data-manual=\"overline, headerImageCaption, headerImageSrc, headerImageSrcSet\" data-testid=\"responsive-image\" loading=\"lazy\"  src=\"https:\/\/www.europesays.com\/de\/wp-content\/uploads\/2025\/06\/2236753d-b83b-4271-b71e-b8c0ceb16031.jpeg\"  role=\"button\" tabindex=\"0\" class=\"css-y4bre2\"\/>Blick ins Depot des Museums Boijmans Van Beuningen in Rotterdam. (Foto: Olaf Przybilla)<\/p>\n<p data-manual=\"paragraph\" data-schema-org-speakable=\"true\" class=\"css-1ylqqlw\">Zur Wahrheit geh\u00f6rt, dass mancher spottet \u00fcber die verspiegelte H\u00fclle dieses Depots als befremdlich in Szene gesetzte Riesensalatsch\u00fcssel; andere wiederum halten diese Architektur f\u00fcr ikonisch. Keiner freilich wird bestreiten k\u00f6nnen, dass dieses Haus maximal instagrammable ist. W\u00fcrde ein Museumschef auf die Idee kommen, einen solchen Bau in <a href=\"https:\/\/www.sueddeutsche.de\/thema\/Bayern\" target=\"_blank\" rel=\"noopener\">Bayern<\/a> ohne hinreichend gedehnten Fototermin f\u00fcr Markus S. zu er\u00f6ffnen \u2013 so h\u00e4tte der Mann vermutlich keine gr\u00f6\u00dferen Karrierepl\u00e4ne mehr.<\/p>\n<p data-manual=\"paragraph\" data-schema-org-speakable=\"true\" class=\"css-1ylqqlw\">Nat\u00fcrlich hatte man den Fall Rotterdam auf dem Schirm, ist am Nationalmuseum in N\u00fcrnberg zu h\u00f6ren. Aber um \u00c4hnliches zu bauen, h\u00e4tte man f\u00fcr so ein allgemein zug\u00e4ngliches Schaulager \u2013 in dem man Restauratoren bei der Arbeit zuschauen und nebenher fantastische Kunst genie\u00dfen kann \u2013 wohl einen Platz au\u00dferhalb des Stadtzentrums suchen m\u00fcssen. Was mit mehr Aufwand f\u00fcr Logistik und mehr Aufwand f\u00fcr Sicherheit verbunden gewesen w\u00e4re. Und also wurde, um den sch\u00f6nen Klosterhof im Museumsareal nicht in Mitleidenschaft zu ziehen, das neue Depot (mit nicht geringem Aufwand) auf f\u00fcnf Etagen darunter verbuddelt.<\/p>\n<p data-manual=\"paragraph\" data-schema-org-speakable=\"true\" class=\"css-1ylqqlw\">Klingt erst mal nachvollziehbar. Andererseits: Wurde in N\u00fcrnberg, wo das gr\u00f6\u00dfte kulturgeschichtliche Museum im deutschsprachigen Raum unentwegt um die ihm zustehende Aufmerksamkeit ringt, nicht doch eine kolossale Chance vertan? Wer in Rotterdam war, wird darauf nur eine vern\u00fcnftige Antwort finden k\u00f6nnen.<\/p>\n","protected":false},"excerpt":{"rendered":"Neulich ist das Tiefdepot des Germanischen Nationalmuseums er\u00f6ffnet worden, ein Riesending, die \u201egr\u00f6\u00dfte Bauma\u00dfnahme in diesem Jahrhundert\u201c f\u00fcr&hellip;\n","protected":false},"author":2,"featured_media":166969,"comment_status":"","ping_status":"","sticky":false,"template":"","format":"standard","meta":{"footnotes":""},"categories":[1775],"tags":[57729,1793,772,774,29,214,30,20530,1794,771,4156,46351,3783,30424,149,215],"class_list":{"0":"post-166968","1":"post","2":"type-post","3":"status-publish","4":"format-standard","5":"has-post-thumbnail","7":"category-kunst-und-design","8":"tag-architektur-in-bayern","9":"tag-art-and-design","10":"tag-bayern","11":"tag-csu","12":"tag-deutschland","13":"tag-entertainment","14":"tag-germany","15":"tag-kultur-in-bayern","16":"tag-kunst-und-design","17":"tag-markus-soeder","18":"tag-mittelfranken","19":"tag-museen-in-bayern","20":"tag-nuernberg","21":"tag-rotterdam","22":"tag-sueddeutsche-zeitung","23":"tag-unterhaltung"},"share_on_mastodon":{"url":"https:\/\/pubeurope.com\/@de\/114630411262168477","error":""},"_links":{"self":[{"href":"https:\/\/www.europesays.com\/de\/wp-json\/wp\/v2\/posts\/166968","targetHints":{"allow":["GET"]}}],"collection":[{"href":"https:\/\/www.europesays.com\/de\/wp-json\/wp\/v2\/posts"}],"about":[{"href":"https:\/\/www.europesays.com\/de\/wp-json\/wp\/v2\/types\/post"}],"author":[{"embeddable":true,"href":"https:\/\/www.europesays.com\/de\/wp-json\/wp\/v2\/users\/2"}],"replies":[{"embeddable":true,"href":"https:\/\/www.europesays.com\/de\/wp-json\/wp\/v2\/comments?post=166968"}],"version-history":[{"count":0,"href":"https:\/\/www.europesays.com\/de\/wp-json\/wp\/v2\/posts\/166968\/revisions"}],"wp:featuredmedia":[{"embeddable":true,"href":"https:\/\/www.europesays.com\/de\/wp-json\/wp\/v2\/media\/166969"}],"wp:attachment":[{"href":"https:\/\/www.europesays.com\/de\/wp-json\/wp\/v2\/media?parent=166968"}],"wp:term":[{"taxonomy":"category","embeddable":true,"href":"https:\/\/www.europesays.com\/de\/wp-json\/wp\/v2\/categories?post=166968"},{"taxonomy":"post_tag","embeddable":true,"href":"https:\/\/www.europesays.com\/de\/wp-json\/wp\/v2\/tags?post=166968"}],"curies":[{"name":"wp","href":"https:\/\/api.w.org\/{rel}","templated":true}]}}