{"id":167081,"date":"2025-06-05T12:03:10","date_gmt":"2025-06-05T12:03:10","guid":{"rendered":"https:\/\/www.europesays.com\/de\/167081\/"},"modified":"2025-06-05T12:03:10","modified_gmt":"2025-06-05T12:03:10","slug":"stuttgart-mitte-an-zivilbeamten-kokain-verkauft-handschellen-klicken-2","status":"publish","type":"post","link":"https:\/\/www.europesays.com\/de\/167081\/","title":{"rendered":"Stuttgart-Mitte: An Zivilbeamten Kokain verkauft \u2013 Handschellen klicken"},"content":{"rendered":"<p>\t\t\t\t\t\t\t\t\t\t\t\t\t\t\t\t\t\t\t\t\t\t\t\t\t\t\t\t      \t\t            \t\t             \t\t\t\t   \t\t\t\t\t   <img decoding=\"async\" id=\"article-image\" fetchpriority=\"high\" alt=\"Stuttgart-Mitte: An Zivilbeamten Kokain verkauft \u2013 Handschellen klicken\" title=\"Stuttgart-Mitte: An Zivilbeamten Kokain verkauft \u2013 Handschellen klicken\" src=\"https:\/\/www.europesays.com\/de\/wp-content\/uploads\/2025\/06\/media.media.635d49ee-3575-47b9-af56-8c3edc6d0970.16x9_700.jpg\" data-linkto=\"https:\/\/www.stuttgarter-nachrichten.de\/javascript:void(0);\"\/>\t\t\t\t\t\t\t\t\t\t\t\t\t\t\t\t\t\t\t\t\t\t\t\tDer Mann wollte einem Zivilpolizisten offenbar Kokain verkaufen. (Symbolbild)\u00a0Foto: dpa\t\t\t<\/p>\n<p>Ein 29-J\u00e4hriger will am Mittwoch in Stuttgart-Mitte Kokain an einen Passanten verkaufen, doch dieser entpuppt sich als Zivilpolizist. Der mutma\u00dfliche Dealer kommt ins Gef\u00e4ngnis.<\/p>\n<p> Polizeibeamte haben am Mittwoch einen 29 Jahre alten, mutma\u00dflichen <a href=\"https:\/\/www.stuttgarter-nachrichten.de\/thema\/Kokain\" title=\"Kokain\" class=\"art_thema\" target=\"_blank\" rel=\"noopener\">Kokain<\/a>-Dealer in <a href=\"https:\/\/www.stuttgarter-nachrichten.de\/thema\/Stuttgart-Mitte\" title=\"Stuttgart-Mitte\" class=\"art_thema\" target=\"_blank\" rel=\"noopener\">Stuttgart-Mitte<\/a> festgenommen. Der Verd\u00e4chtige sitzt mittlerweile in Untersuchungshaft.<\/p>\n<p>Wie die <a href=\"https:\/\/www.stuttgarter-nachrichten.de\/thema\/Polizei\" title=\"Polizei\" class=\"art_thema\" target=\"_blank\" rel=\"noopener\">Polizei<\/a> mitteilt, soll der 29-J\u00e4hrige gegen 17.35 Uhr einem zivil gekleideten Polizeibeamten im Bereich der Katharinenstra\u00dfe Kokain zum Kauf angeboten haben. Als der Mann anschlie\u00dfend kontrolliert wurde, fanden die Beamten eine weitere abgepackte Menge Kokain sowie mutma\u00dfliches Dealgeld. Die Polizisten nahmen den Mann daraufhin fest. <\/p>\n<p>Am Donnerstag wurde der 29-J\u00e4hrige auf Antrag der Staatsanwaltschaft Stuttgart einem Haftrichter vorgef\u00fchrt, der ihn ins Gef\u00e4ngnis schickte.<\/p>\n","protected":false},"excerpt":{"rendered":"Der Mann wollte einem Zivilpolizisten offenbar Kokain verkaufen. (Symbolbild)\u00a0Foto: dpa Ein 29-J\u00e4hriger will am Mittwoch in Stuttgart-Mitte Kokain&hellip;\n","protected":false},"author":2,"featured_media":167080,"comment_status":"","ping_status":"","sticky":false,"template":"","format":"standard","meta":{"footnotes":""},"categories":[1830],"tags":[1634,3364,29,22061,30,1346,121,8248,1441,18960],"class_list":{"0":"post-167081","1":"post","2":"type-post","3":"status-publish","4":"format-standard","5":"has-post-thumbnail","7":"category-stuttgart","8":"tag-baden-wuerttemberg","9":"tag-de","10":"tag-deutschland","11":"tag-drogendealer","12":"tag-germany","13":"tag-kokain","14":"tag-polizei","15":"tag-polizeibericht-stuttgart","16":"tag-stuttgart","17":"tag-stuttgart-mitte"},"share_on_mastodon":{"url":"https:\/\/pubeurope.com\/@de\/114630663014145087","error":""},"_links":{"self":[{"href":"https:\/\/www.europesays.com\/de\/wp-json\/wp\/v2\/posts\/167081","targetHints":{"allow":["GET"]}}],"collection":[{"href":"https:\/\/www.europesays.com\/de\/wp-json\/wp\/v2\/posts"}],"about":[{"href":"https:\/\/www.europesays.com\/de\/wp-json\/wp\/v2\/types\/post"}],"author":[{"embeddable":true,"href":"https:\/\/www.europesays.com\/de\/wp-json\/wp\/v2\/users\/2"}],"replies":[{"embeddable":true,"href":"https:\/\/www.europesays.com\/de\/wp-json\/wp\/v2\/comments?post=167081"}],"version-history":[{"count":0,"href":"https:\/\/www.europesays.com\/de\/wp-json\/wp\/v2\/posts\/167081\/revisions"}],"wp:featuredmedia":[{"embeddable":true,"href":"https:\/\/www.europesays.com\/de\/wp-json\/wp\/v2\/media\/167080"}],"wp:attachment":[{"href":"https:\/\/www.europesays.com\/de\/wp-json\/wp\/v2\/media?parent=167081"}],"wp:term":[{"taxonomy":"category","embeddable":true,"href":"https:\/\/www.europesays.com\/de\/wp-json\/wp\/v2\/categories?post=167081"},{"taxonomy":"post_tag","embeddable":true,"href":"https:\/\/www.europesays.com\/de\/wp-json\/wp\/v2\/tags?post=167081"}],"curies":[{"name":"wp","href":"https:\/\/api.w.org\/{rel}","templated":true}]}}