{"id":167111,"date":"2025-06-05T12:19:15","date_gmt":"2025-06-05T12:19:15","guid":{"rendered":"https:\/\/www.europesays.com\/de\/167111\/"},"modified":"2025-06-05T12:19:15","modified_gmt":"2025-06-05T12:19:15","slug":"architekt-frank-dittel-stuttgarter-design-fuer-deutschlands-hoechstes-restaurant-von-tim-raue","status":"publish","type":"post","link":"https:\/\/www.europesays.com\/de\/167111\/","title":{"rendered":"Architekt Frank Dittel: Stuttgarter Design f\u00fcr Deutschlands h\u00f6chstes Restaurant von Tim Raue"},"content":{"rendered":"<p>Der Blick nach drau\u00dfen ist spektakul\u00e4r, doch auch das Innere beeindruckt: Das Sphere, <a href=\"https:\/\/www.stuttgarter-zeitung.de\/inhalt.koeche-ranking-die-besten-desserts-kommen-aus-baiersbronn.07168deb-7e90-484d-8949-f7d936004022.html\" target=\"_blank\" rel=\"nofollow noopener\">Tim Raues<\/a> neuestes Restaurant, thront als Deutschlands h\u00f6chstes Lokal im Berliner <a href=\"https:\/\/www.stuttgarter-zeitung.de\/thema\/Fernsehturm\" title=\"Fernsehturm\" class=\"art_thema\" rel=\"nofollow noopener\" target=\"_blank\">Fernsehturm<\/a>. F\u00fcr die Innenarchitektur zeichnen DIA \u2013 Dittel Architekten aus <a href=\"https:\/\/www.stuttgarter-zeitung.de\/thema\/Stuttgart\" title=\"Stuttgart\" class=\"art_thema\" rel=\"nofollow noopener\" target=\"_blank\">Stuttgart<\/a> verantwortlich. Frank Dittel, Inhaber und Gesch\u00e4ftsf\u00fchrer von Dittel Architekten erkl\u00e4rt im <a href=\"https:\/\/www.stuttgarter-zeitung.de\/thema\/Interview\" title=\"Interview\" class=\"art_thema\" rel=\"nofollow noopener\" target=\"_blank\">Interview<\/a> die Herausforderung: \u201eDer Fernsehturm ist mehr als ein Bauwerk \u2013 er ist Teil der Berliner Seele. Diesem Anspruch wollten wir auch innenarchitektonisch gerecht werden.\u201c<\/p>\n","protected":false},"excerpt":{"rendered":"Der Blick nach drau\u00dfen ist spektakul\u00e4r, doch auch das Innere beeindruckt: Das Sphere, Tim Raues neuestes Restaurant, thront&hellip;\n","protected":false},"author":2,"featured_media":167112,"comment_status":"","ping_status":"","sticky":false,"template":"","format":"standard","meta":{"footnotes":"","_share_on_mastodon":"0"},"categories":[1775],"tags":[57750,1793,57751,29,57752,57753,214,7446,3593,30,2134,1794,1441,7445,215],"class_list":["post-167111","post","type-post","status-publish","format-standard","has-post-thumbnail","category-kunst-und-design","tag-architektu","tag-art-and-design","tag-berli","tag-deutschland","tag-dia","tag-dittel-architekt","tag-entertainment","tag-fernsehturm","tag-gastro","tag-germany","tag-interview","tag-kunst-und-design","tag-stuttgart","tag-tim-raue","tag-unterhaltung"],"share_on_mastodon":{"url":"https:\/\/pubeurope.com\/@de\/114630725630414818","error":""},"_links":{"self":[{"href":"https:\/\/www.europesays.com\/de\/wp-json\/wp\/v2\/posts\/167111","targetHints":{"allow":["GET"]}}],"collection":[{"href":"https:\/\/www.europesays.com\/de\/wp-json\/wp\/v2\/posts"}],"about":[{"href":"https:\/\/www.europesays.com\/de\/wp-json\/wp\/v2\/types\/post"}],"author":[{"embeddable":true,"href":"https:\/\/www.europesays.com\/de\/wp-json\/wp\/v2\/users\/2"}],"replies":[{"embeddable":true,"href":"https:\/\/www.europesays.com\/de\/wp-json\/wp\/v2\/comments?post=167111"}],"version-history":[{"count":0,"href":"https:\/\/www.europesays.com\/de\/wp-json\/wp\/v2\/posts\/167111\/revisions"}],"wp:featuredmedia":[{"embeddable":true,"href":"https:\/\/www.europesays.com\/de\/wp-json\/wp\/v2\/media\/167112"}],"wp:attachment":[{"href":"https:\/\/www.europesays.com\/de\/wp-json\/wp\/v2\/media?parent=167111"}],"wp:term":[{"taxonomy":"category","embeddable":true,"href":"https:\/\/www.europesays.com\/de\/wp-json\/wp\/v2\/categories?post=167111"},{"taxonomy":"post_tag","embeddable":true,"href":"https:\/\/www.europesays.com\/de\/wp-json\/wp\/v2\/tags?post=167111"}],"curies":[{"name":"wp","href":"https:\/\/api.w.org\/{rel}","templated":true}]}}