{"id":167183,"date":"2025-06-05T13:01:10","date_gmt":"2025-06-05T13:01:10","guid":{"rendered":"https:\/\/www.europesays.com\/de\/167183\/"},"modified":"2025-06-05T13:01:10","modified_gmt":"2025-06-05T13:01:10","slug":"eu-lieferkettengesetz-globale-verantwortung-mit-lieferkettenrichtlinie-staerken","status":"publish","type":"post","link":"https:\/\/www.europesays.com\/de\/167183\/","title":{"rendered":"EU-Lieferkettengesetz: Globale Verantwortung mit Lieferkettenrichtlinie st\u00e4rken"},"content":{"rendered":"<p>Um die f\u00fcr Unternehmen notwendige Planungs- und Rechtssicherheit zu gew\u00e4hrleisten, ist ein l\u00fcckenloser und unb\u00fcrokratischer \u00dcbergang vom deutschen Lieferkettensorgfaltspflichtengesetz zur europ\u00e4ischen Richtlinie zwingend notwendig. Darauf haben sich viele Unternehmen verlassen, die sich bereits vorausschauend auf den Weg hin zu mehr Fairness in den Lieferketten gemacht haben. Denn eine sozial-\u00f6kologische und resiliente Marktwirtschaft braucht fairen Wettbewerb und bringt Vorteile f\u00fcr die Wertsch\u00f6pfung von morgen mit sich.<\/p>\n<p>Mit seinem Vorsto\u00df, die Richtline ganz abschaffen zu wollen, f\u00e4llt Bundeskanzler Merz nicht nur der EU-Kommission und den vielen verantwortungsbewussten Unternehmen in den R\u00fccken, sondern widerspricht auch der Positionierung seiner eigenen Koalition. Bereits die im laufenden europ\u00e4ischen Omnibus-Verfahren \u2013 in welchem eine Vielzahl an Nachhaltigkeits-Gesetzen \u201evereinfacht\u201c werden sollen \u2013 vorgesehene Entkernung von Schutzstandards, h\u00e4tte weitreichende negative Folgen. Neben der bereits verz\u00f6gerten Umsetzung der EU-Lieferkettenrichtlinie, w\u00fcrde die vorgesehene Abschaffung der gesamteurop\u00e4isch einheitlichen zivilrechtlichen Haftung exemplarisch einen Flickenteppich an Haftungsnormen hinterlassen.<\/p>\n<p>F\u00fcr uns Gr\u00fcne im Bundestag steht fest: gut gemachter B\u00fcrokratieabbau hei\u00dft nicht Deregulierung, sondern Vereinfachung bei Erhalt des Schutzniveaus \u2013 ohne Aush\u00f6hlung von menschen-, arbeits- und umweltrechtlichen Standards f\u00fchren (\u201eSimplification not Deregulation\u201c). Grunds\u00e4tzlich muss das globale Wirtschafts- und Handelssystem gerechter werden und interne Kosten d\u00fcrfen nicht mehr unbegrenzt auf Kosten von Menschen und Natur externalisiert werden \u2013 auch mit Blick auf die internationale Glaubw\u00fcrdigkeit der EU. Deshalb ist es wichtig, dass die europ\u00e4ische Richtline konsequent umgesetzt und als Beitrag zur wirtschaftlich und geopolitisch notwendigen strategischen Resilienz Europas weitergef\u00fchrt und nicht kurzfristigen Interessen geopfert wird. Lieferkettentransparenz sch\u00fctzt Menschen vor Ausbeutung, schont nat\u00fcrliche Ressourcen und verringert operative und politische Risiken in Lieferketten.<\/p>\n","protected":false},"excerpt":{"rendered":"Um die f\u00fcr Unternehmen notwendige Planungs- und Rechtssicherheit zu gew\u00e4hrleisten, ist ein l\u00fcckenloser und unb\u00fcrokratischer \u00dcbergang vom deutschen&hellip;\n","protected":false},"author":2,"featured_media":167184,"comment_status":"","ping_status":"","sticky":false,"template":"","format":"standard","meta":{"footnotes":""},"categories":[3933],"tags":[331,332,1098,57787,548,663,158,3934,3935,13,57785,6969,130,14,15,57786,12,383,4412,55],"class_list":{"0":"post-167183","1":"post","2":"type-post","3":"status-publish","4":"format-standard","5":"has-post-thumbnail","7":"category-eu","8":"tag-aktuelle-nachrichten","9":"tag-aktuelle-news","10":"tag-buerokratie","11":"tag-csddd","12":"tag-eu","13":"tag-europa","14":"tag-europaeische-union","15":"tag-europe","16":"tag-european-union","17":"tag-headlines","18":"tag-kinderarbeit","19":"tag-lieferketten","20":"tag-menschenrechte","21":"tag-nachrichten","22":"tag-news","23":"tag-omnibus","24":"tag-schlagzeilen","25":"tag-umwelt","26":"tag-wettbewerb","27":"tag-wirtschaft"},"share_on_mastodon":{"url":"https:\/\/pubeurope.com\/@de\/114630891179259241","error":""},"_links":{"self":[{"href":"https:\/\/www.europesays.com\/de\/wp-json\/wp\/v2\/posts\/167183","targetHints":{"allow":["GET"]}}],"collection":[{"href":"https:\/\/www.europesays.com\/de\/wp-json\/wp\/v2\/posts"}],"about":[{"href":"https:\/\/www.europesays.com\/de\/wp-json\/wp\/v2\/types\/post"}],"author":[{"embeddable":true,"href":"https:\/\/www.europesays.com\/de\/wp-json\/wp\/v2\/users\/2"}],"replies":[{"embeddable":true,"href":"https:\/\/www.europesays.com\/de\/wp-json\/wp\/v2\/comments?post=167183"}],"version-history":[{"count":0,"href":"https:\/\/www.europesays.com\/de\/wp-json\/wp\/v2\/posts\/167183\/revisions"}],"wp:featuredmedia":[{"embeddable":true,"href":"https:\/\/www.europesays.com\/de\/wp-json\/wp\/v2\/media\/167184"}],"wp:attachment":[{"href":"https:\/\/www.europesays.com\/de\/wp-json\/wp\/v2\/media?parent=167183"}],"wp:term":[{"taxonomy":"category","embeddable":true,"href":"https:\/\/www.europesays.com\/de\/wp-json\/wp\/v2\/categories?post=167183"},{"taxonomy":"post_tag","embeddable":true,"href":"https:\/\/www.europesays.com\/de\/wp-json\/wp\/v2\/tags?post=167183"}],"curies":[{"name":"wp","href":"https:\/\/api.w.org\/{rel}","templated":true}]}}