{"id":167820,"date":"2025-06-05T18:44:17","date_gmt":"2025-06-05T18:44:17","guid":{"rendered":"https:\/\/www.europesays.com\/de\/167820\/"},"modified":"2025-06-05T18:44:17","modified_gmt":"2025-06-05T18:44:17","slug":"was-inhaber-von-tickets-dringend-wissen-sollten","status":"publish","type":"post","link":"https:\/\/www.europesays.com\/de\/167820\/","title":{"rendered":"Was Inhaber von Tickets dringend wissen sollten"},"content":{"rendered":"<p>F\u00fcr das Konzert in D\u00fcsseldorf <\/p>\n<p>Was Inhaber von AC\/DC-Tickets jetzt wissen sollten<\/p>\n<p>Aktualisiert am 05.06.2025 &#8211; 16:14 UhrLesedauer: 2 Min.<\/p>\n<p><a href=\"#focus-0\" class=\"transition-colors duration-200 focus-within:text-magenta block text-current relative\" data-sctrack=\"FocusGalleryImage.Reference\"><img fetchpriority=\"high\" data-testid=\"Opener.Image\" style=\"--lqipURL:url('https:\/\/images.t-online.de\/2025\/06\/cxLTgrsewFqP\/0x233:4000x2250\/fit-in\/150x0\/filters:blur(25)\/saenger-brian-johnson-und-angus-young-bei-einem-konzert-zuletzt-in-italien-bald-kommt-ac-dc-nach-duesseldorf.jpg')\"   loading=\"eager\" src=\"https:\/\/www.europesays.com\/de\/wp-content\/uploads\/2025\/06\/saenger-brian-johnson-und-angus-young-bei-einem-konzert-zuletzt-in-italien-bald-kommt-ac-dc-nach-due.jpeg\" alt=\"imago images 0481144151\" title=\"imago images 0481144151\" width=\"4000\" height=\"2250\" class=\"bg-[url:var(--lqipURL)] bg-cover bg-center flex w-full max-w-full h-full\" decoding=\"async\"\/><img style=\"--width:32;--height:32\" loading=\"lazy\" src=\"https:\/\/www.europesays.com\/de\/wp-content\/uploads\/2025\/05\/zoom-in.f7dae02f.svg.svg+xml\" alt=\"Vergr\u00f6\u00dfern des Bildes\" title=\"Vergr\u00f6\u00dfern des Bildes\" class=\"&#10;        block&#10;        h-[calc(var(--height)_\/_16_*_1rem)]&#10;        w-[calc(var(--width)_\/_16_*_1rem)]&#10;        max-w-none&#10;        absolute bottom-8 right-8 rounded-4 bg-snow p-8\" decoding=\"async\"\/><\/a><\/p>\n<p>S\u00e4nger Brian Johnson und Angus Young bei einem Konzert zuletzt in Italien: Bald kommen AC\/DC nach D\u00fcsseldorf. (Quelle: Michele Nucci\/imago-images-bilder)<\/p>\n<p class=\"font-bold text-18 leading-17\">Karteninhaber m\u00fcssen sich aufgrund des AC\/DC-Umzugs in die Arena um ein Umtauschticket k\u00fcmmern. Ansonsten kann der Konzertbesuch zur Entt\u00e4uschung werden.<\/p>\n<p class=\"text-18 leading-17\">Die Fans werden vom Concert Team NRW dringend gebeten, die gekauften Eintrittkarten &#8222;schnellstm\u00f6glich durch ein Umtauschticket zu erg\u00e4nzen und sich so im Vorfeld bestm\u00f6gliche, zusammenh\u00e4ngende Pl\u00e4tze zu sichern&#8220;.<\/p>\n<p class=\"text-18 leading-17\">Nur so k\u00f6nne der Zugang zum Konzert ohne lange Wartezeit vor Ort gew\u00e4hrleistet werden. Zudem sei beim Umtausch am Veranstaltungstag selbst keine Wunschplatzbuchung mehr m\u00f6glich. Ausgenommen vom Umtauschverfahren sind laut Veranstalter die &#8222;Golden Circle-Tickets&#8220;, die auch ohne Erg\u00e4nzungsticket f\u00fcr die Arena g\u00fcltig sind.<\/p>\n<p class=\"text-18 leading-17\">Die n\u00e4heren Informationen zum Umtauschprocedere finden Sie <a rel=\"nofollow noopener\" target=\"_blank\" class=\"transition-colors duration-200 cursor-pointer text-inherit no-underline text-salemsfur md:hover:text-magenta md:hover:border-magenta md:focus:text-magenta border-current border-b border-solid break-words\" href=\"https:\/\/www.concertteam.de\/events\/ac-dc-2025-07-08\" data-sctrack=\"BodyAnchor\">hier<\/a>.<\/p>\n<p class=\"text-18 leading-17\">In der Arena finde das Konzert \u2013 anders als im Open-Air-Park \u2013 \u00fcberdacht und wetterunabh\u00e4ngig &#8222;bei optimalen Bedingungen&#8220; statt. Zudem biete das Stadion komfortable Sitzpl\u00e4tze und eine n\u00e4here Publikumsanbindung an die B\u00fchne \u2013 &#8222;f\u00fcr ein intensiveres Live-Erlebnis&#8220;, hei\u00dft es. Au\u00dferdem seien die Wege in der Arena k\u00fcrzer und auch der Sound profitiere von der geschlossenen Bauweise.<\/p>\n<p class=\"text-18 leading-17\">Die Fans k\u00f6nnen sich somit auf AC\/DC in der Arena freuen, doch Werbung f\u00fcr den neuen Open-Air-Park sind die vom Veranstalter aufgelisteten Vorteile nicht.<\/p>\n","protected":false},"excerpt":{"rendered":"F\u00fcr das Konzert in D\u00fcsseldorf Was Inhaber von AC\/DC-Tickets jetzt wissen sollten Aktualisiert am 05.06.2025 &#8211; 16:14 UhrLesedauer:&hellip;\n","protected":false},"author":2,"featured_media":167821,"comment_status":"","ping_status":"","sticky":false,"template":"","format":"standard","meta":{"footnotes":""},"categories":[1831],"tags":[1145,1142,57929,3364,29,3405,29974,30,36606,1209,43101,57928],"class_list":{"0":"post-167820","1":"post","2":"type-post","3":"status-publish","4":"format-standard","5":"has-post-thumbnail","7":"category-duesseldorf","8":"tag-ac-dc","9":"tag-angus-young","10":"tag-brian-johnson","11":"tag-de","12":"tag-deutschland","13":"tag-duesseldorf","14":"tag-eintrittskarte","15":"tag-germany","16":"tag-merkur-spiel-arena","17":"tag-nordrhein-westfalen","18":"tag-ticketpreis","19":"tag-umtauschticket"},"share_on_mastodon":{"url":"https:\/\/pubeurope.com\/@de\/114632239844053113","error":""},"_links":{"self":[{"href":"https:\/\/www.europesays.com\/de\/wp-json\/wp\/v2\/posts\/167820","targetHints":{"allow":["GET"]}}],"collection":[{"href":"https:\/\/www.europesays.com\/de\/wp-json\/wp\/v2\/posts"}],"about":[{"href":"https:\/\/www.europesays.com\/de\/wp-json\/wp\/v2\/types\/post"}],"author":[{"embeddable":true,"href":"https:\/\/www.europesays.com\/de\/wp-json\/wp\/v2\/users\/2"}],"replies":[{"embeddable":true,"href":"https:\/\/www.europesays.com\/de\/wp-json\/wp\/v2\/comments?post=167820"}],"version-history":[{"count":0,"href":"https:\/\/www.europesays.com\/de\/wp-json\/wp\/v2\/posts\/167820\/revisions"}],"wp:featuredmedia":[{"embeddable":true,"href":"https:\/\/www.europesays.com\/de\/wp-json\/wp\/v2\/media\/167821"}],"wp:attachment":[{"href":"https:\/\/www.europesays.com\/de\/wp-json\/wp\/v2\/media?parent=167820"}],"wp:term":[{"taxonomy":"category","embeddable":true,"href":"https:\/\/www.europesays.com\/de\/wp-json\/wp\/v2\/categories?post=167820"},{"taxonomy":"post_tag","embeddable":true,"href":"https:\/\/www.europesays.com\/de\/wp-json\/wp\/v2\/tags?post=167820"}],"curies":[{"name":"wp","href":"https:\/\/api.w.org\/{rel}","templated":true}]}}