{"id":167861,"date":"2025-06-05T19:05:12","date_gmt":"2025-06-05T19:05:12","guid":{"rendered":"https:\/\/www.europesays.com\/de\/167861\/"},"modified":"2025-06-05T19:05:12","modified_gmt":"2025-06-05T19:05:12","slug":"wie-viel-verdienen-flaschensammler-beim-festival","status":"publish","type":"post","link":"https:\/\/www.europesays.com\/de\/167861\/","title":{"rendered":"Wie viel verdienen Flaschensammler beim Festival?"},"content":{"rendered":"<p class=\"font-bold text-18 leading-17\">Unz\u00e4hlige Flaschensammler sind w\u00e4hrend Rock im Park rund um das Gel\u00e4nde unterwegs. Alle haben ihre eigene Geschichte und alle haben etwas anderes mit dem Geld vor.<\/p>\n<p class=\"text-18 leading-17\">Nicht nur bei Rock im Park, sondern auch schon vor dem offiziellen Festivalgel\u00e4nde flie\u00dft das Bier. Deshalb sind w\u00e4hrenddessen unz\u00e4hlige Pfandflaschensammler rund um Zeppelinfeld und Dutzendteich unterwegs.<\/p>\n<p class=\"text-18 leading-17\">2024 h\u00e4tten sie nicht unterschiedlicher sein k\u00f6nnen: Manche sind im Rentenalter gewesen, andere sind noch Sch\u00fcler, einige kommen direkt aus <a class=\"transition-colors duration-200 cursor-pointer text-inherit no-underline text-salemsfur md:hover:text-magenta md:hover:border-magenta md:focus:text-magenta border-current border-b border-solid break-words\" href=\"https:\/\/www.t-online.de\/region\/nuernberg\/\" data-sctrack=\"BodyAnchor\" target=\"_blank\" rel=\"noopener\">N\u00fcrnberg<\/a>, andere sind eigens Hunderte Kilometer angereist. t-online haben sie im vergangenen Jahr verraten, wie viel sie verdienen und was sie nach dem Festival mit dem Geld machen.<\/p>\n<p class=\"text-18 leading-17\">Eine Frau im Rentenalter hatte sich etwa auf der Gro\u00dfen Stra\u00dfe positioniert. Einige Meter weiter liegt einer der Haupteing\u00e4nge zum legend\u00e4ren Park. Vor ihr stand ein halber Sack, gef\u00fcllt mit Bierdosen. Sie wohne in der N\u00e4he und sei zum ersten Mal da, sagte sie. Wie viel Geld sie hier verdient? Dar\u00fcber wollte die Frau nicht sprechen. Die Konkurrenz sei gro\u00df, sagte sie nur.<\/p>\n<p class=\"text-18 leading-17\">Nur wenige Meter weiter sa\u00dfen ein Mann und eine Frau zusammen mit ihrer H\u00fcndin. &#8222;Pet the Dog for Pfand&#8220; stand auf einem Schild vor ihnen. Sie stellten sich als Rahel und Aux vor, ihre Vierbeinerin h\u00f6rt auf den Namen Emelie. Sie seien nicht das erste Mal bei Rock im Park zum Flaschensammeln, erz\u00e4hlten sie. 100 bis 150 Euro w\u00fcrden sie pro Tag einnehmen. In der Vergangenheit habe sie sich so ihr Ticket finanziert, sagte Rahel.<\/p>\n<p class=\"text-18 leading-17\">2024 h\u00f6rten die beiden Green Day, Kraftklub und Die \u00c4rzte nur aus der Ferne. Das Geld brauchten sie anderweitig \u2013 es komme ausschlie\u00dflich H\u00fcndin Emelie zugute, sagten sie. &#8222;Die Tierarztrechnungen sind teuer. Wir m\u00fcssen halt schauen, wie wir sie bezahlen&#8220;, erkl\u00e4rte Aux, der wie Rahel aus dem N\u00fcrnberger Umland kommt.<\/p>\n<p class=\"text-18 leading-17\">Wieder ein paar Meter weiter, direkt am Eingang, sa\u00dfen die, die wohl Jahr f\u00fcr Jahr die allermeisten Flaschen \u00fcberhaupt sammeln \u2013 ohne etwas zu verdienen. Die Frauen dort sind n\u00e4mlich f\u00fcr den Verein &#8222;Lebensmittel retten &amp; mehr&#8220; da. Jasmin Beyer erz\u00e4hlte 2024, dass sie schon seit sieben Jahren bei Rock im Park sammeln \u2013 f\u00fcr Obdachlose, Hilfsbed\u00fcrftige und Arme in N\u00fcrnberg.<\/p>\n<p class=\"text-18 leading-17\">Neben Pfandflaschen nehmen sie auch alles an, was die Besucher nach dem Festival nicht mehr mit nach Hause nehmen wollen, aber noch zu gut f\u00fcr den M\u00fcll ist \u2013 von Konserven, \u00fcber Zelte bis zu Schlafs\u00e4cken. &#8222;Das alles ist perfekt f\u00fcr Menschen, die drau\u00dfen leben m\u00fcssen&#8220;, sagt <a class=\"transition-colors duration-200 cursor-pointer text-inherit no-underline text-salemsfur md:hover:text-magenta md:hover:border-magenta md:focus:text-magenta border-current border-b border-solid break-words\" href=\"https:\/\/www.t-online.de\/finanzen\/boerse\/aktien\/bayer-aktie\/de000bay0017\/\" data-sctrack=\"BodyAnchor\" target=\"_blank\" rel=\"noopener\">Bayer<\/a>.<\/p>\n<p class=\"text-18 leading-17\">Die ehrenamtlichen Helfer sitzen w\u00e4hrend des Festivals rund um die Uhr am Stand \u2013 im Zwei-Schicht-System. 2024 haben sie mehr als 10.000 Pfandflaschen gesammelt. So kamen 2.500 Euro zusammen.<\/p>\n<p class=\"text-18 leading-17\">Auch in diesem Jahr wird der Verein wieder dabei sein. Nicht allen scheint ihr Einsatz zu gefallen. &#8222;Es gibt hier Pfandbanden, die uns schon beleidigt und bespuckt haben&#8220;, sagt Beyer \u2013 deshalb steht ihr Stand auch in diesem Jahr direkt neben dem Sicherheitsdienst.<\/p>\n<p class=\"text-18 leading-17\">\u00dcber solche Probleme konnten sich Andreas (14) und sein Bruder Matthias (16) 2024 zum Gl\u00fcck nicht beschweren. Die beiden Sch\u00fcler wohnen direkt ums Eck und hatten im vergangenen Jahr gemeinsam mit drei Freunden auf der anderen Seite des Dutzendteichs Position bezogen. Andreas erz\u00e4hlte, dass sie das schon zum zweiten Mal gemacht haben. &#8222;Manche meiner Mitsch\u00fcler sagen, das ist toll, andere finden es peinlich. Mir ist das aber egal&#8220;, sagte Andreas. Sie verdienten sich halt hier etwas dazu \u2013 und das sei doch besser, als wenn die Pfandflaschen nur herumliegen w\u00fcrden.<\/p>\n","protected":false},"excerpt":{"rendered":"Unz\u00e4hlige Flaschensammler sind w\u00e4hrend Rock im Park rund um das Gel\u00e4nde unterwegs. Alle haben ihre eigene Geschichte und&hellip;\n","protected":false},"author":2,"featured_media":167862,"comment_status":"","ping_status":"","sticky":false,"template":"","format":"standard","meta":{"footnotes":""},"categories":[1772],"tags":[296,2326,29,214,5561,30,23270,1779,810,3783,41264,215],"class_list":{"0":"post-167861","1":"post","2":"type-post","3":"status-publish","4":"format-standard","5":"has-post-thumbnail","7":"category-musik","8":"tag-berlin","9":"tag-bier","10":"tag-deutschland","11":"tag-entertainment","12":"tag-festival","13":"tag-germany","14":"tag-huendin","15":"tag-music","16":"tag-musik","17":"tag-nuernberg","18":"tag-rock-im-park","19":"tag-unterhaltung"},"share_on_mastodon":{"url":"https:\/\/pubeurope.com\/@de\/114632322336121966","error":""},"_links":{"self":[{"href":"https:\/\/www.europesays.com\/de\/wp-json\/wp\/v2\/posts\/167861","targetHints":{"allow":["GET"]}}],"collection":[{"href":"https:\/\/www.europesays.com\/de\/wp-json\/wp\/v2\/posts"}],"about":[{"href":"https:\/\/www.europesays.com\/de\/wp-json\/wp\/v2\/types\/post"}],"author":[{"embeddable":true,"href":"https:\/\/www.europesays.com\/de\/wp-json\/wp\/v2\/users\/2"}],"replies":[{"embeddable":true,"href":"https:\/\/www.europesays.com\/de\/wp-json\/wp\/v2\/comments?post=167861"}],"version-history":[{"count":0,"href":"https:\/\/www.europesays.com\/de\/wp-json\/wp\/v2\/posts\/167861\/revisions"}],"wp:featuredmedia":[{"embeddable":true,"href":"https:\/\/www.europesays.com\/de\/wp-json\/wp\/v2\/media\/167862"}],"wp:attachment":[{"href":"https:\/\/www.europesays.com\/de\/wp-json\/wp\/v2\/media?parent=167861"}],"wp:term":[{"taxonomy":"category","embeddable":true,"href":"https:\/\/www.europesays.com\/de\/wp-json\/wp\/v2\/categories?post=167861"},{"taxonomy":"post_tag","embeddable":true,"href":"https:\/\/www.europesays.com\/de\/wp-json\/wp\/v2\/tags?post=167861"}],"curies":[{"name":"wp","href":"https:\/\/api.w.org\/{rel}","templated":true}]}}