{"id":168188,"date":"2025-06-05T22:07:19","date_gmt":"2025-06-05T22:07:19","guid":{"rendered":"https:\/\/www.europesays.com\/de\/168188\/"},"modified":"2025-06-05T22:07:19","modified_gmt":"2025-06-05T22:07:19","slug":"naerrische-strassenbahn-8000-euro-an-spenden-uebergeben-ludwigshafen","status":"publish","type":"post","link":"https:\/\/www.europesays.com\/de\/168188\/","title":{"rendered":"N\u00e4rrische Stra\u00dfenbahn: 8000 Euro an Spenden \u00fcbergeben &#8211; Ludwigshafen"},"content":{"rendered":"<p><b\/>Rund 8000 Euro  Spenden sind bei der N\u00e4rrischen Stra\u00dfenbahn zusammengekommen. Das Geld haben Sozialdezernentin <a class=\"rtr-entity\" data-rtr-entity=\"Beate Steeg\" data-rtr-id=\"83b9e9f83d28dcc66ae7ecb2d63a88fa2f26ac07\" data-rtr-score=\"13.367158671586717\" data-rtr-etype=\"person\" data-rtr-index=\"10\" href=\"https:\/\/www.rheinpfalz.de\/themen\/beate-steeg?utm_source=rheinpfalz.de&amp;utm_medium=tms&amp;utm_campaign=intext\" rel=\"nofollow noopener\" target=\"_blank\">Beate Steeg<\/a> (SPD) und mehrere Fasnachtsvereine am Donnerstagnachmittag im Mayerbr\u00e4u in  <a class=\"rtr-entity\" data-rtr-entity=\"Oggersheim\" data-rtr-id=\"084ad114a225e498afc3b386c5e5f63e683009eb\" data-rtr-score=\"6.074723247232472\" data-rtr-etype=\"location\" data-rtr-index=\"13\" href=\"https:\/\/www.rheinpfalz.de\/themen\/ludwigshafen-oggersheim?utm_source=rheinpfalz.de&amp;utm_medium=tms&amp;utm_campaign=intext\" rel=\"nofollow noopener\" target=\"_blank\">Oggersheim<\/a> an die Spendenempf\u00e4nger \u00fcbergeben. Mit dabei waren Vertreter der Karnevalsvereine \u201eKlotzgrumbeer\u201c aus <a class=\"rtr-entity\" data-rtr-entity=\"Rheing\u00f6nheim\" data-rtr-id=\"7176624403b1127012d36b8ee495c728e2b89f1c\" data-rtr-score=\"15.878690036900368\" data-rtr-etype=\"location\" data-rtr-index=\"5\" href=\"https:\/\/www.rheinpfalz.de\/themen\/ludwigshafen-rheingoenheim?utm_source=rheinpfalz.de&amp;utm_medium=tms&amp;utm_campaign=intext\" rel=\"nofollow noopener\" target=\"_blank\">Rheing\u00f6nheim<\/a>, \u201eObbarer Dambnudle\u201c aus <a class=\"rtr-entity\" data-rtr-entity=\"Oppau\" data-rtr-id=\"02068ec3bc826c6283260f202d23487b0d42677b\" data-rtr-score=\"10.059963099630998\" data-rtr-etype=\"location\" data-rtr-index=\"20\" href=\"https:\/\/www.rheinpfalz.de\/themen\/ludwigshafen-oppau?utm_source=rheinpfalz.de&amp;utm_medium=tms&amp;utm_campaign=intext\" rel=\"nofollow noopener\" target=\"_blank\">Oppau<\/a> und \u201eDie Wasserhinkle\u201c aus <a class=\"rtr-entity\" data-rtr-entity=\"Altrip\" data-rtr-id=\"435368e0e6153f0699217175ba574d5615302c58\" data-rtr-score=\"9.603321033210332\" data-rtr-etype=\"location\" data-rtr-index=\"18\" href=\"https:\/\/www.rheinpfalz.de\/themen\/altrip?utm_source=rheinpfalz.de&amp;utm_medium=tms&amp;utm_campaign=intext\" rel=\"nofollow noopener\" target=\"_blank\">Altrip<\/a>. Im Betrag enthalten sind  Spenden der Sparkasse Vorderpfalz, der VR Bank Rhein-Neckar  sowie der GAG <a class=\"rtr-entity\" data-rtr-entity=\"Ludwigshafen\" data-rtr-id=\"26b4406521e36b503c690e53e1b9dec3bdb26dfe\" data-rtr-score=\"16.190036900369\" data-rtr-etype=\"location\" data-rtr-index=\"3\" href=\"https:\/\/www.rheinpfalz.de\/lokal\/ludwigshafen.html?utm_source=rheinpfalz.de&amp;utm_medium=tms&amp;utm_campaign=intext\" rel=\"nofollow noopener\" target=\"_blank\">Ludwigshafen<\/a> in H\u00f6he von jeweils  1000 Euro. Ein Anteil von 2000 Euro geht an Kinderg\u00e4rten in Rheing\u00f6nheim. Weitere 2000 Euro kommen  Kinderg\u00e4rten in Altrip zugute.  2000 Euro erh\u00e4lt auch  die Jugendfarm Pfingstweide und ebenfalls 2000 Euro  die Palliativabteilung des Klinikums Ludwigshafen. Die N\u00e4rrische Stra\u00dfenbahn f\u00e4hrt seit 1984 in der Fasnachtszeit durch Ludwigshafen und pendelt an einem Tag zwischen den Endhaltestellen in Oppau und Rheing\u00f6nheim. Die drei ausrichtenden Fasnachtsvereine haben laut Mitteilung seitdem 130.000 Euro an Spenden f\u00fcr soziale Zwecke  gesammelt. <\/p>\n","protected":false},"excerpt":{"rendered":"Rund 8000 Euro Spenden sind bei der N\u00e4rrischen Stra\u00dfenbahn zusammengekommen. Das Geld haben Sozialdezernentin Beate Steeg (SPD) und&hellip;\n","protected":false},"author":2,"featured_media":168189,"comment_status":"","ping_status":"","sticky":false,"template":"","format":"standard","meta":{"footnotes":""},"categories":[1845],"tags":[45352,1634,58003,3364,29,548,663,3934,30,13,4060,25476,2096,14,15,27789,58004,5206,44981,12,184,11032,4900],"class_list":{"0":"post-168188","1":"post","2":"type-post","3":"status-publish","4":"format-standard","5":"has-post-thumbnail","7":"category-mannheim","8":"tag-altrip","9":"tag-baden-wuerttemberg","10":"tag-beate-steeg","11":"tag-de","12":"tag-deutschland","13":"tag-eu","14":"tag-europa","15":"tag-europe","16":"tag-germany","17":"tag-headlines","18":"tag-lokal","19":"tag-ludwigshafen","20":"tag-mannheim","21":"tag-nachrichten","22":"tag-news","23":"tag-oggersheim","24":"tag-oppau","25":"tag-rhein","26":"tag-rheingoenheim","27":"tag-schlagzeilen","28":"tag-spd","29":"tag-spende","30":"tag-strassenbahn"},"share_on_mastodon":{"url":"https:\/\/pubeurope.com\/@de\/114633037902835247","error":""},"_links":{"self":[{"href":"https:\/\/www.europesays.com\/de\/wp-json\/wp\/v2\/posts\/168188","targetHints":{"allow":["GET"]}}],"collection":[{"href":"https:\/\/www.europesays.com\/de\/wp-json\/wp\/v2\/posts"}],"about":[{"href":"https:\/\/www.europesays.com\/de\/wp-json\/wp\/v2\/types\/post"}],"author":[{"embeddable":true,"href":"https:\/\/www.europesays.com\/de\/wp-json\/wp\/v2\/users\/2"}],"replies":[{"embeddable":true,"href":"https:\/\/www.europesays.com\/de\/wp-json\/wp\/v2\/comments?post=168188"}],"version-history":[{"count":0,"href":"https:\/\/www.europesays.com\/de\/wp-json\/wp\/v2\/posts\/168188\/revisions"}],"wp:featuredmedia":[{"embeddable":true,"href":"https:\/\/www.europesays.com\/de\/wp-json\/wp\/v2\/media\/168189"}],"wp:attachment":[{"href":"https:\/\/www.europesays.com\/de\/wp-json\/wp\/v2\/media?parent=168188"}],"wp:term":[{"taxonomy":"category","embeddable":true,"href":"https:\/\/www.europesays.com\/de\/wp-json\/wp\/v2\/categories?post=168188"},{"taxonomy":"post_tag","embeddable":true,"href":"https:\/\/www.europesays.com\/de\/wp-json\/wp\/v2\/tags?post=168188"}],"curies":[{"name":"wp","href":"https:\/\/api.w.org\/{rel}","templated":true}]}}