{"id":168505,"date":"2025-06-06T01:08:14","date_gmt":"2025-06-06T01:08:14","guid":{"rendered":"https:\/\/www.europesays.com\/de\/168505\/"},"modified":"2025-06-06T01:08:14","modified_gmt":"2025-06-06T01:08:14","slug":"fuer-turnier-in-der-slowakei-ohne-scherhant-und-schenk-dfb-gibt-kader-fuer-u21-em-bekannt","status":"publish","type":"post","link":"https:\/\/www.europesays.com\/de\/168505\/","title":{"rendered":"F\u00fcr Turnier in der Slowakei: Ohne Scherhant und Schenk &#8211; DFB gibt Kader f\u00fcr U21-EM bekannt"},"content":{"rendered":"<p class=\"metatextline\">Stand: 05.06.2025 18:19 Uhr<\/p>\n<p class=\"textabsatz columns twelve  m-ten  m-offset-one l-eight l-offset-two\">\n        <strong>Derry Scherhant fehlt, Nick Woltemade reist sp\u00e4ter an: U21-Nationaltrainer Antonio Di Salvo hat seinen endg\u00fcltigen Kader f\u00fcr die Fu\u00dfball-Europameisterschaft benannt. <\/strong>\n    <\/p>\n<p class=\"textabsatz m-ten m-offset-one l-eight l-offset-two columns twelve\"><a href=\"https:\/\/www.sportschau.de\/fussball\/u21\/deutschlands-u21-muss-vorerst-auf-jeltsch-verzichten,verletzung-jeltsch-dfb-u21-100.html\" title=\"Entz\u00fcndung am Unterschenkel: Deutschlands U21 muss vorerst auf Jeltsch verzichten\" target=\"_blank\" rel=\"noopener\">Nach dem verletzungsbedingten Aus von Finn Jeltsch vom VfB Stuttgart<\/a> strich Di Salvo an seinem 46. Geburtstag zwei weitere Spieler aus dem Aufgebot. F\u00fcr Torh\u00fcter Johannes Schenk von Preu\u00dfen M\u00fcnster und St\u00fcrmer Derry Scherhant von Hertha BSC hat sich die Hoffnung auf eine Teilnahme an der EM-Endrunde vom 11. bis 28. Juni in der Slowakei zerschlagen.\u00a0<\/p>\n<p>    Torh\u00fcter-Entscheidung abgenommen<\/p>\n<p class=\"textabsatz m-ten m-offset-one l-eight l-offset-two columns twelve\">&#8222;Bei den Torh\u00fctern wurde uns die Entscheidung abgenommen&#8220;, sagte Di Salvo laut Mitteilung vom Donnerstag (05.06.2025). &#8222;Johannes Schenk hat sich gegen Ende des Trainingslagers an der Hand verletzt, er ben\u00f6tigt eine Pause. Insofern ist klar, dass Nahuel Noll als dritter Torh\u00fcter mitfahren wird.&#8220;<\/p>\n<p class=\"textabsatz m-ten m-offset-one l-eight l-offset-two columns twelve\">\nNoll war in der vergangenen Saison von der TSG Hoffenheim an die SpVgg Greuther F\u00fcrth ausgeliehen. Er wird bei der EM die Nummer 3 im Tor. Der Freiburger Noah Atubolu reist als Nummer 1 zur Endrunde, Tjark Ernst von Hertha BSC ist sein Vertreter.<\/p>\n<p>    Woltemade st\u00f6\u00dft in der Slowakei zur U21<\/p>\n<p class=\"textabsatz m-ten m-offset-one l-eight l-offset-two columns twelve\">\nAm Pfingstsonntag reist die U21 in die Slowakei und wird in Modra n\u00f6rdlich von Bratislava ihr Teamquartier beziehen. Dort wird auch Nick Woltemande, Spielmacher und Torj\u00e4ger zugleich, zur Mannschaft sto\u00dfen. <a href=\"https:\/\/www.sportschau.de\/regional\/swr\/swr-dfb-mit-kehrtwende-nick-woltemade-bleibt-bei-der-nationalmannschaft-100.html\" title=\"Kehrtwende beim DFB: Woltemade bleibt f\u00fcr Spiel um Platz drei bei A-Nationalmannschaft\" target=\"_blank\" rel=\"noopener\">Er bleibt nach seinem Deb\u00fct bei der A-Nationalmannschaft bis nach dem Spiel um Platz drei beim Team von Julian Nagelsmann. Erst dann wird er zur U21 reisen.<\/a><\/p>\n<p>    U21 verliert letzten Test vor EM<\/p>\n<p class=\"textabsatz m-ten m-offset-one l-eight l-offset-two columns twelve\">&#8222;Wir hatten eine rundum gelungene Vorbereitung&#8220;, sagte Di Salvo. Stunden sp\u00e4ter verlor Deutschland in 4&#215;30 Minuten Spielzeit den letzten Test vor der EM-Endrunde allerdings gegen Finnland. Zuschauer waren nicht zugelassen. Laut DFB-Angaben erzielte beim 1:2 (0:0, 0:0, 1:1, 0:1) Caspar Jander das Tor f\u00fcr Deutschland.<\/p>\n<p>    In der Vorrunde geht es auch gegen England<\/p>\n<p class=\"textabsatz m-ten m-offset-one l-eight l-offset-two columns twelve\">\nBei der Endrunde trifft die U21 des DFB in der Vorrunde auf Slowenien (12. Juni), Tschechien (15. Juni) und England (18. Juni). Die beiden Gruppenersten qualifizieren sich f\u00fcr das Viertelfinale. Das Finale findet am 28. Juni in Bratislava statt.<\/p>\n<p>    Der EM-Kader von Deutschlands U21<\/p>\n<p class=\"textabsatz m-ten m-offset-one l-eight l-offset-two columns twelve\"><strong>Tor: <\/strong>Noah Atubolu (SC Freiburg), Tjark Ernst (Hertha BSC), Nahuel Noll (SpVgg Greuther F\u00fcrth).<br \/><strong>Abwehr: <\/strong>Bright Arrey-Mbi (Sporting Braga), Elias Baum (SV Elversberg), Nathaniel Brown (Eintracht Frankfurt), Nmandi Collins (Eintracht Frankfurt), Tim Oermann (VfL Bochum), Max Rosenfelder (SC Freiburg), Jamil Siebert (Fortuna D\u00fcsseldorf), Lukas Ullrich (Borussia M\u00f6nchengladbach).<br \/><strong>Mittelfeld: <\/strong>Brajan Gruda (Brighton&amp;Hove Albion), Caspar Jander (1. FC N\u00fcrnberg), Ansgar Knauff (Eintracht Frankfurt), Eric Martel (1. FC K\u00f6ln), Paul Nebel (1. FSV Mainz 05), Rocco Reitz (Borussia M\u00f6nchengladbach), Merlin R\u00f6hl (SC Freiburg), Jan Thielmann\u00a0(1. FC K\u00f6ln), Paul Wanner\u00a0(1. FC Heidenheim).<br \/><strong>Angriff: <\/strong>Nicol\u00f2 Tresoldi (Hannover 96), Nelson Weiper\u00a0(1. FSV Mainz 05), Nick Woltemade (VfB Stuttgart).<\/p>\n","protected":false},"excerpt":{"rendered":"Stand: 05.06.2025 18:19 Uhr Derry Scherhant fehlt, Nick Woltemade reist sp\u00e4ter an: U21-Nationaltrainer Antonio Di Salvo hat seinen&hellip;\n","protected":false},"author":2,"featured_media":168506,"comment_status":"","ping_status":"","sticky":false,"template":"","format":"standard","meta":{"footnotes":""},"categories":[5],"tags":[331,332,3364,29,347,30,13,14,15,12,22156],"class_list":{"0":"post-168505","1":"post","2":"type-post","3":"status-publish","4":"format-standard","5":"has-post-thumbnail","7":"category-nachrichten","8":"tag-aktuelle-nachrichten","9":"tag-aktuelle-news","10":"tag-de","11":"tag-deutschland","12":"tag-fussball","13":"tag-germany","14":"tag-headlines","15":"tag-nachrichten","16":"tag-news","17":"tag-schlagzeilen","18":"tag-u21"},"share_on_mastodon":{"url":"https:\/\/pubeurope.com\/@de\/114633749912085353","error":""},"_links":{"self":[{"href":"https:\/\/www.europesays.com\/de\/wp-json\/wp\/v2\/posts\/168505","targetHints":{"allow":["GET"]}}],"collection":[{"href":"https:\/\/www.europesays.com\/de\/wp-json\/wp\/v2\/posts"}],"about":[{"href":"https:\/\/www.europesays.com\/de\/wp-json\/wp\/v2\/types\/post"}],"author":[{"embeddable":true,"href":"https:\/\/www.europesays.com\/de\/wp-json\/wp\/v2\/users\/2"}],"replies":[{"embeddable":true,"href":"https:\/\/www.europesays.com\/de\/wp-json\/wp\/v2\/comments?post=168505"}],"version-history":[{"count":0,"href":"https:\/\/www.europesays.com\/de\/wp-json\/wp\/v2\/posts\/168505\/revisions"}],"wp:featuredmedia":[{"embeddable":true,"href":"https:\/\/www.europesays.com\/de\/wp-json\/wp\/v2\/media\/168506"}],"wp:attachment":[{"href":"https:\/\/www.europesays.com\/de\/wp-json\/wp\/v2\/media?parent=168505"}],"wp:term":[{"taxonomy":"category","embeddable":true,"href":"https:\/\/www.europesays.com\/de\/wp-json\/wp\/v2\/categories?post=168505"},{"taxonomy":"post_tag","embeddable":true,"href":"https:\/\/www.europesays.com\/de\/wp-json\/wp\/v2\/tags?post=168505"}],"curies":[{"name":"wp","href":"https:\/\/api.w.org\/{rel}","templated":true}]}}