{"id":16851,"date":"2025-04-08T23:32:16","date_gmt":"2025-04-08T23:32:16","guid":{"rendered":"https:\/\/www.europesays.com\/de\/16851\/"},"modified":"2025-04-08T23:32:16","modified_gmt":"2025-04-08T23:32:16","slug":"muell-vor-recyclinghoefen-muelldetektive-leiten-80-verfahren-ein","status":"publish","type":"post","link":"https:\/\/www.europesays.com\/de\/16851\/","title":{"rendered":"M\u00fcll vor Recyclingh\u00f6fen \u2013 M\u00fclldetektive leiten 80 Verfahren ein"},"content":{"rendered":"<p>W\u00e4hrend des Awista-Streiks <\/p>\n<p>M\u00fcllberge vor Recyclingh\u00f6fen: 80 Verfahren eingeleitet<\/p>\n<p>Aktualisiert am 07.04.2025 &#8211; 14:51 UhrLesedauer: 2 Min.<\/p>\n<p><a href=\"#focus-0\" class=\"transition-colors duration-200 focus-within:text-magenta block text-current relative\" data-sctrack=\"FocusGalleryImage.Reference\"><img fetchpriority=\"high\" data-testid=\"Opener.Image\" style=\"--lqipURL:url('https:\/\/images.t-online.de\/2025\/04\/Bq94fXwceoE7\/190x482:3100x1744\/fit-in\/150x0\/filters:blur(25)\/image.jpg')\"   loading=\"eager\" src=\"https:\/\/www.europesays.com\/de\/wp-content\/uploads\/2025\/04\/1744155135_377_image.jpg\" alt=\"imago images 0807007616\" title=\"imago images 0807007616\" width=\"3100\" height=\"1744\" class=\"bg-[url:var(--lqipURL)] bg-cover bg-center flex w-full max-w-full h-full\" decoding=\"async\"\/><img style=\"--width:32;--height:32\" loading=\"lazy\" src=\"https:\/\/www.europesays.com\/de\/wp-content\/uploads\/2025\/03\/zoom-in.f7dae02f.svg.svg+xml\" alt=\"Vergr\u00f6\u00dfern des Bildes\" title=\"Vergr\u00f6\u00dfern des Bildes\" class=\"&#10;        block&#10;        h-[calc(var(--height)_\/_16_*_1rem)]&#10;        w-[calc(var(--width)_\/_16_*_1rem)]&#10;        max-w-none&#10;        absolute bottom-8 right-8 rounded-4 bg-snow p-8\" decoding=\"async\"\/><\/a><\/p>\n<p>Abfallberge vor dem Awista-Tor in Flingern: W\u00e4hrend des Streiks legten hier B\u00fcrger ihren M\u00fcll sorglos ab. (Quelle: Judith Michaelis\/imago-images-bilder)<\/p>\n<p class=\"font-bold text-18 leading-17\">Die D\u00fcsseldorfer M\u00fclldetektive waren im vergangenen Jahr besonders erfolgreich. Sie ermittelten mehr als 2.000 F\u00e4lle illegaler M\u00fcllablagerungen und verh\u00e4ngten Bu\u00dfgelder.<\/p>\n<p class=\"text-18 leading-17\">Die M\u00fclldetektive des Umweltamts <a class=\"transition-colors duration-200 cursor-pointer text-inherit no-underline text-salemsfur md:hover:text-magenta md:hover:border-magenta md:focus:text-magenta border-current border-b border-solid break-words\" href=\"https:\/\/www.t-online.de\/region\/duesseldorf\/\" data-sctrack=\"BodyAnchor\" rel=\"nofollow noopener\" target=\"_blank\">D\u00fcsseldorf<\/a> haben im vergangenen Jahr erneut zahlreiche Verst\u00f6\u00dfe gegen die Sauberkeit in der Stadt aufgedeckt. In 2.099 F\u00e4llen wurden die Verursacher illegaler Abfallablagerungen ermittelt und Ordnungswidrigkeitsverfahren er\u00f6ffnet. Das teilte die Stadt mit.<\/p>\n<p class=\"text-18 leading-17\">Im Jahr 2024 verh\u00e4ngten die Beh\u00f6rden Verwarn- und Bu\u00dfgelder in H\u00f6he von insgesamt 165.000 Euro, was einer Steigerung von rund 48.000 Euro im Vergleich zu 2023 entspricht. Diese Erh\u00f6hung ist vor allem darauf zur\u00fcckzuf\u00fchren, dass schwerwiegendere F\u00e4lle mit hohem Ermittlungsaufwand gel\u00f6st wurden, so die Verwaltung.<\/p>\n<p class=\"text-18 leading-17\">Besonders r\u00fccksichtslos handelnde Personen oder Wiederholungst\u00e4ter mussten mit h\u00f6heren Strafen rechnen. Auch die Abend- und Wochenenddienste des Teams, einschlie\u00dflich verdeckter Observationen an bekannten M\u00fcll-Hotspots, zeigten laut Stadt Wirkung: Mehrere T\u00e4ter konnten auf frischer Tat ertappt werden.<\/p>\n<p class=\"text-18 leading-17\">In diesem Jahr standen die M\u00fclldetektive bislang w\u00e4hrend des Awista-Streiks vor besonderen Herausforderungen. Vor den geschlossenen Recyclingh\u00f6fen in Flingern sowie in Lohausen und Garath kam es zu massiven illegalen Ablagerungen von <a class=\"transition-colors duration-200 cursor-pointer text-inherit no-underline text-salemsfur md:hover:text-magenta md:hover:border-magenta md:focus:text-magenta border-current border-b border-solid break-words\" href=\"https:\/\/www.t-online.de\/heim-garten\/haushaltstipps\/id_74527370\/was-darf-nicht-in-den-sperrmuell-wichtige-entsorgungsregeln-und-kosten.html\" data-sctrack=\"BodyAnchor\" rel=\"nofollow noopener\" target=\"_blank\">Sperrm\u00fcll<\/a>, Bauabf\u00e4llen und sogar gef\u00e4hrlichen Stoffen wie Farben und Lacken.<\/p>\n<p class=\"text-18 leading-17\">Seit ihrer Gr\u00fcndung im Jahr 2020 bestehen die M\u00fclldetektive aus 15 Kr\u00e4ften, die sich f\u00fcr ein sauberes D\u00fcsseldorf einsetzen. Hinweise auf illegale Abfallablagerungen k\u00f6nnen B\u00fcrger unter anderem \u00fcber die Smartphone-App &#8222;D\u00fcsseldorf bleibt sauber&#8220; geben.<\/p>\n","protected":false},"excerpt":{"rendered":"W\u00e4hrend des Awista-Streiks M\u00fcllberge vor Recyclingh\u00f6fen: 80 Verfahren eingeleitet Aktualisiert am 07.04.2025 &#8211; 14:51 UhrLesedauer: 2 Min. Abfallberge&hellip;\n","protected":false},"author":2,"featured_media":16852,"comment_status":"","ping_status":"","sticky":false,"template":"","format":"standard","meta":{"footnotes":""},"categories":[1831],"tags":[722,2072,11107,5663,11108,5317,3364,29,3405,5427,30,11106,11104,1209,11105],"class_list":{"0":"post-16851","1":"post","2":"type-post","3":"status-publish","4":"format-standard","5":"has-post-thumbnail","7":"category-duesseldorf","8":"tag-722","9":"tag-2072","10":"tag-abfall","11":"tag-abfallentsorgung","12":"tag-abfallwirtschaft","13":"tag-bussgeld","14":"tag-de","15":"tag-deutschland","16":"tag-duesseldorf","17":"tag-flingern","18":"tag-germany","19":"tag-muellablagerung","20":"tag-muellberg","21":"tag-nordrhein-westfalen","22":"tag-recyclinghof"},"share_on_mastodon":{"url":"https:\/\/pubeurope.com\/@de\/114304958047935111","error":""},"_links":{"self":[{"href":"https:\/\/www.europesays.com\/de\/wp-json\/wp\/v2\/posts\/16851","targetHints":{"allow":["GET"]}}],"collection":[{"href":"https:\/\/www.europesays.com\/de\/wp-json\/wp\/v2\/posts"}],"about":[{"href":"https:\/\/www.europesays.com\/de\/wp-json\/wp\/v2\/types\/post"}],"author":[{"embeddable":true,"href":"https:\/\/www.europesays.com\/de\/wp-json\/wp\/v2\/users\/2"}],"replies":[{"embeddable":true,"href":"https:\/\/www.europesays.com\/de\/wp-json\/wp\/v2\/comments?post=16851"}],"version-history":[{"count":0,"href":"https:\/\/www.europesays.com\/de\/wp-json\/wp\/v2\/posts\/16851\/revisions"}],"wp:featuredmedia":[{"embeddable":true,"href":"https:\/\/www.europesays.com\/de\/wp-json\/wp\/v2\/media\/16852"}],"wp:attachment":[{"href":"https:\/\/www.europesays.com\/de\/wp-json\/wp\/v2\/media?parent=16851"}],"wp:term":[{"taxonomy":"category","embeddable":true,"href":"https:\/\/www.europesays.com\/de\/wp-json\/wp\/v2\/categories?post=16851"},{"taxonomy":"post_tag","embeddable":true,"href":"https:\/\/www.europesays.com\/de\/wp-json\/wp\/v2\/tags?post=16851"}],"curies":[{"name":"wp","href":"https:\/\/api.w.org\/{rel}","templated":true}]}}