{"id":168517,"date":"2025-06-06T01:15:14","date_gmt":"2025-06-06T01:15:14","guid":{"rendered":"https:\/\/www.europesays.com\/de\/168517\/"},"modified":"2025-06-06T01:15:14","modified_gmt":"2025-06-06T01:15:14","slug":"mann-haengt-mit-bauch-in-fenster-fest-feuerwehr-reagiert","status":"publish","type":"post","link":"https:\/\/www.europesays.com\/de\/168517\/","title":{"rendered":"Mann h\u00e4ngt mit Bauch in Fenster fest \u2013 Feuerwehr reagiert"},"content":{"rendered":"<p>Mit Bauch eingeklemmt <\/p>\n<p>Mann h\u00e4ngt in Fenster fest \u2013 Feuerwehr greift ein<\/p>\n<p>05.06.2025 &#8211; 22:33 UhrLesedauer: 1 Min.<\/p>\n<p><a href=\"#focus-0\" class=\"transition-colors duration-200 focus-within:text-magenta block text-current relative\" data-sctrack=\"FocusGalleryImage.Reference\"><img fetchpriority=\"high\" data-testid=\"Opener.Image\" style=\"--lqipURL:url('https:\/\/images.t-online.de\/2025\/06\/a8lSouJMYBrZ\/0x417:4000x2250\/fit-in\/150x0\/filters:blur(25)\/feuerwehreinsatz-in-nuernberger-fussgaengerzone-15-102024-feuerwehreinsatz-in-der-innenstadt-von-nuernberg-feuerwehrmaenner-der-berufsfeuerwehr-nuernberg-ruesten-sich-aus-und-bereiten-schlaeuche-und-ausruestung-fuer-den-einsatz-vor-das-einsatzfahrzeug-steht-vor-einem-geschaeft-waehrend-die-feuerwehr-auf-einen-alarm-einer-ausgeloesten-brandmeldeanlage-in-einem-nahegelegenen-restaurant-reagiert-nuernberg-altstadt-saint-lorenz-bayern-deutschland-fire-department-operation-in-nurembergs-pedestrian-zone-1.jpg')\"   loading=\"eager\" src=\"https:\/\/www.europesays.com\/de\/wp-content\/uploads\/2025\/06\/feuerwehreinsatz-in-nuernberger-fussgaengerzone-15-102024-feuerwehreinsatz-in-der-innenstadt-von-nue.jpeg\" alt=\"imago images 0772109686\" title=\"imago images 0772109686\" width=\"4000\" height=\"2250\" class=\"bg-[url:var(--lqipURL)] bg-cover bg-center flex w-full max-w-full h-full\" decoding=\"async\"\/><img style=\"--width:32;--height:32\" loading=\"lazy\" src=\"https:\/\/www.europesays.com\/de\/wp-content\/uploads\/2025\/05\/zoom-in.f7dae02f.svg.svg+xml\" alt=\"Vergr\u00f6\u00dfern des Bildes\" title=\"Vergr\u00f6\u00dfern des Bildes\" class=\"&#10;        block&#10;        h-[calc(var(--height)_\/_16_*_1rem)]&#10;        w-[calc(var(--width)_\/_16_*_1rem)]&#10;        max-w-none&#10;        absolute bottom-8 right-8 rounded-4 bg-snow p-8\" decoding=\"async\"\/><\/a><\/p>\n<p>N\u00fcrnberger Feuerwehr im Einsatz (Symbolfoto): Ein Mann war in St. Peter in eine ungew\u00f6hnliche Notlage geraten. (Quelle: IMAGO\/Ardan Fuessmann\/imago)<\/p>\n<p class=\"font-bold text-18 leading-17\">Das erlebt die Feuerwehr auch nicht jeden Tag: Ein Mann bleibt mit dem Bauch in einem Fenster stecken. Ein Fall f\u00fcr die H\u00f6henretter.<\/p>\n<p class=\"text-18 leading-17\">Mit dem Oberk\u00f6rper aus dem Fenster ragend und am Bauch eingeklemmt \u2013 in dieser prek\u00e4ren Lage befand sich ein N\u00fcrnberger, der in einem schmalen Badezimmerfenster feststeckte. Die Feuerwehr musste den hilflos H\u00e4ngenden in einer aufwendigen Rettungsaktion im Stadtteil St. Peter am Donnerstagnachmittag befreien.<\/p>\n<p class=\"text-18 leading-17\">Das Fenster befand sich im ersten Stock eines Hauses, weshalb auch Einsatzkr\u00e4fte der H\u00f6henrettungsgruppe vor Ort waren, teilte die Feuerwehr mit. Die Situation gestaltete sich besonders kompliziert, da die Badezimmert\u00fcr von innen verschlossen und kein Schl\u00fcssel vorhanden war.<\/p>\n<p class=\"text-18 leading-17\">Die Feuerwehrleute verschafften sich zun\u00e4chst Zugang zu dem Badezimmer und demontierten den Fensterfl\u00fcgel. Anschlie\u00dfend konnten die H\u00f6henretter den Mann sichern. Schlie\u00dflich befreiten sie ihn unter gro\u00dfer Sorgfalt und &#8222;mit Baucheinziehen&#8220; aus der gerade einmal 21 Zentimeter breiten Fenster\u00f6ffnung. Der Mann blieb bei dem Vorfall unverletzt. Weshalb er \u00fcberhaupt durch das schmale Fenster klettern wollte, war nicht bekannt.<\/p>\n","protected":false},"excerpt":{"rendered":"Mit Bauch eingeklemmt Mann h\u00e4ngt in Fenster fest \u2013 Feuerwehr greift ein 05.06.2025 &#8211; 22:33 UhrLesedauer: 1 Min.&hellip;\n","protected":false},"author":2,"featured_media":168518,"comment_status":"","ping_status":"","sticky":false,"template":"","format":"standard","meta":{"footnotes":"","_share_on_mastodon":"0"},"categories":[1837],"tags":[722,3176,772,3364,29,985,30,3783,34953],"class_list":["post-168517","post","type-post","status-publish","format-standard","has-post-thumbnail","category-nuernberg","tag-722","tag-3176","tag-bayern","tag-de","tag-deutschland","tag-feuerwehr","tag-germany","tag-nuernberg","tag-st-peter"],"share_on_mastodon":{"url":"https:\/\/pubeurope.com\/@de\/114633777187193525","error":""},"_links":{"self":[{"href":"https:\/\/www.europesays.com\/de\/wp-json\/wp\/v2\/posts\/168517","targetHints":{"allow":["GET"]}}],"collection":[{"href":"https:\/\/www.europesays.com\/de\/wp-json\/wp\/v2\/posts"}],"about":[{"href":"https:\/\/www.europesays.com\/de\/wp-json\/wp\/v2\/types\/post"}],"author":[{"embeddable":true,"href":"https:\/\/www.europesays.com\/de\/wp-json\/wp\/v2\/users\/2"}],"replies":[{"embeddable":true,"href":"https:\/\/www.europesays.com\/de\/wp-json\/wp\/v2\/comments?post=168517"}],"version-history":[{"count":0,"href":"https:\/\/www.europesays.com\/de\/wp-json\/wp\/v2\/posts\/168517\/revisions"}],"wp:featuredmedia":[{"embeddable":true,"href":"https:\/\/www.europesays.com\/de\/wp-json\/wp\/v2\/media\/168518"}],"wp:attachment":[{"href":"https:\/\/www.europesays.com\/de\/wp-json\/wp\/v2\/media?parent=168517"}],"wp:term":[{"taxonomy":"category","embeddable":true,"href":"https:\/\/www.europesays.com\/de\/wp-json\/wp\/v2\/categories?post=168517"},{"taxonomy":"post_tag","embeddable":true,"href":"https:\/\/www.europesays.com\/de\/wp-json\/wp\/v2\/tags?post=168517"}],"curies":[{"name":"wp","href":"https:\/\/api.w.org\/{rel}","templated":true}]}}