{"id":168553,"date":"2025-06-06T01:36:14","date_gmt":"2025-06-06T01:36:14","guid":{"rendered":"https:\/\/www.europesays.com\/de\/168553\/"},"modified":"2025-06-06T01:36:14","modified_gmt":"2025-06-06T01:36:14","slug":"wie-die-gruenen-mit-einem-trick-den-mietspiegel-senken-wollen-muenchen","status":"publish","type":"post","link":"https:\/\/www.europesays.com\/de\/168553\/","title":{"rendered":"Wie die Gr\u00fcnen mit einem Trick den Mietspiegel senken wollen &#8211; M\u00fcnchen"},"content":{"rendered":"<p data-manual=\"teaserText\" data-schema-org-speakable=\"true\" class=\"css-vzdvax\">Damit 40\u00a0000 g\u00fcnstige st\u00e4dtische Wohnungen in die Berechnung der Durchschnittsmieten einflie\u00dfen k\u00f6nnen, schlagen die M\u00fcnchner Gr\u00fcnen eine List vor. Mit einer minimalen Mietminderung lie\u00dfe sich eine gro\u00dfe Wirkung erzielen \u2013 f\u00fcr alle M\u00fcnchner Mieter.<\/p>\n<p data-manual=\"paragraph\" data-schema-org-speakable=\"true\" class=\"css-4bdi0k\">Es w\u00e4re eine Mini-Mietminderung f\u00fcr 40 000 Wohnungen, aber profitieren sollen davon alle M\u00fcnchner Mieterinnen und Mieter: Die Gr\u00fcnen im Stadtrat fordern, dass die kommunale Gesellschaft M\u00fcnchner Wohnen die Mieten in ihren frei finanzierten (also den nicht gef\u00f6rderten) Wohnungen um einen Cent pro Quadratmeter senkt. Damit wollen sie sicherstellen, dass diese Wohnungen, die eine Durchschnittsmiete von gut acht Euro pro Quadratmeter haben, in den n\u00e4chsten <a href=\"https:\/\/www.sueddeutsche.de\/thema\/Mietspiegel\" target=\"_blank\" rel=\"noopener\">Mietspiegel<\/a> einflie\u00dfen k\u00f6nnen. Das geht aus einem Stadtratsantrag der Fraktion von Gr\u00fcnen\/Rosa Liste hervor, der der SZ vorab vorlag.<\/p>\n","protected":false},"excerpt":{"rendered":"Damit 40\u00a0000 g\u00fcnstige st\u00e4dtische Wohnungen in die Berechnung der Durchschnittsmieten einflie\u00dfen k\u00f6nnen, schlagen die M\u00fcnchner Gr\u00fcnen eine List&hellip;\n","protected":false},"author":2,"featured_media":168554,"comment_status":"","ping_status":"","sticky":false,"template":"","format":"standard","meta":{"footnotes":""},"categories":[1827],"tags":[772,5910,5911,29,2177,30,48652,5732,5726,19224,1268,58079,3661,5909,149],"class_list":{"0":"post-168553","1":"post","2":"type-post","3":"status-publish","4":"format-standard","5":"has-post-thumbnail","7":"category-muenchen","8":"tag-bayern","9":"tag-bezahlbarer-wohnraum","10":"tag-bezahlbares-wohnen","11":"tag-deutschland","12":"tag-dominik-krause","13":"tag-germany","14":"tag-gruene-muenchen","15":"tag-immobilien-und-wohnen","16":"tag-immobilien-und-wohnen-in-muenchen","17":"tag-mietspiegel","18":"tag-muenchen","19":"tag-muenchner-wohnen","20":"tag-politik-muenchen","21":"tag-stadtrat-muenchen","22":"tag-sueddeutsche-zeitung"},"share_on_mastodon":{"url":"https:\/\/pubeurope.com\/@de\/114633859720695466","error":""},"_links":{"self":[{"href":"https:\/\/www.europesays.com\/de\/wp-json\/wp\/v2\/posts\/168553","targetHints":{"allow":["GET"]}}],"collection":[{"href":"https:\/\/www.europesays.com\/de\/wp-json\/wp\/v2\/posts"}],"about":[{"href":"https:\/\/www.europesays.com\/de\/wp-json\/wp\/v2\/types\/post"}],"author":[{"embeddable":true,"href":"https:\/\/www.europesays.com\/de\/wp-json\/wp\/v2\/users\/2"}],"replies":[{"embeddable":true,"href":"https:\/\/www.europesays.com\/de\/wp-json\/wp\/v2\/comments?post=168553"}],"version-history":[{"count":0,"href":"https:\/\/www.europesays.com\/de\/wp-json\/wp\/v2\/posts\/168553\/revisions"}],"wp:featuredmedia":[{"embeddable":true,"href":"https:\/\/www.europesays.com\/de\/wp-json\/wp\/v2\/media\/168554"}],"wp:attachment":[{"href":"https:\/\/www.europesays.com\/de\/wp-json\/wp\/v2\/media?parent=168553"}],"wp:term":[{"taxonomy":"category","embeddable":true,"href":"https:\/\/www.europesays.com\/de\/wp-json\/wp\/v2\/categories?post=168553"},{"taxonomy":"post_tag","embeddable":true,"href":"https:\/\/www.europesays.com\/de\/wp-json\/wp\/v2\/tags?post=168553"}],"curies":[{"name":"wp","href":"https:\/\/api.w.org\/{rel}","templated":true}]}}