{"id":168597,"date":"2025-06-06T02:00:11","date_gmt":"2025-06-06T02:00:11","guid":{"rendered":"https:\/\/www.europesays.com\/de\/168597\/"},"modified":"2025-06-06T02:00:11","modified_gmt":"2025-06-06T02:00:11","slug":"brand-anschlag-auf-jugendeinrichtung-in-halle-drk-haelt-an-eroeffnungstermin-fest","status":"publish","type":"post","link":"https:\/\/www.europesays.com\/de\/168597\/","title":{"rendered":"Brand-Anschlag auf Jugendeinrichtung in Halle: DRK h\u00e4lt an Er\u00f6ffnungstermin fest"},"content":{"rendered":"<p class=\"text\">\nDas Deutsche Rote Kreuz in Halle h\u00e4lt trotz des Brandanschlages auf eine geplante Kinder- und Jugendhilfeeinrichtung am bisherigen Er\u00f6ffnungstermin fest. Anfang Juli soll die Unterkunft im Stadtteil Reideburg bezogen werden.\n<\/p>\n<p>Polizei ermittelt wegen Brandstiftung<\/p>\n<p class=\"text\">\nAm Standort in der Paul-Singer-Stra\u00dfe hatte es vergangene Woche gebrannt. Wie die Polizei mitteilte, kam es zu dem Vorfall zwischen vergangenem Mittwoch und Montag dieser Woche. Es werde wegen des Verdachts auf Brandstiftung ermittelt.\n<\/p>\n<p class=\"text\">\nBislang unbekannte T\u00e4ter h\u00e4tten eine Flasche mit brennbarer Fl\u00fcssigkeit durch ein geschlossenes Fenster im Erdgeschoss geworfen, so die Ermittler. Daraufhin sei ein Feuer ausgebrochen, das von selbst erlosch. Dennoch seien Sch\u00e4den an Boden und W\u00e4nden in noch unbekannter H\u00f6he entstanden. Die Polizei hofft nun auf Zeugen-Hinweise.<\/p>\n","protected":false},"excerpt":{"rendered":"Das Deutsche Rote Kreuz in Halle h\u00e4lt trotz des Brandanschlages auf eine geplante Kinder- und Jugendhilfeeinrichtung am bisherigen&hellip;\n","protected":false},"author":2,"featured_media":168598,"comment_status":"","ping_status":"","sticky":false,"template":"","format":"standard","meta":{"footnotes":""},"categories":[1860],"tags":[2919,3364,29,548,663,3934,12241,30,4062,17332,13,1722,81,14,15,6211,58095,17331,860,12,15660],"class_list":{"0":"post-168597","1":"post","2":"type-post","3":"status-publish","4":"format-standard","5":"has-post-thumbnail","7":"category-halle-saale","8":"tag-brand","9":"tag-de","10":"tag-deutschland","11":"tag-eu","12":"tag-europa","13":"tag-europe","14":"tag-gefluechtete","15":"tag-germany","16":"tag-halle","17":"tag-halle-saale","18":"tag-headlines","19":"tag-jugendliche","20":"tag-mdr","21":"tag-nachrichten","22":"tag-news","23":"tag-regionalportal","24":"tag-reideburg","25":"tag-saale","26":"tag-sachsen-anhalt","27":"tag-schlagzeilen","28":"tag-unterkunft"},"share_on_mastodon":{"url":"https:\/\/pubeurope.com\/@de\/114633954008937046","error":""},"_links":{"self":[{"href":"https:\/\/www.europesays.com\/de\/wp-json\/wp\/v2\/posts\/168597","targetHints":{"allow":["GET"]}}],"collection":[{"href":"https:\/\/www.europesays.com\/de\/wp-json\/wp\/v2\/posts"}],"about":[{"href":"https:\/\/www.europesays.com\/de\/wp-json\/wp\/v2\/types\/post"}],"author":[{"embeddable":true,"href":"https:\/\/www.europesays.com\/de\/wp-json\/wp\/v2\/users\/2"}],"replies":[{"embeddable":true,"href":"https:\/\/www.europesays.com\/de\/wp-json\/wp\/v2\/comments?post=168597"}],"version-history":[{"count":0,"href":"https:\/\/www.europesays.com\/de\/wp-json\/wp\/v2\/posts\/168597\/revisions"}],"wp:featuredmedia":[{"embeddable":true,"href":"https:\/\/www.europesays.com\/de\/wp-json\/wp\/v2\/media\/168598"}],"wp:attachment":[{"href":"https:\/\/www.europesays.com\/de\/wp-json\/wp\/v2\/media?parent=168597"}],"wp:term":[{"taxonomy":"category","embeddable":true,"href":"https:\/\/www.europesays.com\/de\/wp-json\/wp\/v2\/categories?post=168597"},{"taxonomy":"post_tag","embeddable":true,"href":"https:\/\/www.europesays.com\/de\/wp-json\/wp\/v2\/tags?post=168597"}],"curies":[{"name":"wp","href":"https:\/\/api.w.org\/{rel}","templated":true}]}}