{"id":168621,"date":"2025-06-06T02:13:23","date_gmt":"2025-06-06T02:13:23","guid":{"rendered":"https:\/\/www.europesays.com\/de\/168621\/"},"modified":"2025-06-06T02:13:23","modified_gmt":"2025-06-06T02:13:23","slug":"preussen-keeper-im-pech-darum-verpasst-schenk-die-em-sport","status":"publish","type":"post","link":"https:\/\/www.europesays.com\/de\/168621\/","title":{"rendered":"Preu\u00dfen-Keeper im Pech: Darum verpasst Schenk die EM | Sport"},"content":{"rendered":"<p>Er hatte das Ticket schon zum Greifen nahe \u2013 und konnte dann doch nicht mehr zupacken\u2026<\/p>\n<p><b>Preu\u00dfen-Keeper im Pech. Darum verpasst Schenk die EM.<\/b><\/p>\n<p>Wenn am 11. Juni in der Slowakei die Europameisterschaft der U21 (bis 28.6.) startet, wird Johannes Schenk (22) sie leider nur vor dem Fernseher verfolgen k\u00f6nnen. Dabei war er selbst auf dem Sprung in den deutschen Kader. Nach zehn \u00fcberzeugenden Tagen im th\u00fcringischen Trainingslager mit der DFB-Auswahl winkte ihm tats\u00e4chlich die gro\u00dfe Chance, hinter den gesetzten Noah Atubolu (23) von Bundesligist SC Freiburg und Tjark Ernst (22\/Hertha) als dritter Torh\u00fcter beim Turnier dabei zu sein.<\/p>\n<p><b>Doch dann das! Ausgerechnet in der letzten Einheit vor der endg\u00fcltigen Nominierung zog sich M\u00fcnsters Schlussmann am Mittwochmorgen bei einem Schuss eine Kapselverletzung an der Hand zu. Traum geplatzt! <\/b><\/p>\n<p><img decoding=\"async\" width=\"992\" height=\"558\" alt=\"U21-Auswahl-Trainer Antonio Di Salvo bedauert den Ausfall von Johannes Schenk und w\u00fcnscht ihm schnelle  Genesung\" src=\"https:\/\/www.europesays.com\/de\/wp-content\/uploads\/2025\/06\/bef1bb3f7032d7db918036dee07756b4,7085455f\"   class=\"landscape\" loading=\"lazy\"\/><\/p>\n<p class=\"fig__caption__text\">U21-Auswahl-Trainer Antonio Di Salvo bedauert den Ausfall von Johannes Schenk und w\u00fcnscht ihm schnelle  Genesung<\/p>\n<p>Foto: Christian Kunz\/dpa<\/p>\n<p>Bundestrainer Antonio Di Salvo (46) auf der anschlie\u00dfenden Pressekonferenz zu Kader-Benennung: &#8222;Johannes Schenk hat sich gegen Ende des Trainingslagers leider an der Hand verletzt, er ben\u00f6tigt eine Pause. Insofern ist klar, dass Nahuel Noll von Greuther F\u00fcrth als dritter Torh\u00fcter mitfahren wird. Beide Neulinge haben sich sehr gut pr\u00e4sentiert und problemlos in das Mannschaftsgef\u00fcge integriert. Johannes w\u00fcnsche ich eine schnelle Genesung.&#8220; Schenk wird allerdings noch bis zum letzten Test am Freitag in Frankfurt gegen Finnland bei der Truppe bleiben, um sie zu unterst\u00fctzen und ihr auf die Trib\u00fcne die Daumen zu dr\u00fccken.<\/p>\n<p><b>Andr\u00e9 Poggenborg (41), bei den Preu\u00dfen tagt\u00e4glich f\u00fcr die Ausbildung und Verbesserung der Schlussm\u00e4nner verantwortlich, war bereits am Mittwochabend von seinem Sch\u00fctzling informiert worden. Poggenborg zu BILD: \u201eZum Gl\u00fcck f\u00fcr ihn und uns ist es nichts Schwerwiegendes. Trotzdem h\u00e4tte es keinen Sinn gemacht, mit zur Europameisterschaft zu fahren.\u201c Und weiter: \u201eSeine Gef\u00fchlswelt war zwar noch komplett durcheinander. In erster Linie aber schien auch Johannes froh dar\u00fcber, dass es nichts Ernstes ist.\u201c<\/b><\/p>\n<p><img decoding=\"async\" width=\"992\" height=\"558\" alt=\"Das Pech von Johannes Schenk (r.) ist das Gl\u00fcck von Nahuel Noll (l.). Der F\u00fcrther reist jetzt als dritter Torh\u00fcter mit zur Europameisterschaft der U21\" src=\"https:\/\/www.europesays.com\/de\/wp-content\/uploads\/2025\/06\/c8f23da0913d6129228638eb308f522f,e056fc57\"   class=\"landscape\" loading=\"lazy\"\/><\/p>\n<p class=\"fig__caption__text\">Das Pech von Johannes Schenk (r.) ist das Gl\u00fcck von Nahuel Noll (l.). Der F\u00fcrther reist jetzt als dritter Torh\u00fcter mit zur Europameisterschaft der U21<\/p>\n<p>Foto: Marco Steinbrenner\/DeFodi Images<\/p>\n<p><b>Nach BILD-Informationen soll es sich um eine Kapsel-Problematik handeln, die eine Zwangspause von drei bis Wochen mit sich bringt. Schenk zuversichtlich zu BILD: \u201eIch denke aber, dass ich wie geplant mit den Preu\u00dfen in die Vorbereitung starten kann.\u201c<\/b><\/p>\n<p>Die beginnt beim Zweitligisten am 24. Juni. Da Schenk wegen des U21-Trainingslagers ohnehin erst eine Woche sp\u00e4ter einsteigen muss, k\u00f6nnte sein Zeitplan tats\u00e4chlich aufgehen. Falls die Heilung wie erhofft ohne Schwierigkeiten verl\u00e4uft. <\/p>\n<p><b>Jetzt muss Schenk jedoch erst einmal Frust und Entt\u00e4uschung verdauen und den Kopf wieder freibekommen. Dabei d\u00fcrfte ihm die gute Bewertung seiner Arbeit beim Deutschen Fu\u00dfball-Nachwuchs hilfreich sein. So haben Di Salvo und sein Torwart-Trainer Klaus Thomforde (62) bereits durchblicken lassen, dass sie ihn nat\u00fcrlich auch weiterhin im Blickfeld haben werden.  <\/b><\/p>\n<p><img decoding=\"async\" width=\"992\" height=\"558\" alt=\"Johannes \u201eJojo\u201c Schenk will zur Saison-Vorbereitung seiner Preu\u00dfen auf die 2. Liga wieder fit sein\" src=\"https:\/\/www.europesays.com\/de\/wp-content\/uploads\/2025\/06\/ed3096b69a679d9581eba4a4e4137f31,8128461\"   class=\"landscape\" loading=\"lazy\"\/><\/p>\n<p class=\"fig__caption__text\">Johannes \u201eJojo\u201c Schenk will zur Saison-Vorbereitung seiner Preu\u00dfen auf die 2. Liga wieder fit sein<\/p>\n<p>Foto: Jan Fromme\/ firo Sportphoto<\/p>\n<p>Durchaus denkbar also, dass der \u201ePechvogel\u201c in absehbarer Zeit die n\u00e4chste Gelegenheit erh\u00e4lt, neben dem Preu\u00dfen-Adler auch den Bundesadler auf der Brust tragen zu d\u00fcrfen. Verdient w\u00e4r&#8217;s allemal&#8230;<\/p>\n","protected":false},"excerpt":{"rendered":"Er hatte das Ticket schon zum Greifen nahe \u2013 und konnte dann doch nicht mehr zupacken\u2026 Preu\u00dfen-Keeper im&hellip;\n","protected":false},"author":2,"featured_media":168622,"comment_status":"","ping_status":"","sticky":false,"template":"","format":"standard","meta":{"footnotes":""},"categories":[1843],"tags":[7658,7665,7659,7654,3364,29,481,5085,7663,30,7662,7664,7660,7661,8970,7666,7653,1209,7655,7650,7651,7656,819,7657,7652,45,22156,43734,784],"class_list":{"0":"post-168621","1":"post","2":"type-post","3":"status-publish","4":"format-standard","5":"has-post-thumbnail","7":"category-muenster","8":"tag-alsmann-goetz","9":"tag-amenyido-etienne","10":"tag-brinkmann-ansgar","11":"tag-daube-dennis","12":"tag-de","13":"tag-deutschland","14":"tag-dfb","15":"tag-dfl","16":"tag-fridjonsson-holmbert-aron","17":"tag-germany","18":"tag-hendrix-jorrit","19":"tag-kinsombi-david","20":"tag-kirkeskov-mikkel","21":"tag-mees-joshua","22":"tag-muenster","23":"tag-nemeth-andras","24":"tag-niemeyer-peter","25":"tag-nordrhein-westfalen","26":"tag-pander-christian","27":"tag-preussen-muenster","28":"tag-preussenstadion","29":"tag-schuth-joachim","30":"tag-sport-leuchtturm-essen","31":"tag-sport-bild","32":"tag-straesser-christoph","33":"tag-texttospeech","34":"tag-u21","35":"tag-u21-nationalmannschaft-deutschland","36":"tag-zweite-bundesliga"},"share_on_mastodon":{"url":"","error":"Validation failed: Text character limit of 500 exceeded"},"_links":{"self":[{"href":"https:\/\/www.europesays.com\/de\/wp-json\/wp\/v2\/posts\/168621","targetHints":{"allow":["GET"]}}],"collection":[{"href":"https:\/\/www.europesays.com\/de\/wp-json\/wp\/v2\/posts"}],"about":[{"href":"https:\/\/www.europesays.com\/de\/wp-json\/wp\/v2\/types\/post"}],"author":[{"embeddable":true,"href":"https:\/\/www.europesays.com\/de\/wp-json\/wp\/v2\/users\/2"}],"replies":[{"embeddable":true,"href":"https:\/\/www.europesays.com\/de\/wp-json\/wp\/v2\/comments?post=168621"}],"version-history":[{"count":0,"href":"https:\/\/www.europesays.com\/de\/wp-json\/wp\/v2\/posts\/168621\/revisions"}],"wp:featuredmedia":[{"embeddable":true,"href":"https:\/\/www.europesays.com\/de\/wp-json\/wp\/v2\/media\/168622"}],"wp:attachment":[{"href":"https:\/\/www.europesays.com\/de\/wp-json\/wp\/v2\/media?parent=168621"}],"wp:term":[{"taxonomy":"category","embeddable":true,"href":"https:\/\/www.europesays.com\/de\/wp-json\/wp\/v2\/categories?post=168621"},{"taxonomy":"post_tag","embeddable":true,"href":"https:\/\/www.europesays.com\/de\/wp-json\/wp\/v2\/tags?post=168621"}],"curies":[{"name":"wp","href":"https:\/\/api.w.org\/{rel}","templated":true}]}}