{"id":168662,"date":"2025-06-06T02:35:23","date_gmt":"2025-06-06T02:35:23","guid":{"rendered":"https:\/\/www.europesays.com\/de\/168662\/"},"modified":"2025-06-06T02:35:23","modified_gmt":"2025-06-06T02:35:23","slug":"so-war-das-festival-frueher-rueckblick","status":"publish","type":"post","link":"https:\/\/www.europesays.com\/de\/168662\/","title":{"rendered":"So war das Festival fr\u00fcher \u2013 R\u00fcckblick"},"content":{"rendered":"<p>Jubil\u00e4um <\/p>\n<p>So hat sich Rock im Park \u00fcber die Jahrzehnte entwickelt<\/p>\n<p>Aktualisiert am 05.06.2025 &#8211; 14:39 UhrLesedauer: 2 Min.<\/p>\n<p><a href=\"#focus-0\" class=\"transition-colors duration-200 focus-within:text-magenta block text-current relative\" data-sctrack=\"FocusGalleryImage.Reference\"><img fetchpriority=\"high\" data-testid=\"Opener.Image\" style=\"--lqipURL:url('https:\/\/images.t-online.de\/2025\/06\/TAgr-pM0MBPp\/0x197:3786x2130\/fit-in\/150x0\/filters:blur(25)\/rock-im-park-nuernberg-28-052025-die-vorbereitungen-zu-rock-im-park-in-nuernberg-sind-im-vollen-gange-nuernberg-max-morlock-stadion-bayern-deutschland-rock-im-park-nuremberg-28-05-2025-the-preparations-for-rock-im-park-in-nuremberg-are-in-full-swing-nuremberg-max-morlock-stadium-bavaria-germany-20250528-6v2a9474-m4000.jpg')\"   loading=\"eager\" src=\"https:\/\/www.europesays.com\/de\/wp-content\/uploads\/2025\/06\/rock-im-park-nuernberg-28-052025-die-vorbereitungen-zu-rock-im-park-in-nuernberg-sind-im-vollen-gang.jpeg\" alt=\"imago images 0820890870\" title=\"imago images 0820890870\" width=\"3786\" height=\"2130\" class=\"bg-[url:var(--lqipURL)] bg-cover bg-center flex w-full max-w-full h-full\" decoding=\"async\"\/><img style=\"--width:32;--height:32\" loading=\"lazy\" src=\"https:\/\/www.europesays.com\/de\/wp-content\/uploads\/2025\/05\/zoom-in.f7dae02f.svg.svg+xml\" alt=\"Vergr\u00f6\u00dfern des Bildes\" title=\"Vergr\u00f6\u00dfern des Bildes\" class=\"&#10;        block&#10;        h-[calc(var(--height)_\/_16_*_1rem)]&#10;        w-[calc(var(--width)_\/_16_*_1rem)]&#10;        max-w-none&#10;        absolute bottom-8 right-8 rounded-4 bg-snow p-8\" decoding=\"async\"\/><\/a><\/p>\n<p>Die Vorbereitungen zu Rock im Park in N\u00fcrnberg sind im vollen Gange. (Quelle: IMAGO\/Ardan Fuessmann\/imago)<\/p>\n<p class=\"font-bold text-18 leading-17\">Rock im Park begeistert seit 30 Jahren. Doch das Gro\u00dffestival hat sich \u00fcber die Jahrzehnte entwickelt. Und was kaum bekannt ist: Wo dessen Wurzeln eigentlich liegen.<\/p>\n<p class=\"text-18 leading-17\">Zum Jubil\u00e4um gibt es extra viele Bands und einige \u00dcberraschungen auf den B\u00fchnen: Seit 30 Jahren pilgern Zehntausende Musikfans zu Rock im Park.<\/p>\n<p class=\"text-18 leading-17\">Rock im Park feiert sein 30-j\u00e4hriges Bestehen mit zahlreichen \u00dcberraschungen. Vom 6. bis 8. Juni 2025 treten in <a class=\"transition-colors duration-200 cursor-pointer text-inherit no-underline text-salemsfur md:hover:text-magenta md:hover:border-magenta md:focus:text-magenta border-current border-b border-solid break-words\" href=\"https:\/\/www.t-online.de\/region\/nuernberg\/\" data-sctrack=\"BodyAnchor\" target=\"_blank\" rel=\"noopener\">N\u00fcrnberg<\/a> rund 100 Bands auf, darunter bekannte Namen wie Korn, Slipknot und K.I.Z., sowie die britische Band The Prodigy. Besonders gespannt d\u00fcrften die Besucher auf drei &#8222;very special guests&#8220; sein, die am Sonntag erwartet werden. Bereits bekannt wurde, dass auch die Band Knocked Loose auftreten wird. Die Veranstaltungen in N\u00fcrnberg sind mit etwa 80.000 Besuchern ausverkauft.<\/p>\n<p class=\"text-18 leading-17\">Als Rock im Park vor drei Jahrzehnten startete, fand es zun\u00e4chst im M\u00fcnchner Olympiastadion statt, bevor es 1997 nach N\u00fcrnberg umzog. Heute gilt es als das gr\u00f6\u00dfte innerst\u00e4dtische Festival Europas und zieht jedes Jahr Zehntausende Musikliebhaber an das ehemalige Reichsparteitagsgel\u00e4nde.<\/p>\n<p class=\"text-18 leading-17\">Musikfans str\u00f6men weiterhin zahlreich zu den gro\u00dfen Festivals, obwohl sich die Branche stark gewandelt hat. Experten beobachten ein Wachstum bei gro\u00dfen Events, w\u00e4hrend mittlere Veranstaltungen oft mit finanziellen Herausforderungen k\u00e4mpfen m\u00fcssen. Robert Stolt vom Branchentreffen &#8222;Future of Festivals&#8220; erkl\u00e4rt: &#8222;Die gestiegenen Produktions- und Personalkosten k\u00f6nnen nur teilweise an das Publikum weitergegeben werden.&#8220;<\/p>\n<p class=\"text-18 leading-17\">Dies betrifft auch Rock im Park: Die Veranstalter betonen, dass sie trotz h\u00f6herer Kosten keine steigenden Preise weitergeben wollen. &#8222;Die Kosten sind gestiegen, im Gagenbereich, aber auch in den Produktionskosten&#8220;, hatte Matt Schwarz, Veranstalter von Rock im Park, erkl\u00e4rt. &#8222;Durch die Komplexit\u00e4t der Anforderungen sind wir enormen Steigerungen ausgesetzt.&#8220;<\/p>\n<p class=\"text-18 leading-17\">Aber auch die finanziellen Interessen der Bands h\u00e4tten sich ge\u00e4ndert. &#8222;Als ich angefangen habe, war das Gagenvolumen ein Viertel von dem, was es heute ist&#8220;, sagte er. Die Ticketeinnahmen allein reichten nicht einmal zur Deckung der Kosten. &#8222;Daf\u00fcr braucht man die anderen Einnahmen vor Ort.&#8220;<\/p>\n<p class=\"text-18 leading-17\">Auch das Freizeitangebot w\u00e4hrend des Festivals hat sich erweitert \u2013 neben Musik erwartet die Besucher ein kleines Volksfest mit Fahrgesch\u00e4ften und Biergarten auf dem Gel\u00e4nde. Festivalsprecher Matthias Adolph hebt hervor: &#8222;Viele unserer Besucher kommen seit Jahren regelm\u00e4\u00dfig.&#8220; Gleichzeitig zieht es viele \u00e4ltere Fans an, die sich dieses j\u00e4hrliche Event gerne leisten.<\/p>\n<p class=\"text-18 leading-17\">Viele Menschen erwarten heute von einem Festival mehr als nur gute Musik. Bei Rock am Ring und Rock im Park sollen sich die Feiernden nicht nur vor den B\u00fchnen, sondern auch auf einem kleinen Volksfest mit Biergarten und Fahrgesch\u00e4ften auf dem Gel\u00e4nde vergn\u00fcgen k\u00f6nnen.<\/p>\n","protected":false},"excerpt":{"rendered":"Jubil\u00e4um So hat sich Rock im Park \u00fcber die Jahrzehnte entwickelt Aktualisiert am 05.06.2025 &#8211; 14:39 UhrLesedauer: 2&hellip;\n","protected":false},"author":2,"featured_media":168663,"comment_status":"","ping_status":"","sticky":false,"template":"","format":"standard","meta":{"footnotes":""},"categories":[1837],"tags":[722,2072,772,3364,29,663,5561,30,58124,51498,3009,3783,41264],"class_list":{"0":"post-168662","1":"post","2":"type-post","3":"status-publish","4":"format-standard","5":"has-post-thumbnail","7":"category-nuernberg","8":"tag-722","9":"tag-2072","10":"tag-bayern","11":"tag-de","12":"tag-deutschland","13":"tag-europa","14":"tag-festival","15":"tag-germany","16":"tag-grossfestival","17":"tag-jahrzehnt","18":"tag-jubilaeum","19":"tag-nuernberg","20":"tag-rock-im-park"},"share_on_mastodon":{"url":"https:\/\/pubeurope.com\/@de\/114634091832424413","error":""},"_links":{"self":[{"href":"https:\/\/www.europesays.com\/de\/wp-json\/wp\/v2\/posts\/168662","targetHints":{"allow":["GET"]}}],"collection":[{"href":"https:\/\/www.europesays.com\/de\/wp-json\/wp\/v2\/posts"}],"about":[{"href":"https:\/\/www.europesays.com\/de\/wp-json\/wp\/v2\/types\/post"}],"author":[{"embeddable":true,"href":"https:\/\/www.europesays.com\/de\/wp-json\/wp\/v2\/users\/2"}],"replies":[{"embeddable":true,"href":"https:\/\/www.europesays.com\/de\/wp-json\/wp\/v2\/comments?post=168662"}],"version-history":[{"count":0,"href":"https:\/\/www.europesays.com\/de\/wp-json\/wp\/v2\/posts\/168662\/revisions"}],"wp:featuredmedia":[{"embeddable":true,"href":"https:\/\/www.europesays.com\/de\/wp-json\/wp\/v2\/media\/168663"}],"wp:attachment":[{"href":"https:\/\/www.europesays.com\/de\/wp-json\/wp\/v2\/media?parent=168662"}],"wp:term":[{"taxonomy":"category","embeddable":true,"href":"https:\/\/www.europesays.com\/de\/wp-json\/wp\/v2\/categories?post=168662"},{"taxonomy":"post_tag","embeddable":true,"href":"https:\/\/www.europesays.com\/de\/wp-json\/wp\/v2\/tags?post=168662"}],"curies":[{"name":"wp","href":"https:\/\/api.w.org\/{rel}","templated":true}]}}