{"id":168781,"date":"2025-06-06T03:41:10","date_gmt":"2025-06-06T03:41:10","guid":{"rendered":"https:\/\/www.europesays.com\/de\/168781\/"},"modified":"2025-06-06T03:41:10","modified_gmt":"2025-06-06T03:41:10","slug":"massiver-russischer-angriff-auf-ukraine-politik","status":"publish","type":"post","link":"https:\/\/www.europesays.com\/de\/168781\/","title":{"rendered":"Massiver russischer Angriff auf Ukraine &#8211; Politik"},"content":{"rendered":"<p>Massiver russischer Angriff auf Ukraine<\/p>\n<p>Russland hat die Ukraine in der Nacht mit einer ungew\u00f6hnlich heftigen Welle von Drohnenangriffen und Marschflugk\u00f6rpern attackiert. Ziele seien die Hauptstadt Kiew sowie andere gr\u00f6\u00dfere St\u00e4dte und Regionen im \u00e4u\u00dfersten Westen des Landes gewesen, meldeten mehrere ukrainische Nachrichtenportale. In allen Regionen der Ukraine sei Luftalarm ausgel\u00f6st worden.\u00a0<\/p>\n<p>Die ukrainische Luftwaffe warnte demnach, dass mehrere russische Bomber gestartet seien und wahrscheinlich bereits Marschflugk\u00f6rper abgeschossen h\u00e4tten. In mehreren St\u00e4dten seien Explosionen gemeldet worden.<\/p>\n<p>Infolge der Angriffe brachen in Kiew mehrere Feuer in Wohnh\u00e4usern ausgebrochen, auch andere zivile Infrastruktur sei in Flammen aufgegangen, berichtete der Kyiv Independent. Laut B\u00fcrgermeister Vitali Klitschko gebe es mindestens drei Verletzte. Nach Angaben der Milit\u00e4rverwaltung k\u00f6nne es im \u00f6stlichen Teil Kiews zu Notstromausf\u00e4llen kommen.\u00a0<\/p>\n<p>Unklar war zun\u00e4chst, ob es sich um den erwarteten gro\u00df angelegten Vergeltungsangriff Russlands nach dem ukrainischen Schlag gegen die russische Bomberflotte am vergangenen Wochenende handelt. Bei dem \u00dcberraschungsangriff hatte der ukrainische Geheimdienst nach monatelanger Vorbereitung mehrere russische Milit\u00e4rflugpl\u00e4tze attackiert, von denen zuvor regelm\u00e4\u00dfig Kampfflugzeuge zu Angriffen gegen die Ukraine gestartet waren.\u00a0<\/p>\n","protected":false},"excerpt":{"rendered":"Massiver russischer Angriff auf Ukraine Russland hat die Ukraine in der Nacht mit einer ungew\u00f6hnlich heftigen Welle von&hellip;\n","protected":false},"author":2,"featured_media":168782,"comment_status":"","ping_status":"","sticky":false,"template":"","format":"standard","meta":{"footnotes":""},"categories":[4012],"tags":[331,332,147,106,13,6471,1435,148,14,1159,15,16,6472,307,12,6473,149,317,6474,306,6475,107],"class_list":{"0":"post-168781","1":"post","2":"type-post","3":"status-publish","4":"format-standard","5":"has-post-thumbnail","7":"category-ukraine","8":"tag-aktuelle-nachrichten","9":"tag-aktuelle-news","10":"tag-ausland","11":"tag-donald-trump","12":"tag-headlines","13":"tag-hilfe-fuer-die-ukraine","14":"tag-krieg-in-der-ukraine","15":"tag-leserdiskussion","16":"tag-nachrichten","17":"tag-nato","18":"tag-news","19":"tag-politik","20":"tag-politik-russland","21":"tag-russland","22":"tag-schlagzeilen","23":"tag-sicherheitspolitik","24":"tag-sueddeutsche-zeitung","25":"tag-ukraine","26":"tag-waffenlieferungen","27":"tag-wladimir-putin","28":"tag-wolodimir-selenskij","29":"tag-wolodymyr-selenskyj"},"share_on_mastodon":{"url":"https:\/\/pubeurope.com\/@de\/114634351382701305","error":""},"_links":{"self":[{"href":"https:\/\/www.europesays.com\/de\/wp-json\/wp\/v2\/posts\/168781","targetHints":{"allow":["GET"]}}],"collection":[{"href":"https:\/\/www.europesays.com\/de\/wp-json\/wp\/v2\/posts"}],"about":[{"href":"https:\/\/www.europesays.com\/de\/wp-json\/wp\/v2\/types\/post"}],"author":[{"embeddable":true,"href":"https:\/\/www.europesays.com\/de\/wp-json\/wp\/v2\/users\/2"}],"replies":[{"embeddable":true,"href":"https:\/\/www.europesays.com\/de\/wp-json\/wp\/v2\/comments?post=168781"}],"version-history":[{"count":0,"href":"https:\/\/www.europesays.com\/de\/wp-json\/wp\/v2\/posts\/168781\/revisions"}],"wp:featuredmedia":[{"embeddable":true,"href":"https:\/\/www.europesays.com\/de\/wp-json\/wp\/v2\/media\/168782"}],"wp:attachment":[{"href":"https:\/\/www.europesays.com\/de\/wp-json\/wp\/v2\/media?parent=168781"}],"wp:term":[{"taxonomy":"category","embeddable":true,"href":"https:\/\/www.europesays.com\/de\/wp-json\/wp\/v2\/categories?post=168781"},{"taxonomy":"post_tag","embeddable":true,"href":"https:\/\/www.europesays.com\/de\/wp-json\/wp\/v2\/tags?post=168781"}],"curies":[{"name":"wp","href":"https:\/\/api.w.org\/{rel}","templated":true}]}}