{"id":168831,"date":"2025-06-06T04:09:10","date_gmt":"2025-06-06T04:09:10","guid":{"rendered":"https:\/\/www.europesays.com\/de\/168831\/"},"modified":"2025-06-06T04:09:10","modified_gmt":"2025-06-06T04:09:10","slug":"labubus-werden-bei-toys-und-helden-verkauft","status":"publish","type":"post","link":"https:\/\/www.europesays.com\/de\/168831\/","title":{"rendered":"Labubus werden bei Toys und Helden verkauft"},"content":{"rendered":"<p class=\"text_ohne_einzug richtext text-em-55 !leading-serif mx-6 desktop:mx-0\">Mit der extremen Nachfrage hatte nicht einmal der Hersteller selbst gerechnet. Wer derzeit versucht, bestimmte Sammelfiguren von \u201eThe Monsters\u201c, auch Labubus genannt, auf der Website von Pop Mart zu kaufen, hat kaum eine Chance. Die kleinen Monsterfiguren mit den gro\u00dfen Kulleraugen, spitzen Z\u00e4hnen und dem schelmischen Grinsen sind zum gro\u00dfen Teil ausverkauft.<\/p>\n","protected":false},"excerpt":{"rendered":"Mit der extremen Nachfrage hatte nicht einmal der Hersteller selbst gerechnet. Wer derzeit versucht, bestimmte Sammelfiguren von \u201eThe&hellip;\n","protected":false},"author":2,"featured_media":168832,"comment_status":"","ping_status":"","sticky":false,"template":"","format":"standard","meta":{"footnotes":""},"categories":[1831],"tags":[3364,29,3405,30,58170,1209,1703,58169],"class_list":{"0":"post-168831","1":"post","2":"type-post","3":"status-publish","4":"format-standard","5":"has-post-thumbnail","7":"category-duesseldorf","8":"tag-de","9":"tag-deutschland","10":"tag-duesseldorf","11":"tag-germany","12":"tag-mart","13":"tag-nordrhein-westfalen","14":"tag-pop","15":"tag-sammelfiguren"},"share_on_mastodon":{"url":"https:\/\/pubeurope.com\/@de\/114634461203254088","error":""},"_links":{"self":[{"href":"https:\/\/www.europesays.com\/de\/wp-json\/wp\/v2\/posts\/168831","targetHints":{"allow":["GET"]}}],"collection":[{"href":"https:\/\/www.europesays.com\/de\/wp-json\/wp\/v2\/posts"}],"about":[{"href":"https:\/\/www.europesays.com\/de\/wp-json\/wp\/v2\/types\/post"}],"author":[{"embeddable":true,"href":"https:\/\/www.europesays.com\/de\/wp-json\/wp\/v2\/users\/2"}],"replies":[{"embeddable":true,"href":"https:\/\/www.europesays.com\/de\/wp-json\/wp\/v2\/comments?post=168831"}],"version-history":[{"count":0,"href":"https:\/\/www.europesays.com\/de\/wp-json\/wp\/v2\/posts\/168831\/revisions"}],"wp:featuredmedia":[{"embeddable":true,"href":"https:\/\/www.europesays.com\/de\/wp-json\/wp\/v2\/media\/168832"}],"wp:attachment":[{"href":"https:\/\/www.europesays.com\/de\/wp-json\/wp\/v2\/media?parent=168831"}],"wp:term":[{"taxonomy":"category","embeddable":true,"href":"https:\/\/www.europesays.com\/de\/wp-json\/wp\/v2\/categories?post=168831"},{"taxonomy":"post_tag","embeddable":true,"href":"https:\/\/www.europesays.com\/de\/wp-json\/wp\/v2\/tags?post=168831"}],"curies":[{"name":"wp","href":"https:\/\/api.w.org\/{rel}","templated":true}]}}