{"id":168866,"date":"2025-06-06T04:29:09","date_gmt":"2025-06-06T04:29:09","guid":{"rendered":"https:\/\/www.europesays.com\/de\/168866\/"},"modified":"2025-06-06T04:29:09","modified_gmt":"2025-06-06T04:29:09","slug":"der-sport-tag-bei-ntv-de-am-freitag-dem-6-juni-2025","status":"publish","type":"post","link":"https:\/\/www.europesays.com\/de\/168866\/","title":{"rendered":"Der Sport-Tag bei ntv.de am Freitag, dem 6. Juni 2025"},"content":{"rendered":"<p>Rudi V\u00f6ller erwartet nach dem R\u00fcckschlag im Halbfinale der Nations League gegen Portugal (1:2) von der deutschen Fu\u00dfball-Nationalmannschaft eine deutliche Steigerung. <b>&#8222;Das war viel zu wenig&#8220;, sagte der DFB-Sportdirektor in der ARD \u00fcber die erste Niederlage seit der Heim-EM und betonte mit Blick auf das Spiel um Platz 3 am Sonntag <\/b>(15 Uhr \/RTL und im Liveticker auf ntv.de) in Stuttgart: &#8222;Die Spieler haben verstanden, dass wir auf jeden Fall eine Schippe drauflegen m\u00fcssen!&#8220;<\/p>\n<p>Nach der R\u00fcckkehr aus M\u00fcnchen ins Teamquartier in Herzogenaurach und der Regeneration habe Bundestrainer Julian Nagelsmann den Spielern ins Gewissen geredet. &#8222;Wir hatten eine relativ lange Sitzung&#8220;, verriet V\u00f6ller, &#8222;wir sind alle total selbstkritisch.&#8220; <\/p>\n<p>Vielleicht, sinnierte der fr\u00fchere Weltklassest\u00fcrmer, &#8222;waren wir ein bisschen verw\u00f6hnt durch die letzten guten Spiele. <b>Aber man sieht immer wieder: Wenn du auf allerh\u00f6chstem Niveau ein paar Prozentpunkte weniger machst, verlierst du.&#8220;<\/b> Wie gegen Portugal.<\/p>\n<p>&#8222;Zweik\u00e4mpfe, Bewegung, Eins-gegen-eins-Situationen &#8211; das m\u00fcssen wir am Sonntag definitiv anders machen&#8220;, mahnte V\u00f6ller eindringlich, seinen Optimismus behielt er jedoch: &#8222;Wir haben es ja schon bewiesen, nicht nur bei der Europameisterschaft.&#8220;<\/p>\n","protected":false},"excerpt":{"rendered":"Rudi V\u00f6ller erwartet nach dem R\u00fcckschlag im Halbfinale der Nations League gegen Portugal (1:2) von der deutschen Fu\u00dfball-Nationalmannschaft&hellip;\n","protected":false},"author":2,"featured_media":168867,"comment_status":"","ping_status":"","sticky":false,"template":"","format":"standard","meta":{"footnotes":""},"categories":[1773],"tags":[282,29,5974,33777,214,156,30,471,1780,5725,283,215],"class_list":{"0":"post-168866","1":"post","2":"type-post","3":"status-publish","4":"format-standard","5":"has-post-thumbnail","7":"category-serien","8":"tag-der","9":"tag-deutschland","10":"tag-dfb-team","11":"tag-duell","12":"tag-entertainment","13":"tag-frankreich","14":"tag-germany","15":"tag-serien","16":"tag-series","17":"tag-spiel","18":"tag-sport-tag","19":"tag-unterhaltung"},"share_on_mastodon":{"url":"https:\/\/pubeurope.com\/@de\/114634539878738654","error":""},"_links":{"self":[{"href":"https:\/\/www.europesays.com\/de\/wp-json\/wp\/v2\/posts\/168866","targetHints":{"allow":["GET"]}}],"collection":[{"href":"https:\/\/www.europesays.com\/de\/wp-json\/wp\/v2\/posts"}],"about":[{"href":"https:\/\/www.europesays.com\/de\/wp-json\/wp\/v2\/types\/post"}],"author":[{"embeddable":true,"href":"https:\/\/www.europesays.com\/de\/wp-json\/wp\/v2\/users\/2"}],"replies":[{"embeddable":true,"href":"https:\/\/www.europesays.com\/de\/wp-json\/wp\/v2\/comments?post=168866"}],"version-history":[{"count":0,"href":"https:\/\/www.europesays.com\/de\/wp-json\/wp\/v2\/posts\/168866\/revisions"}],"wp:featuredmedia":[{"embeddable":true,"href":"https:\/\/www.europesays.com\/de\/wp-json\/wp\/v2\/media\/168867"}],"wp:attachment":[{"href":"https:\/\/www.europesays.com\/de\/wp-json\/wp\/v2\/media?parent=168866"}],"wp:term":[{"taxonomy":"category","embeddable":true,"href":"https:\/\/www.europesays.com\/de\/wp-json\/wp\/v2\/categories?post=168866"},{"taxonomy":"post_tag","embeddable":true,"href":"https:\/\/www.europesays.com\/de\/wp-json\/wp\/v2\/tags?post=168866"}],"curies":[{"name":"wp","href":"https:\/\/api.w.org\/{rel}","templated":true}]}}