{"id":168998,"date":"2025-06-06T05:48:12","date_gmt":"2025-06-06T05:48:12","guid":{"rendered":"https:\/\/www.europesays.com\/de\/168998\/"},"modified":"2025-06-06T05:48:12","modified_gmt":"2025-06-06T05:48:12","slug":"konzert-in-berlin-das-erste-reihe-system-der-springsteen-fans-regional","status":"publish","type":"post","link":"https:\/\/www.europesays.com\/de\/168998\/","title":{"rendered":"Konzert in Berlin: Das Erste-Reihe-System der Springsteen-Fans | Regional"},"content":{"rendered":"<p>Berlin \u2013 <b>Noch eine knappe Woche bis zum Konzert von Bruce Springsteen und der E Street Band am 11. Juni im Olympiastadion \u2013 aber vor dem Gel\u00e4nde l\u00e4uft l\u00e4ngst ein anderes Spektakel: der sogenannte \u201eRoll Call\u201c. <\/b><\/p>\n<p>Seit Tagen treffen sich Hardcore-Fans vor dem Stadion, um sich ihre Pl\u00e4tze im begehrten Front-of-Stage-Bereich zu sichern. Der Trick: Wer sich fr\u00fch anmeldet und dann konsequent zu festen Uhrzeiten wieder erscheint, darf am Konzerttag ganz vorn stehen. Daf\u00fcr organisieren sie ihr eigenes, streng strukturiertes System: den Roll-Call.<\/p>\n<p>So funktioniert das Roll-Call-System<\/p>\n<p><b>Es beginnt alles mit einer Liste: <\/b>Wer zuerst kommt, wird zuerst eingetragen \u2013 mit einer Nummer, die auf die Hand geschrieben wird. Diese bestimmt sp\u00e4ter den Einlassplatz. Nur wer ein Front-of-Stage-Ticket (189 Euro) besitzt, darf \u00fcberhaupt mitmachen. <\/p>\n<p><b>Dreimal t\u00e4glich (10 Uhr, 15 Uhr, 19 Uhr) m\u00fcssen sich alle Teilnehmer pers\u00f6nlich bei der Liste melden. Wer einmal fehlt, verliert seinen Platz und muss sich ganz hinten anstellen. Vertretungen sind tabu.<\/b><\/p>\n<p><img decoding=\"async\" width=\"992\" height=\"558\" alt=\"Zu diesen drei Uhrzeiten wird t\u00e4glich durchgez\u00e4hlt\" src=\"https:\/\/www.europesays.com\/de\/wp-content\/uploads\/2025\/06\/2a855c4326fb9887fc9556e8a348f126,8a7cb27f\"   class=\"landscape\" loading=\"lazy\"\/><\/p>\n<p class=\"fig__caption__text\">Zu diesen drei Uhrzeiten wird t\u00e4glich durchgez\u00e4hlt<\/p>\n<p>Foto: Olaf Wagner<\/p>\n<p>Ella Spormann (48) aus Kassel ist Springsteen-Fan seit der f\u00fcnften Klasse und die Nummer 1 auf der Liste. \u201eIch war am Samstag noch in Marseille beim letzten Konzert, bin dann ein paar Minuten zu Hause gewesen und direkt nach <a href=\"https:\/\/www.bild.de\/regional\/berlin\/berlin-regional\/home-15823246.bild.html\" class=\"text-link\" target=\"_blank\" rel=\"noopener\">Berlin<\/a> gefahren.\u201c <\/p>\n<p><img decoding=\"async\" width=\"992\" height=\"558\" alt=\"Roll Call am Olympiastadion: Ella Spormann ist die Erste auf der Liste\" src=\"https:\/\/www.europesays.com\/de\/wp-content\/uploads\/2025\/06\/d07dbbd41a403bc6a0dc26973bc42194,50db325c\"   class=\"landscape\" loading=\"lazy\"\/><\/p>\n<p class=\"fig__caption__text\">Roll Call am Olympiastadion: Ella Spormann ist die Erste auf der Liste<\/p>\n<p>Foto: Olaf Wagner<\/p>\n<p>In Marseille hatte die Roll-Call-Liste 800 Teilnehmer. In Berlin sind aktuell 45 Namen eingetragen. Bis zu 900 werden erwartet.<\/p>\n<p><b>Am Sonntagabend war sie da \u2013 und pl\u00f6tzlich im Orga-Team f\u00fcr den Roll Call. \u201eWir haben dann zusammen alles aufgestellt: Listen, B\u00e4ndchen, Stifte, Campingst\u00fchle. Ganz improvisiert, aber es funktioniert.\u201c <\/b><\/p>\n<p><img decoding=\"async\" width=\"992\" height=\"558\" alt=\"Nacheinander werden alle Nummern aufgerufen, um zu checken, dass die Personen auch wirklich da sind\" src=\"https:\/\/www.europesays.com\/de\/wp-content\/uploads\/2025\/06\/7396647d3d2e2133203a135915172cbd,69c3bc39\"   class=\"landscape\" loading=\"lazy\"\/><\/p>\n<p class=\"fig__caption__text\">Nacheinander werden alle Nummern aufgerufen, um zu checken, dass die Personen auch wirklich da sind<\/p>\n<p>Foto: Olaf Wagner<\/p>\n<p><b>Die Infos zum Roll Call verbreiten sie \u00fcber Facebook. Mittlerweile l\u00e4uft alles Hand in Hand mit der Security, die die Rollcaller kennt, ihnen einen eigenen Wartebereich zuweist und sie am Konzerttag als Erste ins Stadion f\u00fchrt \u2013 in Listen-Reihenfolge.<\/b><\/p>\n<p>Lesen Sie auch<\/p>\n<p>Elektriker J\u00f6rg Mehlow (54) aus K\u00f6nigs Wusterhausen ist Nummer 2 auf der Liste. Er war 1988 schon beim legend\u00e4ren Springsteen-Konzert in Ost-Berlin auf der Radrennbahn Wei\u00dfensee mit 200.000 Menschen dabei. <\/p>\n<p><img decoding=\"async\" width=\"992\" height=\"558\" alt=\"J\u00f6rg Mehlow war 1988 beim Springsteen-Konzert in Ost-Berlin dabei. Seitdem tourt er f\u00fcr Konzerte um die ganze Welt\" src=\"https:\/\/www.europesays.com\/de\/wp-content\/uploads\/2025\/06\/86fad15336600ac3b5ab57279aecf39a,3949f421\"   class=\"landscape\" loading=\"lazy\"\/><\/p>\n<p class=\"fig__caption__text\">J\u00f6rg Mehlow war 1988 beim Springsteen-Konzert in Ost-Berlin dabei. Seitdem tourt er f\u00fcr Konzerte um die ganze Welt<\/p>\n<p>Foto: Olaf Wagner<\/p>\n<p>\u201e20 Ostmark hat das damals gekostet. Heute nehme ich vier Wochen Urlaub, um sechs Konzerte mitzumachen.\u201c J\u00f6rg hilft mit bei der Organisation, druckt Listen aus, sorgt f\u00fcr Ordnung. \u201eEs ist ein bisschen verr\u00fcckt \u2013 aber das geh\u00f6rt dazu\u201c, sagt er.<\/p>\n<p><b>Warum der ganze Aufwand? \u201eWeil es der Boss ist\u201c, sagt Ella. Und: \u201eWeil wir alle ein bisschen bekloppt sind \u2013 im besten Sinne.\u201c<\/b><\/p>\n","protected":false},"excerpt":{"rendered":"Berlin \u2013 Noch eine knappe Woche bis zum Konzert von Bruce Springsteen und der E Street Band am&hellip;\n","protected":false},"author":2,"featured_media":168999,"comment_status":"","ping_status":"","sticky":false,"template":"","format":"standard","meta":{"footnotes":""},"categories":[1825],"tags":[296,29,30,1310,4277,58214,45,2992],"class_list":{"0":"post-168998","1":"post","2":"type-post","3":"status-publish","4":"format-standard","5":"has-post-thumbnail","7":"category-berlin","8":"tag-berlin","9":"tag-deutschland","10":"tag-germany","11":"tag-konzert","12":"tag-olympiastadion-berlin","13":"tag-springsteen-bruce","14":"tag-texttospeech","15":"tag-tournee"},"share_on_mastodon":{"url":"https:\/\/pubeurope.com\/@de\/114634850797477345","error":""},"_links":{"self":[{"href":"https:\/\/www.europesays.com\/de\/wp-json\/wp\/v2\/posts\/168998","targetHints":{"allow":["GET"]}}],"collection":[{"href":"https:\/\/www.europesays.com\/de\/wp-json\/wp\/v2\/posts"}],"about":[{"href":"https:\/\/www.europesays.com\/de\/wp-json\/wp\/v2\/types\/post"}],"author":[{"embeddable":true,"href":"https:\/\/www.europesays.com\/de\/wp-json\/wp\/v2\/users\/2"}],"replies":[{"embeddable":true,"href":"https:\/\/www.europesays.com\/de\/wp-json\/wp\/v2\/comments?post=168998"}],"version-history":[{"count":0,"href":"https:\/\/www.europesays.com\/de\/wp-json\/wp\/v2\/posts\/168998\/revisions"}],"wp:featuredmedia":[{"embeddable":true,"href":"https:\/\/www.europesays.com\/de\/wp-json\/wp\/v2\/media\/168999"}],"wp:attachment":[{"href":"https:\/\/www.europesays.com\/de\/wp-json\/wp\/v2\/media?parent=168998"}],"wp:term":[{"taxonomy":"category","embeddable":true,"href":"https:\/\/www.europesays.com\/de\/wp-json\/wp\/v2\/categories?post=168998"},{"taxonomy":"post_tag","embeddable":true,"href":"https:\/\/www.europesays.com\/de\/wp-json\/wp\/v2\/tags?post=168998"}],"curies":[{"name":"wp","href":"https:\/\/api.w.org\/{rel}","templated":true}]}}