{"id":169197,"date":"2025-06-06T07:38:09","date_gmt":"2025-06-06T07:38:09","guid":{"rendered":"https:\/\/www.europesays.com\/de\/169197\/"},"modified":"2025-06-06T07:38:09","modified_gmt":"2025-06-06T07:38:09","slug":"und-leben-de-bistum-muenster-der-weg-von-neu-priester-jonas-mieves-34-war-kurvig","status":"publish","type":"post","link":"https:\/\/www.europesays.com\/de\/169197\/","title":{"rendered":"und-Leben.de &#8211; Bistum M\u00fcnster: Der Weg von Neu-Priester Jonas Mieves (34) war kurvig"},"content":{"rendered":"<p>Zwei M\u00e4nner lassen sich am Pfingstsonntag im Dom in M\u00fcnster zu Priestern weihen. Kirche+Leben stellt sie vor. Diesmal: Jonas Mieves.<\/p>\n<p>\u00a0<\/p>\n<p>\u201eIch freue mich darauf, anderen von der christlichen Botschaft zu erz\u00e4hlen\u201c, sagt Jonas Mieves. Der 34-j\u00e4hrige geb\u00fcrtige Wettringer wird am Pfingstsonntag, 8. Juni, vom emeritierten <a href=\"https:\/\/www.kirche-und-leben.de\/themen\/themenbereich\/genn-felix\" target=\"_blank\" title=\"Mehr \u00fcber Bischof Felix Genn\" rel=\"nofollow noopener\">Bischof Felix Genn<\/a> im Dom in M\u00fcnster zusammen mit Thomas Kuhn <a href=\"https:\/\/www.kirche-und-leben.de\/artikel\/was-bedeutet-priesterweihe\" target=\"_blank\" rel=\"nofollow noopener\">zum Priester geweiht<\/a>.<\/p>\n<p>Sein Weg verlief nicht geradeaus ins Priesterseminar: \u201eIch habe mir Zeit genommen\u201c, schaut Jonas Mieves zur\u00fcck \u2013 und f\u00fcgt an: \u201eIch bin froh, vor dieser Entscheidung zur Weihe etwas anderes gesehen und woanders gearbeitet zu haben.\u201c<\/p>\n<p class=\"zwiti\">\u00dcber Jura in die Theologie<\/p>\n<p>Nach dem Abitur am Gymnasium Arnoldinum in Burgsteinfurt im Kreis Steinfurt zog es ihn nach Irland, zum Zivildienst in einer Einrichtung f\u00fcr <a href=\"https:\/\/www.kirche-und-leben.de\/themen\/themenbereich\/menschen-mit-behinderung\" target=\"_blank\" title=\"Mehr zum Thema Menschen mit Behinderung\" rel=\"nofollow noopener\">Menschen mit Behinderung<\/a>: \u201eDas waren wertvolle Jahre.\u201c Obwohl ihm schon seit der Oberstufe immer wieder der Gedanke gekommen war, Theologie zu studieren, schrieb sich Mieves anschlie\u00dfend erst einmal f\u00fcr das Fach Jura an der Universit\u00e4t in M\u00fcnster ein. Nach zwei Semestern wechselte er zur <a href=\"https:\/\/www.kirche-und-leben.de\/artikel\/was-ist-theologie\" target=\"_blank\" rel=\"nofollow noopener\">Theologie<\/a>. Er studierte zwischendurch ein Jahr an der Universit\u00e4t Stra\u00dfburg, Frankreich. 2019 erhielt er den wissenschaftlichen Abschluss \u201eMagister Theologiae\u201c.<\/p>\n<p>Weil ihn neben der Kirchenmusik \u2013 er spielt leidenschaftlich <a href=\"https:\/\/www.kirche-und-leben.de\/themen\/themenbereich\/orgel\" target=\"_blank\" title=\"Mehr zur Orgel\" rel=\"nofollow noopener\">Orgel<\/a> \u2013 besonders der Umgang mit Sprache fasziniert, machte Mieves ein Praktikum bei der Katholischen Nachrichtenagentur (KNA) und in der Pressestelle der Deutschen Bischofskonferenz (DBK). Es folgte ein Volontariat beim Herder-Verlag in Freiburg. Nach der Ausbildung bot der Verleger ihm eine Stelle als Redakteur bei der Wochenzeitung \u201eChrist in der Gegenwart\u201c an. Ein Traumjob, sagt der k\u00fcnftige Priester, den er 2021 schweren Herzens k\u00fcndigte. Denn: \u201eDas Thema Priesterwerden hatte mich trotz anderer guter Erfahrungen in den vergangenen zehn Jahren nie wirklich losgelassen.\u201c<\/p>\n<p class=\"zwiti\">Als Diakon in M\u00fcnster t\u00e4tig<\/p>\n<p class=\"infokasten-right\">Die Priesterweihe wird ab 14.30 Uhr live \u00fcbertragen auf <a href=\"https:\/\/www.kirche-und-leben.de\/\" target=\"_blank\" title=\"Zur Startseite\" rel=\"nofollow noopener\">Kirche-und-Leben.de<\/a><\/p>\n<p>Als fertiger Theologe mit journalistischen Berufskenntnissen meldete er sich im Priesterseminar Borromaeum. Im Juni 2024 wurde Jonas Mieves <a href=\"https:\/\/www.kirche-und-leben.de\/artikel\/bistum-muenster-jonas-mieves-diakon-weihe-priester-bischof-genn\" target=\"_blank\" rel=\"nofollow noopener\">zum Diakon geweiht<\/a>. In den zur\u00fcckliegenden zehn Monaten war er als solcher in der Pfarrei Liebfrauen-\u00dcberwasser in M\u00fcnster. Seit Anfang Mai ist er zusammen mit elf weiteren Priesteramtskandidaten aus dem norddeutschen Raum im Erzbisch\u00f6flichen Priesterseminar in Paderborn: \u201eEs ist gut, sich mit anderen auszutauschen, die sich mit denselben Fragen besch\u00e4ftigten wie man selbst.\u201c Jonas Mieves empfindet es als gegenseitige Best\u00e4rkung in einer Zeit, die in und f\u00fcr die Kirche aus vielerlei Gr\u00fcnden nicht einfach ist. Doch \u00fcber allem steht f\u00fcr ihn: \u201eIch freue mich auf die Priesterweihe.\u201c<\/p>\n<p>Als mentale Unterst\u00fctzung hat \u201eFamilienmensch\u201c Mieves zum Weihegottesdienst nicht nur seine Eltern, drei Geschwister, Tanten, Onkel, Cousinen und Cousins eingeladen, er freut sich auch auf das Wiedersehen mit Freunden und Wegbegleitern.<\/p>\n<p class=\"zwiti\">Primiz in Wettringen<\/p>\n<p>Seine erste Messe als Neu-Priester, die Primiz, feiert Jonas Mieves am Sonntag, 15. Juni, um 9.30 Uhr in seiner Heimatpfarrei St. Petronilla in Wettringen. Am Samstag, 21. Juni, gibt es eine weitere Primiz um 17 Uhr in Mieves\u2018 Diakonatspfarrei Liebfrauen-\u00dcberwasser in M\u00fcnster.<\/p>\n<p>\u00a0<\/p>\n","protected":false},"excerpt":{"rendered":"Zwei M\u00e4nner lassen sich am Pfingstsonntag im Dom in M\u00fcnster zu Priestern weihen. Kirche+Leben stellt sie vor. Diesmal:&hellip;\n","protected":false},"author":2,"featured_media":169198,"comment_status":"","ping_status":"","sticky":false,"template":"","format":"standard","meta":{"footnotes":""},"categories":[1843],"tags":[3364,29,30,16393,8970,1209],"class_list":{"0":"post-169197","1":"post","2":"type-post","3":"status-publish","4":"format-standard","5":"has-post-thumbnail","7":"category-muenster","8":"tag-de","9":"tag-deutschland","10":"tag-germany","11":"tag-kirche-und-leben-netz","12":"tag-muenster","13":"tag-nordrhein-westfalen"},"share_on_mastodon":{"url":"https:\/\/pubeurope.com\/@de\/114635283039937500","error":""},"_links":{"self":[{"href":"https:\/\/www.europesays.com\/de\/wp-json\/wp\/v2\/posts\/169197","targetHints":{"allow":["GET"]}}],"collection":[{"href":"https:\/\/www.europesays.com\/de\/wp-json\/wp\/v2\/posts"}],"about":[{"href":"https:\/\/www.europesays.com\/de\/wp-json\/wp\/v2\/types\/post"}],"author":[{"embeddable":true,"href":"https:\/\/www.europesays.com\/de\/wp-json\/wp\/v2\/users\/2"}],"replies":[{"embeddable":true,"href":"https:\/\/www.europesays.com\/de\/wp-json\/wp\/v2\/comments?post=169197"}],"version-history":[{"count":0,"href":"https:\/\/www.europesays.com\/de\/wp-json\/wp\/v2\/posts\/169197\/revisions"}],"wp:featuredmedia":[{"embeddable":true,"href":"https:\/\/www.europesays.com\/de\/wp-json\/wp\/v2\/media\/169198"}],"wp:attachment":[{"href":"https:\/\/www.europesays.com\/de\/wp-json\/wp\/v2\/media?parent=169197"}],"wp:term":[{"taxonomy":"category","embeddable":true,"href":"https:\/\/www.europesays.com\/de\/wp-json\/wp\/v2\/categories?post=169197"},{"taxonomy":"post_tag","embeddable":true,"href":"https:\/\/www.europesays.com\/de\/wp-json\/wp\/v2\/tags?post=169197"}],"curies":[{"name":"wp","href":"https:\/\/api.w.org\/{rel}","templated":true}]}}