{"id":169551,"date":"2025-06-06T10:55:17","date_gmt":"2025-06-06T10:55:17","guid":{"rendered":"https:\/\/www.europesays.com\/de\/169551\/"},"modified":"2025-06-06T10:55:17","modified_gmt":"2025-06-06T10:55:17","slug":"fahrgaeste-und-fahrer-entwickeln-neue-bahnen-mit","status":"publish","type":"post","link":"https:\/\/www.europesays.com\/de\/169551\/","title":{"rendered":"Fahrg\u00e4ste und Fahrer entwickeln neue Bahnen mit"},"content":{"rendered":"<p>Rheinbahn in D\u00fcsseldorf <\/p>\n<p>Fahrg\u00e4ste entwickeln Bahnen der n\u00e4chsten Generation mit<\/p>\n<p>Aktualisiert am 06.06.2025 &#8211; 11:58 UhrLesedauer: 2 Min.<\/p>\n<p><a href=\"#focus-0\" class=\"transition-colors duration-200 focus-within:text-magenta block text-current relative\" data-sctrack=\"FocusGalleryImage.Reference\"><img fetchpriority=\"high\" data-testid=\"Opener.Image\" style=\"--lqipURL:url('https:\/\/images.t-online.de\/2025\/06\/ISPiRRfSQMzs\/0x0:2250x1266\/fit-in\/150x0\/filters:blur(25)\/ob-zur-anordnung-der-sitze-zur-sichtbarkeit-der-taster-oder-zur-lautstaerke-der-durchsagen-die-vertreterinnen-und-vertreter-des-runden-tisches-verkehr-hatten-viele-fragen-an-tim-baeumken-abteilungsleiter-verkehrsplanung-bei-der-rheinbahn.jpg')\"   loading=\"eager\" src=\"https:\/\/www.europesays.com\/de\/wp-content\/uploads\/2025\/06\/ob-zur-anordnung-der-sitze-zur-sichtbarkeit-der-taster-oder-zur-lautstaerke-der-durchsagen-die-vertr.jpeg\" alt=\"Praxistest in einer Rheinbahn: Tim B\u00e4umken musste einige Fragen der G\u00e4ste beantworten.\" title=\"Praxistest in einer Rheinbahn: Tim B\u00e4umken musste einige Fragen der G\u00e4ste beantworten.\" width=\"2250\" height=\"1266\" class=\"bg-[url:var(--lqipURL)] bg-cover bg-center flex w-full max-w-full h-full\" decoding=\"async\"\/><img style=\"--width:32;--height:32\" loading=\"lazy\" src=\"https:\/\/www.europesays.com\/de\/wp-content\/uploads\/2025\/05\/zoom-in.f7dae02f.svg.svg+xml\" alt=\"Vergr\u00f6\u00dfern des Bildes\" title=\"Vergr\u00f6\u00dfern des Bildes\" class=\"&#10;        block&#10;        h-[calc(var(--height)_\/_16_*_1rem)]&#10;        w-[calc(var(--width)_\/_16_*_1rem)]&#10;        max-w-none&#10;        absolute bottom-8 right-8 rounded-4 bg-snow p-8\" decoding=\"async\"\/><\/a><\/p>\n<p>Praxistest in einer Rheinbahn: Tim B\u00e4umken musste einige Fragen der G\u00e4ste beantworten. (Quelle: Andreas Wiese\/Rheinbahn)<\/p>\n<p class=\"font-bold text-18 leading-17\">Die Rheinbahn bezieht ihre Fahrg\u00e4ste und Fahrer in die Entwicklung neuer Niederflurbahnen ein. Die Barrierefreiheit steht in der Planung im Mittelpunkt.<\/p>\n<p class=\"text-18 leading-17\">Die Rheinbahn plant eine neue Generation von m\u00f6glichst barrierefreien Niederflurbahnen. Bei der Konzeptionierung setzt das Verkehrsunternehmen von Anfang an auf die Menschen, die die Bahnen t\u00e4glich nutzen: die Fahrer und vor allem die Fahrg\u00e4ste.<\/p>\n<p class=\"text-18 leading-17\">Die Entwicklung der Fahrzeuge l\u00e4uft bereits mit einem breit angelegten Beteiligungsprozess, teilte die Rheinbahn mit. Die neuen Bahnen sollen langfristig die aktuelle Flotte der Niederflurbahnen ersetzen. Ein besonderer Fokus liegt auf der Barrierefreiheit. Till Ponath, Bereichsleiter Marketing, Vertrieb und Produktentwicklung, sagt: &#8222;Wir wollen Menschen verbinden, H\u00fcrden abbauen und den Nahverkehr einfacher nutzbar machen.&#8220;<\/p>\n<p class=\"text-18 leading-17\">Bei einem Praxistest im Mai nahmen Vertreter des Runden Tisches Verkehr und Sandra Fritz von der Behindertenkoordination der Stadt teil. Die G\u00e4ste testeten zwei aktuelle Fahrzeuggenerationen \u2013 mit Blick auf Verbesserungsm\u00f6glichkeiten f\u00fcr die Zukunft. &#8222;Dieses Feedback hilft uns enorm, gerade jetzt und lange bevor wir die neuen Fahrzeuge auf die Strecke bringen&#8220;, sagt Hartmut Schwarting, Projektleiter aus der Abteilung Fahrzeugstrategie und -beschaffung der Rheinbahn.<\/p>\n<p class=\"text-18 leading-17\">Von der Anordnung der Sitze \u00fcber die Gr\u00f6\u00dfe der Multifunktionsfl\u00e4chen und die Sichtbarkeit der Taster bis hin zur Lautst\u00e4rke und H\u00e4ufigkeit der Durchsagen kamen viele Details zur Sprache. Fritz sagt: &#8222;Es geht uns darum zu zeigen, was Menschen mit Behinderung brauchen, um eigenst\u00e4ndig den \u00f6ffentlichen Personennahverkehr zu nutzen und auch darum, dar\u00fcber zu sprechen, was wir umsetzen oder gegebenenfalls auch nicht umsetzen k\u00f6nnen.&#8220;<\/p>\n<p class=\"text-18 leading-17\">Denn wie Hartmut Schwarting erl\u00e4utert, geht es am Ende darum, Kompromisse zu finden, um m\u00f6glichst allen Zielgruppen, aber auch gesetzlichen Vorgaben gerecht zu werden. &#8222;Bei der Bestellung neuer Bahnen sind wir zur Einhaltung strenger Normen und Vorgaben verpflichtet und m\u00fcssen uns zwischen vielen Regularien bewegen.&#8220;<\/p>\n<p class=\"text-18 leading-17\">Der Austausch ist nur ein Baustein des Beteiligungsprozesses, den die Rheinbahn f\u00fcr die Entwicklung der neuen Bahnen initiiert hat. Bereits im M\u00e4rz waren Fahrg\u00e4ste zu einem ersten &#8222;Walk in&#8220; der Fahrzeuge eingeladen, bei dem sie W\u00fcnsche \u00e4u\u00dfern konnten. Auch regelm\u00e4\u00dfige Workshops mit den Fahrern sowie Mitarbeitern aus den Werkst\u00e4tten geh\u00f6ren zum Konzept.<\/p>\n<p class=\"text-18 leading-17\">Das Beteiligungsverfahren l\u00e4uft weiter, verspricht Ponath abschlie\u00dfend: &#8222;Diesen Weg der Entwicklung gehen wir gemeinsam mit unseren Mitarbeitenden und unseren Fahrg\u00e4sten.&#8220;<\/p>\n","protected":false},"excerpt":{"rendered":"Rheinbahn in D\u00fcsseldorf Fahrg\u00e4ste entwickeln Bahnen der n\u00e4chsten Generation mit Aktualisiert am 06.06.2025 &#8211; 11:58 UhrLesedauer: 2 Min.&hellip;\n","protected":false},"author":2,"featured_media":169552,"comment_status":"","ping_status":"","sticky":false,"template":"","format":"standard","meta":{"footnotes":""},"categories":[1831],"tags":[722,2072,2144,3364,29,3405,514,30,58301,58298,1209,58300,4102,58299,4900,58302,58303],"class_list":{"0":"post-169551","1":"post","2":"type-post","3":"status-publish","4":"format-standard","5":"has-post-thumbnail","7":"category-duesseldorf","8":"tag-722","9":"tag-2072","10":"tag-barrierefreiheit","11":"tag-de","12":"tag-deutschland","13":"tag-duesseldorf","14":"tag-fahrzeug","15":"tag-germany","16":"tag-hartmut-schwarting","17":"tag-niederflurbahn","18":"tag-nordrhein-westfalen","19":"tag-praxistest","20":"tag-rheinbahn","21":"tag-sandra-fritz","22":"tag-strassenbahn","23":"tag-tim-baeumken","24":"tag-verkehrsunternehmen"},"share_on_mastodon":{"url":"https:\/\/pubeurope.com\/@de\/114636057802787053","error":""},"_links":{"self":[{"href":"https:\/\/www.europesays.com\/de\/wp-json\/wp\/v2\/posts\/169551","targetHints":{"allow":["GET"]}}],"collection":[{"href":"https:\/\/www.europesays.com\/de\/wp-json\/wp\/v2\/posts"}],"about":[{"href":"https:\/\/www.europesays.com\/de\/wp-json\/wp\/v2\/types\/post"}],"author":[{"embeddable":true,"href":"https:\/\/www.europesays.com\/de\/wp-json\/wp\/v2\/users\/2"}],"replies":[{"embeddable":true,"href":"https:\/\/www.europesays.com\/de\/wp-json\/wp\/v2\/comments?post=169551"}],"version-history":[{"count":0,"href":"https:\/\/www.europesays.com\/de\/wp-json\/wp\/v2\/posts\/169551\/revisions"}],"wp:featuredmedia":[{"embeddable":true,"href":"https:\/\/www.europesays.com\/de\/wp-json\/wp\/v2\/media\/169552"}],"wp:attachment":[{"href":"https:\/\/www.europesays.com\/de\/wp-json\/wp\/v2\/media?parent=169551"}],"wp:term":[{"taxonomy":"category","embeddable":true,"href":"https:\/\/www.europesays.com\/de\/wp-json\/wp\/v2\/categories?post=169551"},{"taxonomy":"post_tag","embeddable":true,"href":"https:\/\/www.europesays.com\/de\/wp-json\/wp\/v2\/tags?post=169551"}],"curies":[{"name":"wp","href":"https:\/\/api.w.org\/{rel}","templated":true}]}}