{"id":169572,"date":"2025-06-06T11:07:09","date_gmt":"2025-06-06T11:07:09","guid":{"rendered":"https:\/\/www.europesays.com\/de\/169572\/"},"modified":"2025-06-06T11:07:09","modified_gmt":"2025-06-06T11:07:09","slug":"union-verpflichtet-u20-nationalspieler-ilyas-ansah","status":"publish","type":"post","link":"https:\/\/www.europesays.com\/de\/169572\/","title":{"rendered":"Union verpflichtet U20-Nationalspieler Ilyas Ansah"},"content":{"rendered":"<p><strong>Aus dem kleinen L\u00fcdenscheid in die gro\u00dfe Fu\u00dfballwelt<\/strong><\/p>\n<p>Seine fu\u00dfballerische Laufbahn begann Ansah im Nachwuchs des SC L\u00fcdenscheid, bevor es \u00fcber den VfL Bochum, den TSC Eintracht Dortmund und die Sportfreunde Siegen in die U19 des SC Paderborn ging. Dort \u00fcberzeugte der Angreifer mit vier Treffern in zw\u00f6lf Spielen der A-Junioren-Bundesliga.<\/p>\n<p>Schon bald durfte er sich im M\u00e4nnerbereich beweisen: Ab April 2023 kam er in der Oberliga Westfalen f\u00fcr Paderborns Zweite zum Einsatz. Es folgte ein Profivertrag im Sommer \u2013 und im September 2023 dann das Zweitliga-Deb\u00fct. Beim 1:1 gegen den 1. FC Magdeburg stand Ansah erstmals in der Startelf. Nur neun Spieltage sp\u00e4ter gelang ihm sein erster Treffer bei den Profis \u2013 ausgerechnet im ehrw\u00fcrdigen Volksparkstadion: Beim 2:1-Ausw\u00e4rtssieg gegen den Hamburger SV erzielte der 1,94 Meter gro\u00dfe Rechtsfu\u00df das entscheidende Tor.<\/p>\n<p>In der Saison 2024\/25 war Ansah aus dem Paderborner Team nicht mehr wegzudenken. In 33 von 34 Zweitligaspielen stand er auf dem Platz, traf sechs Mal selbst und bereitete weitere sechs Tore vor. Mit dem SCP k\u00e4mpfte er bis zum letzten Spieltag um den Aufstieg, musste sich im Rennen um den Relegationsplatz jedoch knapp dem SV Elversberg geschlagen geben.<\/p>\n<p>Auch auf internationaler B\u00fchne machte Ansah auf sich aufmerksam: Seit November 2023 lief er zw\u00f6lf Mal f\u00fcr die deutsche U20-Nationalmannschaft auf und traf dabei f\u00fcnf Mal. Jetzt will er seinen n\u00e4chsten Schritt bei den Eisernen gehen.<\/p>\n<p><strong>Drei Fakten \u00fcber Ilyas Ansah<\/strong><\/p>\n<ul>\n<li>\n<p>Ansah spielte in der U-Nationalmannschaft bereits mit Aljoscha Kemlein und Tom Rothe zusammen.<\/p>\n<\/li>\n<li>\n<p>In seiner Freizeit ist er gerne mit seinen Freunden unterwegs: Egal ob sportlich beim Bowling oder Tischtennis oder bei einem entspannten Nachmittag im Caf\u00e9.<\/p>\n<\/li>\n<li>\n<p>Beim DFB wird er intern \u201eder sanfte Riese\u201c genannt \u2013 nicht wegen seiner Gr\u00f6\u00dfe, sondern wegen seiner ruhigen Art abseits des Platzes.<\/p>\n<\/li>\n<\/ul>\n<p><strong>Stimmen zum Transfer<\/strong><\/p>\n<p>\u201eUnion ist ein besonderer Verein, der f\u00fcr Leidenschaft, Zusammenhalt und ehrlichen Fu\u00dfball steht \u2013 genau das, was ich mit diesem Sport verbinde. Als der Kontakt zustande kam, musste ich nicht lange \u00fcberlegen. F\u00fcr mich ist der Wechsel nach Berlin eine riesige Chance, mich auf hohem Niveau weiterzuentwickeln, neue Erfahrungen zu sammeln und meinen Teil zum Erfolg des Teams beizutragen. Ich freue mich darauf, das Umfeld kennenzulernen, die Vorbereitung mitzumachen und dann hoffentlich schnell auch im Stadion An der Alten F\u00f6rsterei auf dem Platz zu stehen\u201c, kommentierte Ilyas Ansah seinen Wechsel in die Hauptstadt.<\/p>\n<p>\u201eMit Ilyas bekommen wir einen jungen, aber schon sehr entwickelten Offensivspieler, der in der vergangenen Saison konstant gute Leistungen gezeigt hat. Er bringt Tempo, Physis und Torgefahr mit \u2013 Eigenschaften, die wir in unserem Spiel brauchen. Wir sind \u00fcberzeugt davon, dass er bei uns den n\u00e4chsten Schritt machen kann und freuen uns, ihn bei Union begr\u00fc\u00dfen zu d\u00fcrfen\u201c, begr\u00fcndete Horst Heldt, Gesch\u00e4ftsf\u00fchrer Profifu\u00dfball M\u00e4nner des 1. FC Union Berlin, die Verpflichtung.<\/p>\n","protected":false},"excerpt":{"rendered":"Aus dem kleinen L\u00fcdenscheid in die gro\u00dfe Fu\u00dfballwelt Seine fu\u00dfballerische Laufbahn begann Ansah im Nachwuchs des SC L\u00fcdenscheid,&hellip;\n","protected":false},"author":2,"featured_media":169573,"comment_status":"","ping_status":"","sticky":false,"template":"","format":"standard","meta":{"footnotes":""},"categories":[1825],"tags":[1941,1939,296,1937,29,30,1940,1938],"class_list":{"0":"post-169572","1":"post","2":"type-post","3":"status-publish","4":"format-standard","5":"has-post-thumbnail","7":"category-berlin","8":"tag-aktuelle-nachrichten-aus-berlin","9":"tag-aktuelle-news-aus-berlin","10":"tag-berlin","11":"tag-berlin-news","12":"tag-deutschland","13":"tag-germany","14":"tag-nachrichten-aus-berlin","15":"tag-news-aus-berlin"},"share_on_mastodon":{"url":"https:\/\/pubeurope.com\/@de\/114636104946224612","error":""},"_links":{"self":[{"href":"https:\/\/www.europesays.com\/de\/wp-json\/wp\/v2\/posts\/169572","targetHints":{"allow":["GET"]}}],"collection":[{"href":"https:\/\/www.europesays.com\/de\/wp-json\/wp\/v2\/posts"}],"about":[{"href":"https:\/\/www.europesays.com\/de\/wp-json\/wp\/v2\/types\/post"}],"author":[{"embeddable":true,"href":"https:\/\/www.europesays.com\/de\/wp-json\/wp\/v2\/users\/2"}],"replies":[{"embeddable":true,"href":"https:\/\/www.europesays.com\/de\/wp-json\/wp\/v2\/comments?post=169572"}],"version-history":[{"count":0,"href":"https:\/\/www.europesays.com\/de\/wp-json\/wp\/v2\/posts\/169572\/revisions"}],"wp:featuredmedia":[{"embeddable":true,"href":"https:\/\/www.europesays.com\/de\/wp-json\/wp\/v2\/media\/169573"}],"wp:attachment":[{"href":"https:\/\/www.europesays.com\/de\/wp-json\/wp\/v2\/media?parent=169572"}],"wp:term":[{"taxonomy":"category","embeddable":true,"href":"https:\/\/www.europesays.com\/de\/wp-json\/wp\/v2\/categories?post=169572"},{"taxonomy":"post_tag","embeddable":true,"href":"https:\/\/www.europesays.com\/de\/wp-json\/wp\/v2\/tags?post=169572"}],"curies":[{"name":"wp","href":"https:\/\/api.w.org\/{rel}","templated":true}]}}