{"id":169597,"date":"2025-06-06T11:21:09","date_gmt":"2025-06-06T11:21:09","guid":{"rendered":"https:\/\/www.europesays.com\/de\/169597\/"},"modified":"2025-06-06T11:21:09","modified_gmt":"2025-06-06T11:21:09","slug":"home-geraet-von-apple-markeneintrag-fuer-homeos-entdeckt","status":"publish","type":"post","link":"https:\/\/www.europesays.com\/de\/169597\/","title":{"rendered":"&#8222;Home-Ger\u00e4t&#8220; von Apple: Markeneintrag f\u00fcr &#8222;homeOS&#8220; entdeckt"},"content":{"rendered":"<p>    close notice<\/p>\n<p class=\"notice-banner__text a-u-mb-0\">\n      This article is also available in<br \/>\n        <a href=\"https:\/\/www.heise.de\/en\/news\/Trademark-entry-for-homeOS-Is-a-home-device-from-Apple-coming-to-WWDC-10435853.html\" class=\"notice-banner__link a-u-inline-link\" target=\"_blank\" rel=\"noopener\">English<\/a>.<\/p>\n<p>      It was translated with technical assistance and editorially reviewed before publication.\n    <\/p>\n<p class=\"notice-banner__link a-u-mb-0\">\n    Don\u2019t show this again.\n<\/p>\n<p>Apples Entwicklerkonferenz <a href=\"https:\/\/www.heise.de\/news\/WWDC-2025-am-Pfingstmontag-Vorschau-und-Liveticker-zur-Apple-Keynote-10435314.html\" target=\"_blank\" rel=\"noopener\">WWDC 2025<\/a>, die am Montag mit einer Keynote beginnt, wird sich wohl vor allem auf die neuen Betriebssysteme des Konzerns konzentrieren. Die Ger\u00fcchte in Sachen frischer Hardware sind hingegen d\u00fcnn ges\u00e4t. Doch nun gibt es doch ein interessantes neues Detail: Eine Firma, die m\u00f6glicherweise mit Apple im Zusammenhang steht, hat bereits im April eine Marke angemeldet, die zu einem neuen Apple-Produkt passen w\u00fcrde.<\/p>\n<p>Kramen in der Markendatenbank<\/p>\n<p>Der Produktentwickler <a href=\"https:\/\/x.com\/ParkerOrtolani\/status\/1930720506132471886\" rel=\"external noopener\" target=\"_blank\">Parker Ortolani<\/a>, der fr\u00fcher unter anderem bei The Verge gearbeitet hat, entdeckte die Information <a href=\"https:\/\/www.trademarkia.com\/homeos-99140347\" rel=\"external noopener\" target=\"_blank\">in der US-Markenrechtsdatenbank<\/a>. Dort wurde der Begriff &#8222;HOMEOS&#8220; f\u00fcr ein &#8222;Computer Software Design&#8220; sowie diverse andere Dienste im Zusammenhang mit Rechentechnik inklusive Anwendungsentwicklung angemeldet. &#8222;HOMEOS&#8220; wiederum k\u00f6nnte f\u00fcr &#8222;homeOS&#8220; stehen, ein neues Betriebssystem, das Apple angeblich f\u00fcr <a href=\"https:\/\/www.heise.de\/news\/Apples-neues-Home-Geraet-6-Zoll-Bildschirm-quadratisch-kein-App-Store-10040181.html\" target=\"_blank\" rel=\"noopener\">sein neues Home-Ger\u00e4t<\/a> plant, das seit L\u00e4ngerem erwartet wird.<\/p>\n<p>Entsprechend k\u00f6nnte es sein, dass Apple sein &#8222;Home-Ger\u00e4t&#8220; wom\u00f6glich doch schon zur WWDC ank\u00fcndigt \u2013 oder zumindest das dazugeh\u00f6rige Betriebssystem. Als m\u00f6glicher Name wird &#8222;HomePad&#8220; kolportiert. Es soll sich um ein rechteckiges, iPad-artig verkleinertes Touchscreen-Ger\u00e4t handeln, mit dem HomeKit-Hardware gesteuert wird. M\u00f6glicherweise ist auch ein Dock mit Lautsprecher geplant, auch <a href=\"https:\/\/www.heise.de\/news\/HomePod-Hub-Wichtigstes-Apple-Produkt-des-Jahres-10257406.html\" target=\"_blank\" rel=\"noopener\">Nachfolgeprodukte f\u00fcr den Lautsprecher HomePod<\/a> stehen aus, die die Funktionalit\u00e4ten kombinieren k\u00f6nnte. Im April hie\u00df es allerdings, Apple <a href=\"https:\/\/www.heise.de\/news\/Apples-neues-Home-Geraet-kommt-wohl-erst-naechstes-Jahr-10343666.html\" target=\"_blank\" rel=\"noopener\">habe das &#8222;Home-Ger\u00e4t&#8220; zun\u00e4chst verschoben<\/a>, weil es von neuen Siri-Funktionen abh\u00e4ngig ist, <a href=\"https:\/\/www.heise.de\/news\/Werbung-fuer-verschobenes-Siri-Feature-Apple-in-den-USA-verklagt-10323999.html\" target=\"_blank\" rel=\"noopener\">die erst 2026<\/a> erwartet werden. <\/p>\n<p>Briefkastenfirma hinter &#8222;HOMEOS&#8220;<\/p>\n<p>Die Marke &#8222;HOMEOS&#8220; wurde von einem bislang unbekannten Unternehmen namens &#8222;Home Operations Suite LLC&#8220; angemeldet. Eine LLC kann man innerhalb von Minuten gr\u00fcnden, es spricht also viel daf\u00fcr, dass ein gr\u00f6\u00dferes Unternehmen dahintersteckt. Eine direkte Verbindung zu Apple l\u00e4sst sich derzeit allerdings nicht nachweisen.<\/p>\n<p>Der iPhone-Hersteller hatte in der Vergangenheit aber schon h\u00e4ufig auf die Arbeit mit einer Briefkastenfirma gesetzt, um Marken vorab anzumelden, dabei aber nicht als Apple aufzufallen. Die Frage ist nun, ob sich Apple tats\u00e4chlich dazu entschieden hat, das &#8222;Home-Ger\u00e4t&#8220; auch ohne bessere Siri auf den Markt zu bringen.<\/p>\n<p>(<a class=\"redakteurskuerzel__link\" href=\"https:\/\/www.heise.de\/news\/mailto:bsc@heise.de\" title=\"Ben Schwan\" target=\"_blank\" rel=\"noopener\">bsc<\/a>)<\/p>\n<p>\n      Dieser Link ist leider nicht mehr g\u00fcltig.\n    <\/p>\n<p>Links zu verschenkten Artikeln werden ung\u00fcltig,<br \/>\n      wenn diese \u00e4lter als 7\u00a0Tage sind oder zu oft aufgerufen wurden.\n    <\/p>\n<p><strong>Sie ben\u00f6tigen ein heise+ Paket, um diesen Artikel zu lesen. Jetzt eine Woche unverbindlich testen \u2013 ohne Verpflichtung!<\/strong><\/p>\n","protected":false},"excerpt":{"rendered":"close notice This article is also available in English. It was translated with technical assistance and editorially reviewed&hellip;\n","protected":false},"author":2,"featured_media":169598,"comment_status":"","ping_status":"","sticky":false,"template":"","format":"standard","meta":{"footnotes":""},"categories":[135],"tags":[231,29,30,22045,58311,58312,35887,58313,1273,190,189,29325,58314,194,191,193,192,38688,27380],"class_list":{"0":"post-169597","1":"post","2":"type-post","3":"status-publish","4":"format-standard","5":"has-post-thumbnail","7":"category-wissenschaft-technik","8":"tag-apple","9":"tag-deutschland","10":"tag-germany","11":"tag-geruechte","12":"tag-homekit","13":"tag-homeos","14":"tag-marke","15":"tag-markeneintrag","16":"tag-mobiles","17":"tag-science","18":"tag-science-technology","19":"tag-smart-home","20":"tag-smart-home-geraete","21":"tag-technik","22":"tag-technology","23":"tag-wissenschaft","24":"tag-wissenschaft-technik","25":"tag-wwdc","26":"tag-zubehoer"},"share_on_mastodon":{"url":"https:\/\/pubeurope.com\/@de\/114636159982207164","error":""},"_links":{"self":[{"href":"https:\/\/www.europesays.com\/de\/wp-json\/wp\/v2\/posts\/169597","targetHints":{"allow":["GET"]}}],"collection":[{"href":"https:\/\/www.europesays.com\/de\/wp-json\/wp\/v2\/posts"}],"about":[{"href":"https:\/\/www.europesays.com\/de\/wp-json\/wp\/v2\/types\/post"}],"author":[{"embeddable":true,"href":"https:\/\/www.europesays.com\/de\/wp-json\/wp\/v2\/users\/2"}],"replies":[{"embeddable":true,"href":"https:\/\/www.europesays.com\/de\/wp-json\/wp\/v2\/comments?post=169597"}],"version-history":[{"count":0,"href":"https:\/\/www.europesays.com\/de\/wp-json\/wp\/v2\/posts\/169597\/revisions"}],"wp:featuredmedia":[{"embeddable":true,"href":"https:\/\/www.europesays.com\/de\/wp-json\/wp\/v2\/media\/169598"}],"wp:attachment":[{"href":"https:\/\/www.europesays.com\/de\/wp-json\/wp\/v2\/media?parent=169597"}],"wp:term":[{"taxonomy":"category","embeddable":true,"href":"https:\/\/www.europesays.com\/de\/wp-json\/wp\/v2\/categories?post=169597"},{"taxonomy":"post_tag","embeddable":true,"href":"https:\/\/www.europesays.com\/de\/wp-json\/wp\/v2\/tags?post=169597"}],"curies":[{"name":"wp","href":"https:\/\/api.w.org\/{rel}","templated":true}]}}