{"id":169881,"date":"2025-06-06T13:54:17","date_gmt":"2025-06-06T13:54:17","guid":{"rendered":"https:\/\/www.europesays.com\/de\/169881\/"},"modified":"2025-06-06T13:54:17","modified_gmt":"2025-06-06T13:54:17","slug":"99-lgbt-buecher-nicht-nur-fuer-den-pride-month","status":"publish","type":"post","link":"https:\/\/www.europesays.com\/de\/169881\/","title":{"rendered":"99 LGBT-B\u00fccher (nicht nur) f\u00fcr den Pride Month"},"content":{"rendered":"<p>Der Juni ist der <a href=\"https:\/\/www.stuttgarter-zeitung.de\/inhalt.pride-month-mhsd.87e934df-6644-4c69-a4e8-1c8c9b30cb0a.html\" target=\"_blank\" rel=\"nofollow noopener\">Pride Month<\/a> \u2013 also der Monat, in dem Mitglieder der <a href=\"https:\/\/www.stuttgarter-zeitung.de\/thema\/LGBTQ\" title=\"LGBTQ\" class=\"art_thema\" rel=\"nofollow noopener\" target=\"_blank\">LGBTQ<\/a>+-Gemeinde einerseits stolz ihre Identit\u00e4t feiern und andererseits verst\u00e4rkt auf bestehende Ungerechtigkeiten und Diskriminierungen aufmerksam machen. B\u00fccher waren dabei schon immer ein gutes Mittel, um \u00fcber den eigenen Tellerrand hinauszusehen, andere Perspektiven kennenzulernen und zu verstehen.<\/p>\n<p>Gleichzeitig kann Literatur Repr\u00e4sentation und Identit\u00e4t schaffen: F\u00fcr alle jene, die sich in der Gesellschaft nicht gesehen oder geh\u00f6rt f\u00fchlen, die ihre Sexualit\u00e4t oder Geschlechtsidentit\u00e4t in Frage stellen, k\u00f6nnen B\u00fccher ein Weg sein, um sich verstanden zu f\u00fchlen.<\/p>\n<p>Unsere LGBTQ+-Buchtipps zum Pride Month sind f\u00fcr jeden lesenswert \u2013 f\u00fcr diejenigen, die etwas Neues lernen wollen, f\u00fcr diejenigen, die sich selbst wiederfinden wollen und nat\u00fcrlich f\u00fcr all jene, die einfach nur gerne gute B\u00fccher lesen.<\/p>\n<p>Springen Sie direkt zu einer Kategorie, um zu st\u00f6bern:<\/p>\n<p><strong>St\u00f6bern Sie auch in der <a href=\"https:\/\/www.stuttgarter-zeitung.de\/thema\/Bildergalerie\" title=\"Bildergalerie\" class=\"art_thema\" rel=\"nofollow noopener\" target=\"_blank\">Bildergalerie<\/a> zum Artikel.\u00a0<\/strong>Hier finden Sie unter anderem unsere Buchtipps aus der Vergangenheit und somit 99\u00a0B\u00fccher!<\/p>\n<p><strong>Ocean Vuong \u2013 Der Kaiser der Freude<\/strong><\/p>\n<p>In seinem neuen Roman <a href=\"https:\/\/amzn.to\/43K5lRR\" rel=\"nofollow noopener\" target=\"_blank\">\u201eDer Kaiser der Freude\u201c<\/a>* erz\u00e4hlt Ocean Vuong poetisch, roh und intim die Geschichte von Hai, einem queeren Mann vietnamesischer Herkunft, der in einem trostlosen Nest in New England lebt. Inmitten von Tabletten, Suizidgedanken und den Schatten der Vergangenheit begegnet er Grazina, einer litauischen \u00dcberlebenden des Zweiten Weltkriegs. Zwischen beiden entwickelt sich eine ungew\u00f6hnliche Freundschaft. Hai findet Arbeit in einem Diner voller Au\u00dfenseiter \u2013 Menschen wie er, die sich in einem System abstrampeln, das ihnen keine Luft zum Atmen l\u00e4sst. Vuong schreibt mit einzigartiger Sprachkraft \u00fcber queere Verbundenheit jenseits biologischer Familien.<\/p>\n<p><strong>Michael Roes \u2013 Spunk<\/strong><\/p>\n<p>Gabriel will raus \u2013 raus aus der Enge seines gewaltt\u00e4tigen Elternhauses, raus aus dem Rheinland. Also geht er, wie fr\u00fcher die Handwerker, auf die Walz. In <a href=\"https:\/\/amzn.to\/4kQZjG3\" rel=\"nofollow noopener\" target=\"_blank\">\u201eSpunk\u201c<\/a>* beschreibt Michael Roes Gabriels Reise durch das Westdeutschland der sp\u00e4ten 1970er, seine Suche nach Freiheit, Identit\u00e4t und Sprache. In einer Kreuzberger Hausbesetzer-WG trifft er Pille, einen anarchischen Punk \u2013 zwischen den beiden entsteht N\u00e4he, vielleicht Liebe. Ein Roman \u00fcber queeres Begehren, Freundschaft und Selbstfindung in einer von Rebellion und Aufbruch gepr\u00e4gten Zeit.<\/p>\n<p><strong>Jiaming Tang \u2013 Cinema Love<\/strong><\/p>\n<p>Fuzhou, 1980er Jahre: In einem alten Kino finden zwei M\u00e4nner eine Liebe, die im kommunistischen China nicht existieren darf. <a href=\"https:\/\/amzn.to\/4mL56ip\" rel=\"nofollow noopener\" target=\"_blank\">\u201eCinema Love\u201c<\/a>* ist ein bewegendes Deb\u00fct, das von gleichgeschlechtlicher Liebe, Migration und Verlust erz\u00e4hlt. Old Second und Shun-Er lieben sich im Schatten alter Kriegsfilme. Doch als Shun-Ers Frau die Wahrheit erkennt, trifft sie eine Entscheidung mit fatalen Folgen. Old Second und Bao Mei fliehen in die USA \u2013 doch dort entpuppt sich der amerikanische Traum f\u00fcr viele Migranten\u00a0als Illusion. Zwischen chinesischen Reisfeldern und amerikanischen Einkaufszentren erz\u00e4hlt Jiaming Tang eine ber\u00fchrende Geschichte \u00fcber M\u00e4nner, die ihre Wahrheit verbergen m\u00fcssen, und Frauen, die mit dieser L\u00fcge leben sollen.<\/p>\n<p><strong>Selma Kay Matter \u2013 Muskeln aus Plastik<\/strong><\/p>\n<p>Ein K\u00f6rper im Widerstand: Kay lebt mit Long Covid, ist trans \u2013 und verliebt. Doch jede k\u00f6rperliche N\u00e4he bringt Schmerz. <a href=\"https:\/\/amzn.to\/3FA7yaF\" rel=\"nofollow noopener\" target=\"_blank\">\u201eMuskeln aus Plastik\u201c<\/a>* ist ein kompromissloser Roman \u00fcber chronische Krankheit, Begehren und Identit\u00e4t. Selma Kay Matter findet eine eigene literarische Form, um \u00fcber Schmerz und F\u00fcrsorge\u00a0zu schreiben, \u00fcber queeres Begehren und gesellschaftliche Zuschreibungen.<\/p>\n<p><strong>Marie Aubert \u2013 Eigentlich bin ich nicht so<\/strong><\/p>\n<p>Eine Familienfeier als emotionales Minenfeld: In <a href=\"https:\/\/amzn.to\/4mNG41W\" rel=\"nofollow noopener\" target=\"_blank\">\u201eEigentlich bin ich nicht so\u201c<\/a>* treffen sich drei Generationen \u2013 und ihre Geheimnisse. Im Zentrum steht Hanne, die queere Tante, die mit alten Verletzungen zur\u00fcckkehrt. Es geht um K\u00f6rperbilder, Lebensl\u00fcgen und unerf\u00fcllte Sehns\u00fcchte. Der Norwegerin Aubert gelingt ein leiser, schmerzhafter Roman \u00fcber das Ringen um Anerkennung \u2013 in der Familie, in der Gesellschaft, in sich selbst.<\/p>\n<p><strong>Hengameh Yaghoobifarah \u2013 Schwindel<\/strong><\/p>\n<p>Ein Date, drei Ex-Lover, ein Hochhausdach ohne Ausgang. <a href=\"https:\/\/amzn.to\/4dPPrtX\" rel=\"nofollow noopener\" target=\"_blank\">\u201eSchwindel\u201c<\/a>* ist eine queere Beziehungskom\u00f6die mit Tiefgang. Als Ava beim Date mit Robin pl\u00f6tzlich von Delia und Silvia \u00fcberrascht wird \u2013 zwei weiteren Geliebten \u2013 eskaliert die Situation. Gemeinsam eingesperrt auf dem Dach, prallen Konflikte, Eitelkeiten und Gef\u00fchle aufeinander. Yaghoobifarah erz\u00e4hlt mit Witz und Pr\u00e4zision vom Chaos moderner Beziehungen \u2013 und von der Sehnsucht nach N\u00e4he in einer Welt voller Optionen.<\/p>\n<p><strong>Pajtim Statovci \u2013 Meine Katze Jugoslawien<\/strong><\/p>\n<p>Zwei Geschichten, ein Thema: Fremdsein im eigenen Leben. <a href=\"https:\/\/amzn.to\/43PUOov\" rel=\"nofollow noopener\" target=\"_blank\">\u201eMeine Katze Jugoslawien\u201c<\/a>* verwebt die Geschichte von Emine, die im Kosovo der 1980er Jahre zwangsverheiratet wird, mit der ihres Sohnes Bekim, der als queerer Migrant in Finnland aufw\u00e4chst. Die sprechende Katze, die Bekim in einer Bar trifft, ist surreal \u2013 und zugleich Symbol f\u00fcr verdr\u00e4ngte Traumata. Statovci gelingt ein kluger, verst\u00f6render Roman \u00fcber Krieg, Herkunft, Identit\u00e4t und das Recht, anders zu sein.<\/p>\n<p><strong>Angelo Tijssens \u2013 An R\u00e4ndern<\/strong><\/p>\n<p>Kurz, aber kraftvoll: <a href=\"https:\/\/amzn.to\/3FNsDOL\" rel=\"nofollow noopener\" target=\"_blank\">\u201eAn R\u00e4ndern\u201c<\/a>* ist ein stiller Roman \u00fcber Verlust, Liebe und Selbstbehauptung. Ein junger Mann kehrt in seine Heimat zur\u00fcck, stellt sich seiner Kindheit, seiner toten Mutter \u2013 und seiner ersten gro\u00dfen Liebe. Angelo Tijssens erz\u00e4hlt von Homosexualit\u00e4t in einem feindlichen Umfeld, von \u00dcberleben und dem Versuch, sich nicht selbst aufzugeben. Ein Text, der nachhallt \u2013 melancholisch, hoffnungsvoll, radikal aufrichtig.<\/p>\n<p><strong>Nora Bossong \u2013 Reichskanzlerplatz<\/strong><\/p>\n<p>Eine queere Perspektive auf die Vorgeschichte des Dritten Reichs: In <a href=\"https:\/\/amzn.to\/4jEQtue\" rel=\"nofollow noopener\" target=\"_blank\">\u201eReichskanzlerplatz\u201c<\/a>* beschreibt Nora Bossong, angelehnt an wahre Ereignisse, die Beziehung zwischen dem homosexuellen Hans Kesselbach und Magda Goebbels, damals noch Quandt. Aus einer Aff\u00e4re wird eine politische Trag\u00f6die. Der Roman verkn\u00fcpft pers\u00f6nliche und gesellschaftliche Br\u00fcche \u2013 und zeigt, wie Menschen sich in den Mahlstrom der Geschichte ziehen lassen. Unser Redakteur <a href=\"https:\/\/www.stuttgarter-zeitung.de\/inhalt.buchtipp-nora-bossong-reichskanzlerplatz-aus-dem-privatleben-einer-parteigaengerin-des-boesen.66d867e7-e6e7-4994-93a5-09835a277f26.html\" target=\"_blank\" rel=\"nofollow noopener\">stellt den Roman in einem Buchtipp genauer vor<\/a>.<\/p>\n<p><strong>Elena Malisowa &amp; Katerina Silwanowa \u2013 Du und ich und der Sommer<\/strong><\/p>\n<p>Verbotene Liebe in der Sowjetunion: <a href=\"https:\/\/amzn.to\/3SE8UE9\" rel=\"nofollow noopener\" target=\"_blank\">\u201eDu und ich und der Sommer\u201c<\/a>* erz\u00e4hlt von Jura und Wolodja, zwei Jugendlichen, die sich in einem Sommerlager verlieben. Doch ihre Gef\u00fchle m\u00fcssen geheim bleiben \u2013 Homosexualit\u00e4t steht unter Strafe. Zwanzig Jahre sp\u00e4ter begibt sich Jura auf die Suche nach seiner Jugendliebe. Das russisch-ukrainische Autorenduo erz\u00e4hlt zart und bewegend von erster Liebe, Erinnerung und Widerstand in einem repressiven System. Ein queerer <a href=\"https:\/\/www.stuttgarter-zeitung.de\/inhalt.booktok-community-buchbranche-profitiert-von-tiktok-doch-es-gibt-auch-nachteile.778aa5b2-7d10-4a49-a8e0-a06a2d76b854.html\" target=\"_blank\" rel=\"nofollow noopener\">TikTok-Hit<\/a>, der in Russland verboten wurde, und nun endlich auf Deutsch erh\u00e4ltlich ist.<\/p>\n<p style=\"text-align:right\">*<a href=\"https:\/\/www.stuttgarter-zeitung.de\/agb\" target=\"_blank\" rel=\"nofollow noopener\">ANZEIGE<\/a><\/p>\n<p><strong>Lesen Sie auch:\u00a0<\/strong><a href=\"https:\/\/www.stuttgarter-zeitung.de\/inhalt.buchtipps-aus-der-redaktion-queere-leseempfehlungen.bc6f8fae-ccd2-4de3-bd2d-11a2682ff1a6.html\" target=\"_blank\" rel=\"nofollow noopener\">Queere Buchtipps aus unserer Stadtkind-Redaktion<\/a><\/p>\n<p><img decoding=\"async\" loading=\"lazy\" alt=\"\" src=\"https:\/\/www.europesays.com\/de\/wp-content\/uploads\/2025\/06\/media.imagefile.93c7a950-4377-4f04-9355-845ba18d72ab.original.media.jpeg\" style=\"width:100%\"\/><\/p>\n<p style=\"text-align:right\">Wir stellen 5\u00a0LGBTQ+-Kinderb\u00fccher vor. Bild:\u00a0Rawpixel.com\/Shutterstock<\/p>\n<p><strong>Ricarda Hofmann, Corinna Jegelka \u2013 Meine Lieblingsfarbe ist bunt<\/strong><\/p>\n<p>Ricky soll ihren sch\u00f6nsten Ferienmoment in ihrer Lieblingsfarbe malen \u2013 doch sie hat keine. Also macht sie sich mit Hund Ole auf den Weg und entdeckt eine Welt voller Farben und Geschichten. In <a href=\"https:\/\/amzn.to\/43Ni1HB\" rel=\"nofollow noopener\" target=\"_blank\">\u201eMeine Lieblingsfarbe ist bunt\u201c<\/a>* trifft sie Menschen, f\u00fcr die jede Farbe mit Erinnerungen und Gef\u00fchlen verbunden ist: Blau, Rot, Gelb, Orange, Gr\u00fcn, Lila \u2013 jede erz\u00e4hlt ihre eigene Geschichte. Ricky erkennt: Man muss sich nicht entscheiden. Und: Die Welt ist erst richtig sch\u00f6n, wenn sie bunt ist. Ein liebevolles Bilderbuch f\u00fcr Kinder ab 3 Jahren \u00fcber Vielfalt, Neugier und die Freiheit, alles sein zu d\u00fcrfen.<\/p>\n<p><strong>Kirsten Boie, Cornelia Funke uvm. \u2013 Regenbogenbunte Geschichten<\/strong><\/p>\n<p>Dieses Buch ist eine vielf\u00e4ltige und bunte Sammlung von Vorlesegeschichten f\u00fcr Kinder, geschrieben von namhaften Autoren wie Paul Maar, Kirsten Boie und Cornelia Funke. Es enth\u00e4lt Abenteuer aus dem Kinderalltag, Geschichten von Prinzessinnen und Prinzen, Tieren, Dinosauriern, der Feuerwehr und Piraten. Die farbenfroh illustrierten Geschichten feiern die Diversit\u00e4t und zeigen die vielf\u00e4ltigen Lebensrealit\u00e4ten unserer Gesellschaft. \u201e<a href=\"https:\/\/amzn.to\/4bLqj5O\" rel=\"nofollow noopener\" target=\"_blank\">Regenbogenbunte Geschichten<\/a>\u201c* laden zum Tr\u00e4umen und Lachen ein und sind ideal f\u00fcr gem\u00fctliche Lesezeiten mit Kindern ab 2 Jahren geeignet.<\/p>\n<p><strong>Britta Kiwit \u2013 Ach, das ist Familie?<\/strong><\/p>\n<p>Dieses Buch besch\u00e4ftigt sich mit der Vielfalt von Familienformen und bricht mit traditionellen Rollenbildern und Erwartungen. Es richtet sich an Alleinerziehende, LGBTQ+-Familien, Patchwork-Familien und viele andere. Durch Vorlesetexte, Infok\u00e4sten und farbenfrohe Illustrationen vermittelt es kindgerecht verschiedene Familienkonstellationen und regt dazu an, jede Familie neu kennenzulernen. \u201e<a href=\"https:\/\/amzn.to\/3X3q6GC\" rel=\"nofollow noopener\" target=\"_blank\">Ach, das ist Familie?<\/a>\u201c* bietet zahlreiche Tipps und Beispiele aus der heutigen Lebensrealit\u00e4t, um Eltern und Bezugspersonen bei der achtsamen Auseinandersetzung mit dem Thema Familie zu unterst\u00fctzen.<\/p>\n<p><strong>Tracey Turner \u2013 Unsere kunterbunte Welt: Wir sind wunderbar verschieden<\/strong><\/p>\n<p>In diesem <a href=\"https:\/\/amzn.to\/3yFKDGX\" rel=\"nofollow noopener\" target=\"_blank\">Sachbilderbuch<\/a>* lernen wir die vielf\u00e4ltigen Kinder einer Schule kennen, ebenso wie ihre Lehrerinnen, Lehrer, Eltern und Familien. Die Kinder haben unterschiedliche Interessen, Gef\u00fchle, Kulturen, Familien, Talente und Tr\u00e4ume, aber auch vieles gemeinsam. Das Buch zeigt einf\u00fchlsam und ehrlich, was uns einzigartig macht, darunter verschiedene Familienkonstellationen, Adoption, Identit\u00e4ten sowie Lern- und K\u00f6rperbehinderungen. Durch die direkten \u00c4u\u00dferungen der Kinder werden Empathie, Selbstliebe und Verst\u00e4ndnis f\u00fcreinander spielerisch gest\u00e4rkt. Es ist ein vielseitiges Buch f\u00fcr Kinder ab 5 Jahren, das die wunderbare Verschiedenheit der Menschen zeigt.<\/p>\n<p><strong>Lesen Sie auch:<\/strong> <a href=\"https:\/\/www.stuttgarter-zeitung.de\/inhalt.deutscher-jugendliteraturpreis-stuttgarter-verlag-mit-ungewoehnlichem-buch-erfolgreich.1acde2e1-de3b-44ac-af49-2cb6ddc3cce8.html\" target=\"_blank\" rel=\"nofollow noopener\">Deutscher Jugendliteraturpreis 2023: Stuttgarter Verlag mit ungew\u00f6hnlichem Buch erfolgreich<\/a><\/p>\n<p><strong>Jenny J\u00e4gerfeld \u2013 Best Bro Ever!<\/strong><\/p>\n<p>Das Buch \u201eBest Bro Ever!\u201c handelt von dem 11-j\u00e4hrigen M\u00e5ns, der einen Sommer in der Gro\u00dfstadt Malm\u00f6 verbringt, weil seine Mutter dort beruflich zu tun hat. F\u00fcr M\u00e5ns ist dies die Gelegenheit, endlich so zu sein, wie er wirklich ist, ohne dass jemand seine Vorgeschichte kennt. Er freundet sich schnell mit Mikkel an, und die beiden genie\u00dfen ihre Zeit zusammen als richtige Blutsbr\u00fcder. Doch als Mikkel M\u00e5ns&#8216; Pass entdeckt, will er pl\u00f6tzlich nichts mehr mit ihm zu tun haben. Die Autorin Jenny J\u00e4gerfeld greift in diesem Buch, \u00e4hnlich wie in \u201eComedy Queen\u201c und der \u201eGenial\u201c-Trilogie, ein gesellschaftlich relevantes und brisantes Thema auf, und vermittelt es mit einer Mischung aus Ernsthaftigkeit und Humor. \u201e<a href=\"https:\/\/amzn.to\/4bIC111\" rel=\"nofollow noopener\" target=\"_blank\">Best Bro Ever!<\/a>\u201c* ist in der Kategorie \u201eKinderbuch\u201c f\u00fcr den Deutschen Jugendliteraturpreis 2024 nominiert.<\/p>\n<p>*<a href=\"https:\/\/www.stuttgarter-zeitung.de\/agb\" target=\"_blank\" rel=\"nofollow noopener\">ANZEIGE<\/a><\/p>\n<p><img decoding=\"async\" loading=\"lazy\" alt=\"\" src=\"https:\/\/www.europesays.com\/de\/wp-content\/uploads\/2025\/06\/media.imagefile.1686edcf-a9fc-4acf-9be5-cfe241cb9397.original.media.jpeg\" style=\"width:100%\"\/><\/p>\n<p style=\"text-align:right\">In LGBTQ+-Jugendb\u00fcchern geht es oft um das Finden der eigenen Identit\u00e4t. Bild:\u00a0WindNight\/Shutterstock<\/p>\n<p><strong>Annika Scheffel \u2013 Alle Farben von Licht<\/strong><\/p>\n<p>Der Sommer beginnt \u2013 doch f\u00fcr Rio ist nichts mehr wie fr\u00fcher. Seit dem Tod seiner Zwillingsschwester Mavis\u00a0ist da nur noch Leere. Dann findet er ihre alte Kamera \u2013 und beginnt gemeinsam mit Dracula, dem Jungen aus dem Hinterhaus, die Spuren von Mavis in der Stadt zu verfolgen. In <a href=\"https:\/\/amzn.to\/4dPQ9HD\" rel=\"nofollow noopener\" target=\"_blank\">\u201eAlle Farben von Licht\u201c<\/a>* erkunden Rio und Dracula Orte abseits des Alltags \u2013 einen verwilderten Park, einen stillen See, ein vergessenes Gruselkabinett. Was als Suche nach Erinnerung beginnt, wird zur Reise in Rios Innerstes. Zwischen Trauer und zartem Herzklopfen w\u00e4chst etwas Neues \u2013 Freundschaft, vielleicht Liebe. Doch kann man lieben, wenn man gleichzeitig loslassen muss?<\/p>\n<p><strong>Kobai Halstenberg \u2013 Wir sind wir: Junge trans* Menschen erz\u00e4hlen<\/strong><\/p>\n<p>Was bedeutet es, als junger Mensch trans* zu sein \u2013 heute, in dieser Gesellschaft? In <a href=\"https:\/\/amzn.to\/3HuqU1x\" rel=\"nofollow noopener\" target=\"_blank\">\u201eWir sind wir: Junge trans* Menschen erz\u00e4hlen\u201c<\/a>* berichten 18 Jugendliche und junge Erwachsene ehrlich, kraftvoll und ungesch\u00f6nt von ihrer Transition, von Ablehnung und Akzeptanz, vom Kampf ums Selbstbild und vom Gl\u00fcck, sich selbst zu finden. Die Texte geben Einblicke in Leben, die oft \u00fcbersehen werden \u2013 voller Schmerz, Mut und Hoffnung. Mit Illustrationen von Vanessa Mundle und einem Glossar zentraler Begriffe ist dieses Buch nicht nur eine starke Sammlung pers\u00f6nlicher Geschichten, sondern auch ein wichtiges Orientierungsangebot \u2013 f\u00fcr trans\u00a0Menschen, Angeh\u00f6rige und alle, die wirklich zuh\u00f6ren wollen.<\/p>\n<p><strong>Lesen Sie auch:<\/strong> <a href=\"https:\/\/www.stuttgarter-zeitung.de\/inhalt.transsein-im-jugendbuch-neue-woerter-und-neue-gefuehle.056952e4-8a5a-446f-96c8-0d4830416473.html\" target=\"_blank\" rel=\"nofollow noopener\">Transsein im Jugendbuch &#8211; Neue W\u00f6rter und neue Gef\u00fchle<\/a><\/p>\n<p><strong>Alicia Zett \u2013 Camp Rainbow: \u00dcber mir der Himmel<\/strong><\/p>\n<p>Drei Wochen in den Alpen \u2013 endlich Camp Rainbow! F\u00fcr Malin ist das queere Sommercamp ein Sehnsuchtsort: Freiheit, Freundschaft und vielleicht die erste gro\u00dfe Liebe. In <a href=\"https:\/\/amzn.to\/3FFdTSg\" rel=\"nofollow noopener\" target=\"_blank\">\u201eCamp Rainbow: \u00dcber mir der Himmel\u201c<\/a>* hofft die 17-J\u00e4hrige, endlich ihren ersten Kuss zu erleben \u2013 und erstellt kurzerhand mit ihren beiden besten Freund:innen eine Want-to-kiss-List. Als es mit Juan, dem Camp-Schwarm, funkt, scheint alles perfekt. Doch dann taucht Nora auf \u2013 zur\u00fcckgezogen, abweisend, geheimnisvoll. Und Malin merkt: Manchmal stehen auf der Liste die Falschen. Und die Richtigen sind die, mit denen man nie gerechnet h\u00e4tte. Ein warmherziger, queerer Coming-of-Age-Roman \u00fcber erste Gef\u00fchle, Unsicherheiten \u2013 und das gro\u00dfe Wagnis, man selbst zu sein.<\/p>\n<p><strong>Karen-Susan Fessel \u2013 Einfach nur Noni<\/strong><\/p>\n<p>\u201e<a href=\"https:\/\/amzn.to\/3Rixl9R\" rel=\"nofollow noopener\" target=\"_blank\">Einfach nur Noni<\/a>\u201c* erz\u00e4hlt die Geschichte von Noni, die endlich eine Gruppe von trans Jugendlichen im Internet findet und sich dadurch erstmals verstanden f\u00fchlt. Unterst\u00fctzt von ihrer Familie und Fachleuten, beginnt Noni ihre Transition. Doch als Mirna in ihr Leben tritt, wird alles pl\u00f6tzlich wieder kompliziert. Noni muss den bereits eingeschlagenen Weg hinterfragen und sich gegen neue Widerst\u00e4nde, Vorurteile und Rollenvorstellungen behaupten. Das Buch thematisiert die Herausforderungen und Unsicherheiten einer beginnenden Transition und wirft grundlegende Fragen auf: Wie erkennen wir unser wahres Selbst, und was tun wir, wenn der vermeintlich richtige Weg sich als falsch herausstellt?<\/p>\n<p><strong>Lena Hach \u2013 Fred und ich<\/strong><\/p>\n<p>\u201e<a href=\"https:\/\/amzn.to\/3VcpsUr\" rel=\"nofollow noopener\" target=\"_blank\">Fred und ich<\/a>\u201c* von Lena Hach erz\u00e4hlt die Geschichte der 13-j\u00e4hrigen Anni, die den neuen Jungen Fred kennenlernt. Sie begegnen sich das erste Mal in einem Caf\u00e9 und wenig sp\u00e4ter erneut an einem zugefrorenen See, wo Anni morgens heimlich badet. Fred schlie\u00dft sich ihr am n\u00e4chsten Morgen an, und eine behutsame Ann\u00e4herung beginnt. Anni erf\u00e4hrt, dass Fred trans ist, was neue W\u00f6rter und Sensibilit\u00e4t im Umgang miteinander erfordert. Der Roman, aus Annis Perspektive erz\u00e4hlt, beschreibt eine besondere Woche, in der Anni und Fred eine Freundschaft und vorsichtige Verliebtheit entwickeln, die ihnen beiden Halt bietet. Lena Hachs kurzer Roman ist f\u00fcr den Deutschen Jugendliteraturpreis 2024 nominiert.<\/p>\n<p style=\"text-align:right\">*<a href=\"https:\/\/www.stuttgarter-zeitung.de\/agb\" target=\"_blank\" rel=\"nofollow noopener\">ANZEIGE<\/a><\/p>\n<p><img decoding=\"async\" loading=\"lazy\" alt=\"\" src=\"https:\/\/www.europesays.com\/de\/wp-content\/uploads\/2025\/06\/media.imagefile.ffcdc213-2c5f-456f-948b-fd85e7e8b415.original.media.jpeg\" style=\"width:100%\"\/><\/p>\n<p style=\"text-align:right\">LGBTQ+-Sachb\u00fccher und Biografien k\u00f6nnen neue Blickwinkel aufzeigen. Bild:\u00a0ping198\/Shutterstock<\/p>\n<p><strong>Brix Schaumburg \u2013 Que(e)r durchs Land<\/strong><\/p>\n<p>Brix Schaumburg f\u00e4hrt los \u2013 nicht nur mit dem Rad, sondern mit einer Mission: Sichtbarkeit schaffen, Begegnungen erm\u00f6glichen, Geschichten h\u00f6ren und erz\u00e4hlen. In <a href=\"https:\/\/amzn.to\/43uoad0\" rel=\"nofollow noopener\" target=\"_blank\">\u201eQue(e)r durchs Land\u201c<\/a>* dokumentiert Deutschlands erster geouteter trans Schauspieler seine Reise quer durch die Republik \u2013 und durch sein eigenes Leben. Zwischen Etappenzielen, Interviews und Erinnerungen entsteht ein tief pers\u00f6nliches Buch \u00fcber Mut, Identit\u00e4t und das Bed\u00fcrfnis, sich selbst treu zu bleiben. Schaumburg reflektiert offen \u00fcber Umwege, Verletzungen und das Gl\u00fcck, angekommen zu sein \u2013 nicht irgendwo, sondern bei sich selbst. Ein empowerndes Buch, das zeigt: Der gerade Weg ist nicht immer der richtige.<\/p>\n<p><strong>Nathan Lents \u2013 Diversit\u00e4t: Der biologische Sinn hinter der Vielfalt von Sex, Gender und Geschlecht<\/strong><\/p>\n<p>Ist Vielfalt ein Fehler der Natur? Der US-Biologe Nathan Lents sagt: im Gegenteil. In <a href=\"https:\/\/amzn.to\/4mMii6m\" rel=\"nofollow noopener\" target=\"_blank\">\u201eDiversit\u00e4t\u201c<\/a>* r\u00e4umt er mit dem Mythos auf, dass nur Heterosexualit\u00e4t und Zweigeschlechtlichkeit evolution\u00e4r \u201enat\u00fcrlich\u201c seien. Stattdessen zeigt er anhand von Bonobos, Clownfischen und schwulen Pinguinpaaren, dass fluides Verhalten in der Tierwelt ebenso verbreitet ist wie beim Menschen \u2013 und oft soziale Funktionen erf\u00fcllt. Ein faszinierender Blick auf die Biologie der Sexualit\u00e4t, der wissenschaftlich fundiert und gesellschaftlich relevant ist. Lents pl\u00e4diert f\u00fcr ein neues Verst\u00e4ndnis: Nicht Fortpflanzung steht im Zentrum der Evolution, sondern Vielfalt.<\/p>\n<p><strong>Oliver Fischer \u2013 \u201eMan kann die Liebe nicht st\u00e4rker erleben\u201c: Thomas Mann und Paul Ehrenberg<\/strong><\/p>\n<p>Thomas Mann und Paul Ehrenberg \u2013 zwei M\u00e4nner, eine Freundschaft mit Tiefgang. In <a href=\"https:\/\/amzn.to\/3Tb8wNz\" rel=\"nofollow noopener\" target=\"_blank\">\u201eMan kann die Liebe nicht st\u00e4rker erleben\u201c<\/a>* erz\u00e4hlt Oliver Fischer die Geschichte einer Verbindung, die Thomas Manns Leben und Schreiben pr\u00e4gte. 1899 lernen sie sich kennen, feiern Schwabinger N\u00e4chte, entdecken N\u00e4he, Intimit\u00e4t \u2013 vielleicht auch k\u00f6rperliche Liebe. Ehrenberg bleibt eine pr\u00e4gende Figur, auch als sich ihre Wege trennen. Fischer zeichnet die Entwicklung dieser Beziehung feinf\u00fchlig nach und legt neue Quellen offen, die das homoerotische Moment in Manns Werk neu lesbar machen \u2013 etwa in &#8222;Doktor Faustus&#8220;, wo Ehrenbergs Echo als Rudi Schwerdtfeger weiterlebt. Eine kluge, tiefgr\u00fcndige Biografie \u00fcber Liebe, Kunst und Verdr\u00e4ngung. Auch unser Redakteur schreibt \u00fcber Thomas Mann &#8211; <a href=\"https:\/\/www.stuttgarter-zeitung.de\/inhalt.thomas-mann-150-geburtstag-der-mann-der-nicht-lieben-durfte.510d3de7-6099-4f23-9b94-cf442501eaeb.html\" target=\"_blank\" rel=\"nofollow noopener\">den Mann, der nicht lieben durfte<\/a>.<\/p>\n<p><strong>Saskia Michalski \u2013 Lieben und lieben lassen<\/strong><\/p>\n<p>Saskia Michalski hat auf Instagram und TikTok gro\u00dfen Erfolg mit Inhalten rund um die Themen Polyamorie, Queerness und Gender-Identit\u00e4ten. Auf Instagram folgen Michalski \u00fcber 100.000 Menschen, auf TikTok sogar fast eine halbe Million. Nun gibt es passend dazu das Buch \u201e<a href=\"https:\/\/amzn.to\/3V9iboz\" rel=\"nofollow noopener\" target=\"_blank\">Lieben und lieben lassen<\/a>\u201c*. Auf rund 300 Seiten geht es um Saskia Michalskis pers\u00f6nlichen Weg und darum, queere Inhalte auch f\u00fcr jene zug\u00e4nglich zu machen, die bisher kaum Ber\u00fchrungspunkte damit hatten. <a href=\"https:\/\/www.stuttgarter-zeitung.de\/inhalt.vielfalt-im-kinderzimmer-schminke-ist-fuer-alle-da.02bbf0aa-13d2-404b-8709-dce33dccc0c5.html\" target=\"_blank\" rel=\"nofollow noopener\">Im Interview<\/a> sagt Michalski: \u201eIch versuche, das Thema in den Mainstream zu bringen. Wir leben in einer diversen Welt, das haben wir schon immer getan. Nur fr\u00fcher war es unsichtbar.\u201c<\/p>\n<p><strong>Leseempfehlung f\u00fcr Sie:\u00a0<\/strong><a href=\"https:\/\/www.stuttgarter-zeitung.de\/inhalt.alternative-liebesformen-ein-partner-fuers-leben-ein-auslaufmodell.eb637908-4456-4579-8b13-96f22797d97b.html\" target=\"_blank\" rel=\"nofollow noopener\">Ein Partner f\u00fcrs Leben &#8211; ein Auslaufmodell? Alternative Liebesformen<\/a><\/p>\n<p><strong>Elliot Page \u2013 Pageboy: A Memoir<\/strong><\/p>\n<p>Elliot Page ist wahrscheinlich einer der bekanntesten trans M\u00e4nner der Welt. Filme wie \u201eInception\u201c, \u201eJuno\u201c und \u201eX-Men\u201c machten ihn \u2013 damals noch als Frau \u2013 weltber\u00fchmt, bevor er sich 2020 als trans outete. In seiner Biographie \u201e<a href=\"https:\/\/amzn.to\/3xbyMzZ\" rel=\"nofollow noopener\" target=\"_blank\">Pageboy<\/a>\u201c* beschreibt er, wie er sich w\u00e4hrend der Dreharbeiten zu Juno bereits am Beginn der Selbstfindung befand. Doch mit dem gro\u00dfen Erfolg von Juno und der Verwirklichung seiner Tr\u00e4ume sah sich Elliot im Rampenlicht und Leistungsdruck gefangen und der Leistungsdruck erdr\u00fcckte ihn. \u00dcber den Kampf mit dem eigenen K\u00f6rperbild bis hin zur Aufarbeitung seiner schwierigen Kindheit: \u201ePageboy\u201c ist ein intimes Buch \u00fcber die Suche nach sich selbst und dem eigenen Platz in der Welt.<\/p>\n<p>\u00a0 <\/p>\n<p style=\"text-align:right\">*<a href=\"https:\/\/www.stuttgarter-zeitung.de\/agb\" target=\"_blank\" rel=\"nofollow noopener\">ANZEIGE<\/a><\/p>\n<p><img decoding=\"async\" loading=\"lazy\" alt=\"\" src=\"https:\/\/www.europesays.com\/de\/wp-content\/uploads\/2025\/06\/media.imagefile.ba776a28-db11-47b7-8556-923bab9cf481.original.media.jpeg\" style=\"width:100%\"\/><\/p>\n<p style=\"text-align:right\">Auch in Comics und Graphic Novels werden LGBTQ+-Themen verarbeitet. Bild:\u00a0yaninaamira\/Shutterstock<\/p>\n<p><strong>Reinhard Kleist \u2013 Knock Out!<\/strong><\/p>\n<p>Emile Griffith war Weltmeister im Boxen \u2013 und liebte M\u00e4nner. In <a href=\"https:\/\/amzn.to\/3ZMYWnJ\" rel=\"nofollow noopener\" target=\"_blank\">\u201eKnock Out!\u201c<\/a>* zeichnet Reinhard Kleist die Geschichte eines Mannes, der zwischen Ruhm und Verachtung, Gewalt und Verdr\u00e4ngung zerrieben wurde. 1962 stirbt Griffiths Gegner nach einem homophob aufgeladenen Kampf \u2013 der Anfang eines inneren wie \u00e4u\u00dferen \u00dcberlebenskampfes. Kleist erz\u00e4hlt in eindrucksvoller Graphic-Novel-Form von einer queeren Ikone im Schatten der \u00d6ffentlichkeit: ein Athlet, der fast sein ganzes Leben lang eingesperrt war \u2013 nicht im Gef\u00e4ngnis, sondern im eigenen K\u00f6rper, in der Erwartung der anderen. Ein packendes Portr\u00e4t \u00fcber M\u00e4nnlichkeit, Schuld, Vergebung und Identit\u00e4t.<\/p>\n<p><strong>Theo Parish \u2013 Homebody<\/strong><\/p>\n<p>Theo mag Katzen, Dungeons &amp; Dragons \u2013 und ist au\u00dferdem trans und nicht-bin\u00e4r. Seit fr\u00fchester Kindheit geht es in Theos Leben um Selbstfindung und die Reise zu sich selbst. In der Graphic Novel <a href=\"http:\/\/amzn.to\/3KuKTv9\" rel=\"nofollow noopener\" target=\"_blank\">\u201eHomebody\u201c<\/a>* erz\u00e4hlt Parish mit sch\u00f6nen Illustrationen und passenden Texten davon, wie es ist, in Schubladen gesteckt zu werden, obwohl man dort gar nicht hineinpasst, und wie es sich anf\u00fchlt, ein authentisches Leben nach den eigenen Vorstellungen zu f\u00fchren. Die deutsche Version der Graphic Novel erscheint am 9. Oktober 2024 im Loewe-Verlag.<\/p>\n<p><strong>Marc Andreyko \u2013 Love is Love: Eine Comic-Anthologie f\u00fcr Respekt, Akzeptanz und Gleichberechtigung<\/strong><\/p>\n<p>Am 12. Juni 2016 kamen bei einem Anschlag auf den Schwulen-Nachtclub \u201ePulse\u201c in Orlando 49 Menschen ums Leben. In der Comic-Anthologie &#8222;<a href=\"https:\/\/amzn.to\/3x3X3Ie\" rel=\"nofollow noopener\" target=\"_blank\">Love is Love<\/a>&#8222;* verarbeiten verschiedene K\u00fcnstler ihre Emotionen, dr\u00fccken Mitgef\u00fchl und Trauer aus. Gleichzeitig vermittelt die Anthologie aber auch eine hoffnungsvolle Stimmung. Von jedem verkauften Band werden 3 Euro den Hinterbliebenen der Anschlagsopfer sowie dem Lesben- und Schwulenverband (LSVD) gespendet.<\/p>\n<p><strong>Kevin Panetta \u2013 Bloom<\/strong><\/p>\n<p>Nach dem Ende der High School m\u00f6chte Ari unbedingt mit seiner Band in die gro\u00dfe Stadt ziehen. Doch daf\u00fcr muss er seinen Job in der Familienb\u00e4ckerei aufgeben, denn ein Leben lang dort zu arbeiten, das kann Ari sich nicht vorstellen. Bei den Vorstellungsgespr\u00e4chen f\u00fcr seinen Nachfolger lernt Ari Hector kennen \u2013 und kommt ihm bald schon in der Backstube n\u00e4her. Autor Kevin Panetta und Illustratorin Savanna Ganucheau haben mit \u201e<a href=\"https:\/\/amzn.to\/3KPsb1H\" rel=\"nofollow noopener\" target=\"_blank\">Bloom<\/a>\u201c* eine sch\u00f6ne Graphic Novel \u00fcber junge Liebe ver\u00f6ffentlicht, die in Deutschland am 28. Juni 2024 erscheint.<\/p>\n<p><strong>Raffaela Sch\u00f6bitz \u2013 Mach dir die Welt 2<\/strong><\/p>\n<p>Was bedeutet Queerness? In <a href=\"https:\/\/amzn.to\/45KCUWx\" rel=\"nofollow noopener\" target=\"_blank\">\u201eMach dir die Welt 2\u201c<\/a>* l\u00e4dt Raffaela Sch\u00f6bitz dazu ein, es herauszufinden \u2013 kreativ, spielerisch und empowernd. 30 queere Pers\u00f6nlichkeiten inspirieren dazu, sich auszuprobieren, neue Perspektiven zu entdecken und die eigene Identit\u00e4t zu feiern. Mitmachaktionen, Denkanst\u00f6\u00dfe und praktische \u00dcbungen f\u00fchren durch Themen wie Community, Kreativit\u00e4t und Selbstbestimmung.<\/p>\n<p style=\"text-align:right\">*<a href=\"https:\/\/www.stuttgarter-zeitung.de\/agb\" target=\"_blank\" rel=\"nofollow noopener\">ANZEIGE<\/a><\/p>\n<p>F\u00fcr einen noch besseren \u00dcberblick \u00fcber die unterschiedlichen B\u00fccher klicken Sie sich auch durch unsere zum Artikel geh\u00f6rende <strong>Bildergalerie<\/strong>. In der Galerie finden Sie noch weitere LGBT-B\u00fccher, die wir hier in der Vergangenheit ausf\u00fchrlicher\u00a0vorgestellt haben.\u00a0Um auch Neuerscheinungen Platz zu geben, wird dieser Beitrag regelm\u00e4\u00dfig aktualisiert. In der Galerie bleiben jedoch alle unsere Tipps erhalten.<\/p>\n<p>Wir w\u00fcnschen Ihnen viel Spa\u00df beim Lesen!<\/p>\n<p><strong>Hinweis:<\/strong> Dieser Artikel erschien erstmals im Jahr 2021 und wird seither laufend aktualisiert und erweitert.<\/p>\n<p>Dieser Artikel enth\u00e4lt Affiliate-Links. Wenn Sie \u00fcber einen dieser Links ein Produkt kaufen, erhalten wir eine Provision. F\u00fcr Sie \u00e4ndert sich der Preis nicht.<\/p>\n<p>Die Formulierungen des Textes wurden mithilfe von K\u00fcnstlicher Intelligenz (KI) erstellt und anschlie\u00dfend von einer Redakteurin\/einem Redakteur \u00fcberpr\u00fcft.<\/p>\n","protected":false},"excerpt":{"rendered":"Der Juni ist der Pride Month \u2013 also der Monat, in dem Mitglieder der LGBTQ+-Gemeinde einerseits stolz ihre&hellip;\n","protected":false},"author":2,"featured_media":169882,"comment_status":"","ping_status":"","sticky":false,"template":"","format":"standard","meta":{"footnotes":""},"categories":[1774],"tags":[46252,6547,1784,1785,1796,29,214,30,58363,80,14225,1646,46088,58362,778,215],"class_list":{"0":"post-169881","1":"post","2":"type-post","3":"status-publish","4":"format-standard","5":"has-post-thumbnail","7":"category-buecher","8":"tag-bernardine-evaristo","9":"tag-bildergalerie","10":"tag-books","11":"tag-buecher","12":"tag-buchtipps","13":"tag-deutschland","14":"tag-entertainment","15":"tag-germany","16":"tag-james-baldwin","17":"tag-kultur","18":"tag-lgbt","19":"tag-lgbtq","20":"tag-pride","21":"tag-pride-month","22":"tag-riccardo-simonetti","23":"tag-unterhaltung"},"share_on_mastodon":{"url":"https:\/\/pubeurope.com\/@de\/114636761777341288","error":""},"_links":{"self":[{"href":"https:\/\/www.europesays.com\/de\/wp-json\/wp\/v2\/posts\/169881","targetHints":{"allow":["GET"]}}],"collection":[{"href":"https:\/\/www.europesays.com\/de\/wp-json\/wp\/v2\/posts"}],"about":[{"href":"https:\/\/www.europesays.com\/de\/wp-json\/wp\/v2\/types\/post"}],"author":[{"embeddable":true,"href":"https:\/\/www.europesays.com\/de\/wp-json\/wp\/v2\/users\/2"}],"replies":[{"embeddable":true,"href":"https:\/\/www.europesays.com\/de\/wp-json\/wp\/v2\/comments?post=169881"}],"version-history":[{"count":0,"href":"https:\/\/www.europesays.com\/de\/wp-json\/wp\/v2\/posts\/169881\/revisions"}],"wp:featuredmedia":[{"embeddable":true,"href":"https:\/\/www.europesays.com\/de\/wp-json\/wp\/v2\/media\/169882"}],"wp:attachment":[{"href":"https:\/\/www.europesays.com\/de\/wp-json\/wp\/v2\/media?parent=169881"}],"wp:term":[{"taxonomy":"category","embeddable":true,"href":"https:\/\/www.europesays.com\/de\/wp-json\/wp\/v2\/categories?post=169881"},{"taxonomy":"post_tag","embeddable":true,"href":"https:\/\/www.europesays.com\/de\/wp-json\/wp\/v2\/tags?post=169881"}],"curies":[{"name":"wp","href":"https:\/\/api.w.org\/{rel}","templated":true}]}}