{"id":170001,"date":"2025-06-06T14:57:10","date_gmt":"2025-06-06T14:57:10","guid":{"rendered":"https:\/\/www.europesays.com\/de\/170001\/"},"modified":"2025-06-06T14:57:10","modified_gmt":"2025-06-06T14:57:10","slug":"stuttgart-einbrecher-nach-umfangreichen-ermittlungen-gefasst-regional","status":"publish","type":"post","link":"https:\/\/www.europesays.com\/de\/170001\/","title":{"rendered":"Stuttgart: Einbrecher nach umfangreichen Ermittlungen gefasst | Regional"},"content":{"rendered":"<p>Stuttgart-Feuerbach \u2013 <b>Die Polizei hat am fr\u00fchen Donnerstagmorgen einen 36-j\u00e4hrigen Mann festgenommen, der im Verdacht steht, in ein Geb\u00e4ude an der Linzer Stra\u00dfe eingebrochen zu sein.<\/b><\/p>\n<p>Nach umfangreichen Ermittlungen gelang es den Beamten, den Verd\u00e4chtigen an seiner Wohnadresse zu stellen. Der deutsche Staatsb\u00fcrger wurde am folgenden Freitag einem Haftrichter vorgef\u00fchrt. Dieser erlie\u00df einen Haftbefehl und setzte ihn in Vollzug.<\/p>\n<p>Dieser Text basiert auf einer offiziellen Beh\u00f6rden-Information und wurde mit Hilfe von KI erstellt.<\/p>\n","protected":false},"excerpt":{"rendered":"Stuttgart-Feuerbach \u2013 Die Polizei hat am fr\u00fchen Donnerstagmorgen einen 36-j\u00e4hrigen Mann festgenommen, der im Verdacht steht, in ein&hellip;\n","protected":false},"author":2,"featured_media":158055,"comment_status":"","ping_status":"","sticky":false,"template":"","format":"standard","meta":{"footnotes":""},"categories":[1830],"tags":[1634,3364,29,1686,30,2509,121,1441,45,1995],"class_list":{"0":"post-170001","1":"post","2":"type-post","3":"status-publish","4":"format-standard","5":"has-post-thumbnail","7":"category-stuttgart","8":"tag-baden-wuerttemberg","9":"tag-de","10":"tag-deutschland","11":"tag-diebstahl","12":"tag-germany","13":"tag-ki-ots","14":"tag-polizei","15":"tag-stuttgart","16":"tag-texttospeech","17":"tag-verbrechen"},"share_on_mastodon":{"url":"https:\/\/pubeurope.com\/@de\/114637009328208000","error":""},"_links":{"self":[{"href":"https:\/\/www.europesays.com\/de\/wp-json\/wp\/v2\/posts\/170001","targetHints":{"allow":["GET"]}}],"collection":[{"href":"https:\/\/www.europesays.com\/de\/wp-json\/wp\/v2\/posts"}],"about":[{"href":"https:\/\/www.europesays.com\/de\/wp-json\/wp\/v2\/types\/post"}],"author":[{"embeddable":true,"href":"https:\/\/www.europesays.com\/de\/wp-json\/wp\/v2\/users\/2"}],"replies":[{"embeddable":true,"href":"https:\/\/www.europesays.com\/de\/wp-json\/wp\/v2\/comments?post=170001"}],"version-history":[{"count":0,"href":"https:\/\/www.europesays.com\/de\/wp-json\/wp\/v2\/posts\/170001\/revisions"}],"wp:featuredmedia":[{"embeddable":true,"href":"https:\/\/www.europesays.com\/de\/wp-json\/wp\/v2\/media\/158055"}],"wp:attachment":[{"href":"https:\/\/www.europesays.com\/de\/wp-json\/wp\/v2\/media?parent=170001"}],"wp:term":[{"taxonomy":"category","embeddable":true,"href":"https:\/\/www.europesays.com\/de\/wp-json\/wp\/v2\/categories?post=170001"},{"taxonomy":"post_tag","embeddable":true,"href":"https:\/\/www.europesays.com\/de\/wp-json\/wp\/v2\/tags?post=170001"}],"curies":[{"name":"wp","href":"https:\/\/api.w.org\/{rel}","templated":true}]}}