{"id":170114,"date":"2025-06-06T15:59:12","date_gmt":"2025-06-06T15:59:12","guid":{"rendered":"https:\/\/www.europesays.com\/de\/170114\/"},"modified":"2025-06-06T15:59:12","modified_gmt":"2025-06-06T15:59:12","slug":"bethanien-krankenhaus-moers-dierksen-folgt-auf-poss","status":"publish","type":"post","link":"https:\/\/www.europesays.com\/de\/170114\/","title":{"rendered":"Bethanien-Krankenhaus Moers: Dierksen folgt auf Poss\u00a0"},"content":{"rendered":"<p class=\"text_ohne_einzug richtext text-em-55 !leading-serif mx-6 desktop:mx-0\">eit etwas mehr als einem Monat ist Nadine Dierksen die neue \u00c4rztliche Leitung des Sozialp\u00e4diatrischen Zentrums (SPZ) am Krankenhaus Bethanien Moers. Sie \u00fcbernahm die Nachfolge von Wolfgang Poss, der sich nach 38 Jahren Bethanien und 20 Jahren als \u00c4rztlicher Leiter des SPZ Ende April in den wohlverdienten Ruhestand verabschiedet hatte.<\/p>\n<p class=\"richtext text-em-55 !leading-serif mx-6 desktop:mx-0\">\u201eIch freue mich, gemeinsam mit meinem sehr versierten und engagierten Team durchzustarten. Wir arbeiten hier eng und an den Bed\u00fcrfnissen der Patientinnen und Patienten orientiert zusammen. Noch sch\u00f6ner ist, dass wir das in frisch renovierten, modernen R\u00e4umlichkeiten tun k\u00f6nnen\u201c, sagt Nadine Dierksen. Seit dem 19. Mai sind die Praxisr\u00e4ume des SPZ im Erdgeschoss des Hauses R auf dem Campus Bethanien zu finden.<\/p>\n<p class=\"richtext text-em-55 !leading-serif mx-6 desktop:mx-0\">Die erfahrene P\u00e4diaterin kam aus dem Evangelischen Krankenhaus Oberhausen, wo sie zuletzt als Ober\u00e4rztin t\u00e4tig war, nach Moers. Patienten k\u00f6nnen von der passionierten Triathletin, die schon w\u00e4hrend ihrer Ausbildung zur Kinderkrankenschwester wusste, dass sie Kinder- und Jugend\u00e4rztin werden wollte, eine umfassende Betreuung und Beratung erwarten. \u201eMir ist es wichtig, nicht nur die W\u00fcnsche und Ziele der Eltern zu kennen, sondern vor allem die Kinder und Jugendlichen danach zu fragen, was sie sich w\u00fcnschen. Das habe ich bislang so gehandhabt und w\u00fcrde es gerne auch in Moers fortf\u00fchren.\u201c<\/p>\n<p class=\"richtext text-em-55 !leading-serif mx-6 desktop:mx-0\">Kollegen und Mitarbeiter k\u00f6nnten ein immer offenes Ohr und Unterst\u00fctzung in allen Situationen erwarten, so die neue Leitung des SPZ. \u201eIch habe von Beginn an einen sehr positiven Eindruck von der Stiftung Bethanien gewonnen.\u201c Auf ihre Ziele und Pl\u00e4ne angesprochen, erkl\u00e4rt sie: \u201eMein Vorg\u00e4nger hat ein hervorragendes Zentrum aufgebaut. Das m\u00f6chte ich in der Form weiterf\u00fchren. Oberste Priorit\u00e4t hat f\u00fcr mich aktuell die Kontinuit\u00e4t \u2013 sowohl f\u00fcr die bestm\u00f6gliche Versorgung unserer kleinen Patientinnen und Patienten als auch f\u00fcr meine Mitarbeiterinnen und Mitarbeiter. Sie und ihre jeweiligen Spezifikationen will ich in der n\u00e4chsten Zeit kennenlernen. Wenn das geschehen ist, m\u00f6chte ich das SPZ gemeinsam mit ihnen weiterentwickeln \u2013 orientiert an den jeweiligen Problemfeldern, die sich ergeben. Damit Familien eine optimale Versorgung bei uns erhalten.\u201c<\/p>\n<p class=\"richtext text-em-55 !leading-serif mx-6 desktop:mx-0\">Ralf Engels, Vorstand der Stiftung Bethanien, betont: \u201eIch freue mich, mit Nadine Dierksen eine versierte und erfahrene P\u00e4diaterin als neue Leitung unseres SPZ gewonnen zu haben. Sie bringt alles mit, um die wertvolle Arbeit von Wolfgang Poss fortzuf\u00fchren und auch die Weiterentwicklung unseres Sozialp\u00e4diatrischen Zentrums voranzutreiben.\u201c<\/p>\n","protected":false},"excerpt":{"rendered":"eit etwas mehr als einem Monat ist Nadine Dierksen die neue \u00c4rztliche Leitung des Sozialp\u00e4diatrischen Zentrums (SPZ) am&hellip;\n","protected":false},"author":2,"featured_media":170115,"comment_status":"","ping_status":"","sticky":false,"template":"","format":"standard","meta":{"footnotes":""},"categories":[1838],"tags":[3807,58425,58426,35721,3364,29,58422,3715,30,3263,21442,58423,1209,58424,49720,3552],"class_list":{"0":"post-170114","1":"post","2":"type-post","3":"status-publish","4":"format-standard","5":"has-post-thumbnail","7":"category-duisburg","8":"tag-moers","9":"tag-aerztliche","10":"tag-aerztlicher","11":"tag-bethanien","12":"tag-de","13":"tag-deutschland","14":"tag-dierksen","15":"tag-duisburg","16":"tag-germany","17":"tag-krankenhaus","18":"tag-leitung","19":"tag-nadine","20":"tag-nordrhein-westfalen","21":"tag-poss","22":"tag-spz","23":"tag-wolfgang"},"share_on_mastodon":{"url":"https:\/\/pubeurope.com\/@de\/114637253284952726","error":""},"_links":{"self":[{"href":"https:\/\/www.europesays.com\/de\/wp-json\/wp\/v2\/posts\/170114","targetHints":{"allow":["GET"]}}],"collection":[{"href":"https:\/\/www.europesays.com\/de\/wp-json\/wp\/v2\/posts"}],"about":[{"href":"https:\/\/www.europesays.com\/de\/wp-json\/wp\/v2\/types\/post"}],"author":[{"embeddable":true,"href":"https:\/\/www.europesays.com\/de\/wp-json\/wp\/v2\/users\/2"}],"replies":[{"embeddable":true,"href":"https:\/\/www.europesays.com\/de\/wp-json\/wp\/v2\/comments?post=170114"}],"version-history":[{"count":0,"href":"https:\/\/www.europesays.com\/de\/wp-json\/wp\/v2\/posts\/170114\/revisions"}],"wp:featuredmedia":[{"embeddable":true,"href":"https:\/\/www.europesays.com\/de\/wp-json\/wp\/v2\/media\/170115"}],"wp:attachment":[{"href":"https:\/\/www.europesays.com\/de\/wp-json\/wp\/v2\/media?parent=170114"}],"wp:term":[{"taxonomy":"category","embeddable":true,"href":"https:\/\/www.europesays.com\/de\/wp-json\/wp\/v2\/categories?post=170114"},{"taxonomy":"post_tag","embeddable":true,"href":"https:\/\/www.europesays.com\/de\/wp-json\/wp\/v2\/tags?post=170114"}],"curies":[{"name":"wp","href":"https:\/\/api.w.org\/{rel}","templated":true}]}}