{"id":170783,"date":"2025-06-06T22:01:09","date_gmt":"2025-06-06T22:01:09","guid":{"rendered":"https:\/\/www.europesays.com\/de\/170783\/"},"modified":"2025-06-06T22:01:09","modified_gmt":"2025-06-06T22:01:09","slug":"klatsche-koennte-dfb-team-helfen-italien-blamiert-sich-in-wm-quali-bei-haalands-norwegern","status":"publish","type":"post","link":"https:\/\/www.europesays.com\/de\/170783\/","title":{"rendered":"Klatsche k\u00f6nnte DFB-Team helfen: Italien blamiert sich in WM-Quali bei Haalands Norwegern"},"content":{"rendered":"<p>                    Klatsche k\u00f6nnte DFB-Team helfen<br \/>\n                Italien blamiert sich in WM-Quali bei Haalands Norwegern<\/p>\n<p>\t\t\t\t              06.06.2025, 22:56 Uhr<\/p>\n<p><strong>Die deutsche Nationalmannschaft ist wegen des Finalturniers noch Zuschauer in der WM-Qualifikation, schaut aber vor allem bei der Elf aus Italien genau hin. Die Squadra Azzurra kassiert in Norwegen eine herbe Klatsche.<\/strong><\/p>\n<p>Der viermalige Weltmeister Italien hat zum Start in die WM-Qualifikation im Duell mit Norwegen und Starst\u00fcrmer Erling Haaland b\u00f6se gepatzt. Die Squadra Azzurra von Trainer Luciano Spalletti unterlag dem norwegischen Nationalteam nach einer desolaten Vorstellung in Oslo 0:3 (0:3) &#8211; und d\u00fcrfte damit auch im Lager der deutschen Mannschaft f\u00fcr leichte Freude gesorgt haben.<\/p>\n<p>Der fr\u00fchere Leipziger Alexander S\u00f6rloth (14.), der aktuelle Rasenballsport-Profi Antonio Nusa mit einem Traumtor (34.) und Haaland (42.) bestraften die Italiener um deren Champions-League-Sieger Gianluigi Donnarumma im Tor schon vor der Pause gnadenlos. Norwegen blieb makellos und feierte den dritten Sieg im dritten Spiel. Nur der Gruppensieger hat das Ticket f\u00fcr die WM 2026 sicher, der Zweite muss in die Playoffs.<\/p>\n<p>Italien war aufgrund der Nations League erst jetzt in die Qualifikation zur WM im kommenden Jahr eingestiegen. Die Azzurri, die die vergangenen beiden WM-Endrunden 2018 und 2022 verpasst hatten, empfangen im n\u00e4chsten Duell am Montag (20.45 Uhr\/DAZN) Moldau.<\/p>\n<p>F\u00fcr das DFB-Team von Bundestrainer Julian Nagelsmann geht es im Fernduell mit Italien um den neunten Platz in der Weltrangliste und damit um eine bessere Ausgangsposition f\u00fcr die Gruppenauslosung f\u00fcr das XXL-Turnier in den USA, Kanada und Mexiko. Wer in Lostopf 1 liegt, geht Teams wie Weltmeister Argentinien, Europameister Spanien, Frankreich oder Brasilien aus dem Weg. Auch eine Gruppe mit dem gesetzten Co-Gastgeber Mexiko gilt wegen der zu erwartenden Hitze als unbeliebt. Derzeit liegt Italien vor Deutschland auf Platz neun. <\/p>\n<p>Das Team von Nagelsmann trifft ab September in der Qualifikation auf die Slowakei, Nordirland und Luxemburg. Zun\u00e4chst aber steht das Spiel um Platz 3 in der Nations League an, der Bundestrainer hat die Partie gegen Frankreich am Sonntag (15 Uhr\/RTL, DAZN und im Liveticker bei ntv.de) in Stuttgart zur Charakterfrage ausgerufen.&#8220;Wenn irgendeiner bei uns nicht versteht, dass wir das Spiel nutzen m\u00fcssen f\u00fcr uns selbst&#8230;&#8220;, sagte Nagelsmann. Seine Spieler sollen nach der gro\u00dfen Halbfinal-Ern\u00fcchterung gegen Portugal eine Reaktion zeigen. Es klang nach einem L\u00e4nderspiel zur Bew\u00e4hrung &#8211; f\u00fcr die kommende WM-Saison.<\/p>\n","protected":false},"excerpt":{"rendered":"Klatsche k\u00f6nnte DFB-Team helfen Italien blamiert sich in WM-Quali bei Haalands Norwegern 06.06.2025, 22:56 Uhr Die deutsche Nationalmannschaft&hellip;\n","protected":false},"author":2,"featured_media":170784,"comment_status":"","ping_status":"","sticky":false,"template":"","format":"standard","meta":{"footnotes":""},"categories":[136],"tags":[29,52114,347,38029,30,13328,265,58622],"class_list":{"0":"post-170783","1":"post","2":"type-post","3":"status-publish","4":"format-standard","5":"has-post-thumbnail","7":"category-sport","8":"tag-deutschland","9":"tag-erling-haaland","10":"tag-fussball","11":"tag-fussball-wm-2026","12":"tag-germany","13":"tag-laenderspiel","14":"tag-sport","15":"tag-wm-qualifikation"},"share_on_mastodon":{"url":"https:\/\/pubeurope.com\/@de\/114638676709571259","error":""},"_links":{"self":[{"href":"https:\/\/www.europesays.com\/de\/wp-json\/wp\/v2\/posts\/170783","targetHints":{"allow":["GET"]}}],"collection":[{"href":"https:\/\/www.europesays.com\/de\/wp-json\/wp\/v2\/posts"}],"about":[{"href":"https:\/\/www.europesays.com\/de\/wp-json\/wp\/v2\/types\/post"}],"author":[{"embeddable":true,"href":"https:\/\/www.europesays.com\/de\/wp-json\/wp\/v2\/users\/2"}],"replies":[{"embeddable":true,"href":"https:\/\/www.europesays.com\/de\/wp-json\/wp\/v2\/comments?post=170783"}],"version-history":[{"count":0,"href":"https:\/\/www.europesays.com\/de\/wp-json\/wp\/v2\/posts\/170783\/revisions"}],"wp:featuredmedia":[{"embeddable":true,"href":"https:\/\/www.europesays.com\/de\/wp-json\/wp\/v2\/media\/170784"}],"wp:attachment":[{"href":"https:\/\/www.europesays.com\/de\/wp-json\/wp\/v2\/media?parent=170783"}],"wp:term":[{"taxonomy":"category","embeddable":true,"href":"https:\/\/www.europesays.com\/de\/wp-json\/wp\/v2\/categories?post=170783"},{"taxonomy":"post_tag","embeddable":true,"href":"https:\/\/www.europesays.com\/de\/wp-json\/wp\/v2\/tags?post=170783"}],"curies":[{"name":"wp","href":"https:\/\/api.w.org\/{rel}","templated":true}]}}