{"id":170828,"date":"2025-06-06T22:25:19","date_gmt":"2025-06-06T22:25:19","guid":{"rendered":"https:\/\/www.europesays.com\/de\/170828\/"},"modified":"2025-06-06T22:25:19","modified_gmt":"2025-06-06T22:25:19","slug":"kommentar-lauer-gegenwind-in-wuppertal","status":"publish","type":"post","link":"https:\/\/www.europesays.com\/de\/170828\/","title":{"rendered":"Kommentar: Lauer Gegenwind in Wuppertal"},"content":{"rendered":"<p class=\"initial richtext text-em-55 !leading-serif mx-6 desktop:mx-0\">Zugegeben, der Blick durch eine der VR-Brillen, mit denen man virtuell schon in die Buga-Welt von 2031 eintauchen und die H\u00e4ngebr\u00fccke betreten konnte, war sehr eindrucksvoll. Und machte richtig Lust auf das Gro\u00dfprojekt, von dem viele sich eine Menge versprechen und das von den Bef\u00fcrwortern als eine Art Quantensprung f\u00fcr die Stadtentwicklung in Wuppertal angepriesen wird. Aber es gibt eben auch andere Meinungen. Etwa bei jenen, die in den Buga-relevanten Bereichen wohnen und um ihre Wohnqualit\u00e4t f\u00fcrchten, wenn in sechs Jahren haufenweise Besucher von schwindelerregenden Konstruktionen herab in ihre G\u00e4rten lugen sollten. Marc Walter von der Bauleitplanung der Stadt bekam zwar viel Beifall, als er den Buga-Kritikern entgegnete: \u201eEs gibt kein Recht darauf, dass sich die Dinge nicht ver\u00e4ndern.\u201c<\/p>\n","protected":false},"excerpt":{"rendered":"Zugegeben, der Blick durch eine der VR-Brillen, mit denen man virtuell schon in die Buga-Welt von 2031 eintauchen&hellip;\n","protected":false},"author":2,"featured_media":170829,"comment_status":"","ping_status":"","sticky":false,"template":"","format":"standard","meta":{"footnotes":""},"categories":[1840],"tags":[6477,3076,28106,3364,29,8648,30,1209,4418],"class_list":{"0":"post-170828","1":"post","2":"type-post","3":"status-publish","4":"format-standard","5":"has-post-thumbnail","7":"category-wuppertal","8":"tag-city","9":"tag-brillen","10":"tag-buga","11":"tag-de","12":"tag-deutschland","13":"tag-gegenwind","14":"tag-germany","15":"tag-nordrhein-westfalen","16":"tag-wuppertal"},"share_on_mastodon":{"url":"https:\/\/pubeurope.com\/@de\/114638770923554680","error":""},"_links":{"self":[{"href":"https:\/\/www.europesays.com\/de\/wp-json\/wp\/v2\/posts\/170828","targetHints":{"allow":["GET"]}}],"collection":[{"href":"https:\/\/www.europesays.com\/de\/wp-json\/wp\/v2\/posts"}],"about":[{"href":"https:\/\/www.europesays.com\/de\/wp-json\/wp\/v2\/types\/post"}],"author":[{"embeddable":true,"href":"https:\/\/www.europesays.com\/de\/wp-json\/wp\/v2\/users\/2"}],"replies":[{"embeddable":true,"href":"https:\/\/www.europesays.com\/de\/wp-json\/wp\/v2\/comments?post=170828"}],"version-history":[{"count":0,"href":"https:\/\/www.europesays.com\/de\/wp-json\/wp\/v2\/posts\/170828\/revisions"}],"wp:featuredmedia":[{"embeddable":true,"href":"https:\/\/www.europesays.com\/de\/wp-json\/wp\/v2\/media\/170829"}],"wp:attachment":[{"href":"https:\/\/www.europesays.com\/de\/wp-json\/wp\/v2\/media?parent=170828"}],"wp:term":[{"taxonomy":"category","embeddable":true,"href":"https:\/\/www.europesays.com\/de\/wp-json\/wp\/v2\/categories?post=170828"},{"taxonomy":"post_tag","embeddable":true,"href":"https:\/\/www.europesays.com\/de\/wp-json\/wp\/v2\/tags?post=170828"}],"curies":[{"name":"wp","href":"https:\/\/api.w.org\/{rel}","templated":true}]}}