{"id":171225,"date":"2025-06-07T02:08:13","date_gmt":"2025-06-07T02:08:13","guid":{"rendered":"https:\/\/www.europesays.com\/de\/171225\/"},"modified":"2025-06-07T02:08:13","modified_gmt":"2025-06-07T02:08:13","slug":"habeck-wechselt-offenbar-an-us-elite-uni-berkeley","status":"publish","type":"post","link":"https:\/\/www.europesays.com\/de\/171225\/","title":{"rendered":"Habeck wechselt offenbar an US-Elite-Uni Berkeley"},"content":{"rendered":"<p class=\"metatextline\">Stand: 06.06.2025 17:11 Uhr<\/p>\n<p class=\"textabsatz columns twelve  m-ten  m-offset-one l-eight l-offset-two\">\n        <strong>Spekulationen, Robert Habeck k\u00f6nnte sein Bundestagsmandat f\u00fcr einen neuen Job aufgeben, gab es schon l\u00e4nger. Nun zieht es den Gr\u00fcnen-Politiker m\u00f6glicherweise ins Ausland: Die Elite-Uni Berkeley lockt mit einem Angebot.  <\/strong>\n    <\/p>\n<p class=\"textabsatz m-ten m-offset-one l-eight l-offset-two columns twelve\">\nEx-Wirtschaftsminister Robert Habeck wird m\u00f6glicherweise Gastdozent an der US-Elite-Universit\u00e4t Berkeley. &#8222;Ich bin mit der UC Berkeley im Gespr\u00e4ch und freue mich \u00fcber das Interesse. Alles Weitere wird sich in den n\u00e4chsten Monaten kl\u00e4ren&#8220;, sagte der Gr\u00fcnen-Politiker der Deutschen Presse-Agentur auf Nachfrage.<\/p>\n<p class=\"textabsatz m-ten m-offset-one l-eight l-offset-two columns twelve\">\nDer Focus hatte zuvor \u00fcber die m\u00f6gliche neue Aufgabe Habecks berichtet. Demnach k\u00fcndigte die Leitung der Uni den prominenten Gast aus Deutschland bereits intern an. Habeck werde an der Hochschule im Gro\u00dfraum San Francisco mit der deutschen Wirtschaftsweisen Ulrike Malmendier eine Vorlesungsreihe zum Thema Krisen halten, berichtet das Magazin.<\/p>\n<p>    Einfacher Abgeordneter im Bundestag<\/p>\n<p class=\"textabsatz m-ten m-offset-one l-eight l-offset-two columns twelve\">\nHabeck ist nach seinem Ausscheiden aus der Bundesregierung einfacher Bundestagsabgeordneter und sitzt im Ausw\u00e4rtigen Ausschuss des Parlaments. Er und Ex-Au\u00dfenministerin Annalena Baerbock hatten sich nach pr\u00e4genden Jahren zun\u00e4chst als Parteivorsitzende und sp\u00e4ter als Minister nach der Bundestagswahl aus F\u00fchrungsrollen bei den Gr\u00fcnen zur\u00fcckgezogen. Baerbock ist inzwischen <a href=\"https:\/\/www.tagesschau.de\/ausland\/amerika\/baerbock-un-generalversammlung-102.html\" title=\"UN-Generalversammlung: Baerbock zur Pr\u00e4sidentin gew\u00e4hlt\" rel=\"nofollow noopener\" target=\"_blank\">Pr\u00e4sidentin der UN-Generalversammlung<\/a>.\u00a0<\/p>\n<p class=\"textabsatz m-ten m-offset-one l-eight l-offset-two columns twelve\">\n\u00dcber Habeck hatte es kurz vor Ostern <a href=\"https:\/\/www.ndr.de\/nachrichten\/schleswig-holstein\/Wird-Robert-Habeck-sein-Bundestagsmandat-niederlegen,habeck1382.html\" title=\"Wird Robert Habeck sein Bundestagsmandat niederlegen?\" class=\"textlink--extern\" target=\"_blank\" rel=\"noopener nofollow\">Berichte<\/a> gegeben, er wolle dem Bundestag nur noch bis zur Sommerpause angeh\u00f6ren. Eine T\u00e4tigkeit als Gastdozent w\u00e4re aber vermutlich auch mit Bundestagsmandat m\u00f6glich, wenn der Job an der Uni sich zum Beispiel auf wenige Vortr\u00e4ge beschr\u00e4nkt. Im Abgeordnetengesetz hei\u00dft es: &#8222;Die Aus\u00fcbung des Mandats steht im Mittelpunkt der T\u00e4tigkeit eines Mitglieds des Bundestages. Unbeschadet dieser Verpflichtung bleiben T\u00e4tigkeiten beruflicher oder anderer Art neben dem Mandat grunds\u00e4tzlich zul\u00e4ssig.&#8220;<\/p>\n","protected":false},"excerpt":{"rendered":"Stand: 06.06.2025 17:11 Uhr Spekulationen, Robert Habeck k\u00f6nnte sein Bundestagsmandat f\u00fcr einen neuen Job aufgeben, gab es schon&hellip;\n","protected":false},"author":2,"featured_media":171226,"comment_status":"","ping_status":"","sticky":false,"template":"","format":"standard","meta":{"footnotes":""},"categories":[5],"tags":[39890,8520,13,14,15,12,10,8,9,11],"class_list":{"0":"post-171225","1":"post","2":"type-post","3":"status-publish","4":"format-standard","5":"has-post-thumbnail","7":"category-nachrichten","8":"tag-berkeley","9":"tag-habeck","10":"tag-headlines","11":"tag-nachrichten","12":"tag-news","13":"tag-schlagzeilen","14":"tag-top-news","15":"tag-top-meldungen","16":"tag-topmeldungen","17":"tag-topnews"},"share_on_mastodon":{"url":"https:\/\/pubeurope.com\/@de\/114639647776700897","error":""},"_links":{"self":[{"href":"https:\/\/www.europesays.com\/de\/wp-json\/wp\/v2\/posts\/171225","targetHints":{"allow":["GET"]}}],"collection":[{"href":"https:\/\/www.europesays.com\/de\/wp-json\/wp\/v2\/posts"}],"about":[{"href":"https:\/\/www.europesays.com\/de\/wp-json\/wp\/v2\/types\/post"}],"author":[{"embeddable":true,"href":"https:\/\/www.europesays.com\/de\/wp-json\/wp\/v2\/users\/2"}],"replies":[{"embeddable":true,"href":"https:\/\/www.europesays.com\/de\/wp-json\/wp\/v2\/comments?post=171225"}],"version-history":[{"count":0,"href":"https:\/\/www.europesays.com\/de\/wp-json\/wp\/v2\/posts\/171225\/revisions"}],"wp:featuredmedia":[{"embeddable":true,"href":"https:\/\/www.europesays.com\/de\/wp-json\/wp\/v2\/media\/171226"}],"wp:attachment":[{"href":"https:\/\/www.europesays.com\/de\/wp-json\/wp\/v2\/media?parent=171225"}],"wp:term":[{"taxonomy":"category","embeddable":true,"href":"https:\/\/www.europesays.com\/de\/wp-json\/wp\/v2\/categories?post=171225"},{"taxonomy":"post_tag","embeddable":true,"href":"https:\/\/www.europesays.com\/de\/wp-json\/wp\/v2\/tags?post=171225"}],"curies":[{"name":"wp","href":"https:\/\/api.w.org\/{rel}","templated":true}]}}