{"id":171251,"date":"2025-06-07T02:22:25","date_gmt":"2025-06-07T02:22:25","guid":{"rendered":"https:\/\/www.europesays.com\/de\/171251\/"},"modified":"2025-06-07T02:22:25","modified_gmt":"2025-06-07T02:22:25","slug":"verletzungs-drama-um-ex-bayern-talent-em-traum-geplatzt","status":"publish","type":"post","link":"https:\/\/www.europesays.com\/de\/171251\/","title":{"rendered":"Verletzungs-Drama um Ex-Bayern-Talent: EM-Traum geplatzt"},"content":{"rendered":"<ol class=\"id-DonaldBreadcrumb lp_west_breadcrumb id-DonaldBreadcrumb--default\" data-k5a-pos=\"west_breadcrumb\">\n<li class=\"id-Breadcrumb-item\"><a href=\"https:\/\/www.tz.de\/\" class=\"id-Breadcrumb-link\" data-id-ec=\"{\" shn=\"\" textlink=\"\" data-k5a-pos=\"1_tz\" rel=\"nofollow noopener\" target=\"_blank\">tz<\/a><\/li>\n<li class=\"id-Breadcrumb-item\"><a href=\"https:\/\/www.tz.de\/sport\/\" class=\"id-Breadcrumb-link\" data-id-ec=\"{\" shn=\"\" textlink=\"\" data-k5a-pos=\"2_sport\" rel=\"nofollow noopener\" target=\"_blank\">Sport<\/a><\/li>\n<li class=\"id-Breadcrumb-item\"><a href=\"https:\/\/www.tz.de\/sport\/fc-bayern\/\" class=\"id-Breadcrumb-link\" data-id-ec=\"{\" shn=\"\" textlink=\"\" bayern=\"\" data-k5a-pos=\"3_fcBayern\" rel=\"nofollow noopener\" target=\"_blank\">FC Bayern<\/a><\/li>\n<\/ol>\n<p class=\"id-Story-timestamp id-Story-timestamp--default\">Stand: 06.06.2025, 13:06 Uhr<\/p>\n<p class=\"id-Story-authors id-Story-authors--default\">Von: <a class=\"id-Story-authors-link lp_west_author\" href=\"https:\/\/www.tz.de\/autor\/christoph-klaucke-yz6f6c6r9.html\" title=\"Zur Autorenseite von Christoph Klaucke\" data-id-ec=\"{\" shn=\"\" author-link=\"\" klaucke=\"\" data-k5a-pos=\"west_author\" rel=\"nofollow noopener\" target=\"_blank\">Christoph Klaucke<\/a><\/p>\n<p class=\"id-Story-interactionBar id-Story-interactionBar--default\">DruckenTeilen<\/p>\n<p class=\"id-StoryElement-leadText\">Ein Ex-Bayern-Talent verpasst die U21-EM wegen einer Handverletzung \u2013 trotzdem zeigt sich der Preu\u00dfen-M\u00fcnster-Torwart \u201eerleichtert\u201c.<\/p>\n<p class=\"id-StoryElement-paragraph\">M\u00fcnchen \u2013 Der Traum von der U21-Europameisterschaft ist f\u00fcr Johannes Schenk geplatzt. Der 22-j\u00e4hrige Torwart von Preu\u00dfen M\u00fcnster wird beim Turnier in der Slowakei nicht dabei sein \u2013 aus einem bitteren Grund. Eine Handverletzung macht dem ehemaligen Talent des <a href=\"https:\/\/www.fussball.news\/1-bundesliga\/fc-bayern-muenchen\/\" class=\"id-import-Link id-pageApi-Link--externalDomain\" title=\"FC Bayern M&#xFC;nchen\" data-id-ec=\"{&quot;sht&quot;:&quot;Container&quot;,&quot;shn&quot;:&quot;Story&quot;,&quot;p&quot;:{&quot;containerType&quot;:&quot;Paragraph&quot;,&quot;displayType&quot;:&quot;Paragraph InlineLink&quot;,&quot;type&quot;:&quot;INLINE_LINK&quot;,&quot;value&quot;:&quot;FC Bayern&quot;,&quot;variant&quot;:&quot;standardLink&quot;,&quot;sponsored&quot;:false,&quot;linkHref&quot;:&quot;https:\/\/www.fussball.news\/1-bundesliga\/fc-bayern-muenchen\/&quot;,&quot;storyElementPosition&quot;:8,&quot;storyElementCount&quot;:33}}\" rel=\"nofollow noopener\" target=\"_blank\">FC Bayern<\/a> einen Strich durch die Rechnung, doch der Keeper zeigt sich \u00fcberraschend gefasst.<\/p>\n<p>Verletzung von Ex-Bayern-Torwart in letzter Trainingseinheit vor der Europameisterschaft<\/p>\n<p class=\"id-StoryElement-paragraph\">Das Pech kam zur denkbar ung\u00fcnstigsten Zeit: Ausgerechnet in der letzten Einheit vor der endg\u00fcltigen <a href=\"https:\/\/www.fr.de\/sport\/fussball\/dfb-deutscher-fussball-bund-geschichte-mitglieder-struktur-wettbewerbe-fussballverband-deutschland-91408699.html\" class=\"id-import-Link id-pageApi-Link--externalDomain\" data-id-ec=\"{&quot;sht&quot;:&quot;Container&quot;,&quot;shn&quot;:&quot;Story&quot;,&quot;p&quot;:{&quot;containerType&quot;:&quot;Paragraph&quot;,&quot;displayType&quot;:&quot;Paragraph InlineLink&quot;,&quot;type&quot;:&quot;INLINE_LINK&quot;,&quot;value&quot;:&quot;DFB&quot;,&quot;variant&quot;:&quot;standardLink&quot;,&quot;sponsored&quot;:false,&quot;linkHref&quot;:&quot;https:\/\/www.fr.de\/sport\/fussball\/dfb-deutscher-fussball-bund-geschichte-mitglieder-struktur-wettbewerbe-fussballverband-deutschland-91408699.html&quot;,&quot;storyElementPosition&quot;:11,&quot;storyElementCount&quot;:33}}\" rel=\"nofollow noopener\" target=\"_blank\">DFB<\/a>-Nominierung zog sich M\u00fcnsters Schlussmann am Mittwochmorgen bei einem Schuss eine Kapselverletzung an der Hand zu. \u201eJohannes Schenk hat sich gegen Ende des Trainingslagers leider an der Hand verletzt, er ben\u00f6tigt eine Pause\u201c, erkl\u00e4rte Bundestrainer Antonio Di Salvo auf der anschlie\u00dfenden Pressekonferenz.<\/p>\n<p class=\"id-StoryElement-paragraph\">Der 46-J\u00e4hrige bedauerte den Ausfall sichtlich: \u201eBeide Neulinge haben sich sehr gut pr\u00e4sentiert und problemlos in das Mannschaftsgef\u00fcge integriert. Johannes w\u00fcnsche ich eine schnelle Genesung\u201c. Schenk hatte das Ticket zur EM schon zum Greifen nahe und sollte nach der <a href=\"https:\/\/www.tz.de\/sport\/fc-bayern\/u21-em-oder-klub-wm-so-planen-die-bayern-mit-urbig-im-sommer-zr-93744539.html\" class=\"id-import-Link\" data-id-ec=\"{&quot;sht&quot;:&quot;Container&quot;,&quot;shn&quot;:&quot;Story&quot;,&quot;p&quot;:{&quot;containerType&quot;:&quot;Paragraph&quot;,&quot;displayType&quot;:&quot;Paragraph InlineLink&quot;,&quot;type&quot;:&quot;INLINE_LINK&quot;,&quot;value&quot;:&quot;Sommer-Entscheidung bei Bayern-Keeper Urbig&quot;,&quot;variant&quot;:&quot;standardLink&quot;,&quot;sponsored&quot;:false,&quot;linkHref&quot;:&quot;https:\/\/www.tz.de\/sport\/fc-bayern\/u21-em-oder-klub-wm-so-planen-die-bayern-mit-urbig-im-sommer-zr-93744539.html&quot;,&quot;storyElementPosition&quot;:13,&quot;storyElementCount&quot;:33}}\" rel=\"nofollow noopener\" target=\"_blank\">Sommer-Entscheidung bei Bayern-Keeper Urbig<\/a> als dritter Torh\u00fcter hinter den gesetzten Noah Atubolu vom SC Freiburg und Tjark Ernst von Hertha BSC mit zur EM.<\/p>\n<p>Tr\u00e4nen, Trauer und Unmut: Die emotionalsten Abschiede beim FC Bayern M\u00fcnchen<img decoding=\"async\" class=\"id-RatioPlaceholder-element wv_story_el_interstitialImage\" src=\"https:\/\/www.europesays.com\/de\/wp-content\/uploads\/2025\/06\/38017299-in-der-geschichte-des-fc-bayern-muenchen-gab-es-bereits-zahlreiche-emotionale-spieler-verab.jpeg\" loading=\"lazy\"   height=\"1080\" width=\"1919\" alt=\"In der Geschichte des FC Bayern M&#xFC;nchen gab es bereits zahlreiche emotionale Spieler-Verabschiedungen.\"\/><a href=\"https:\/\/www.tz.de\/sport\/fc-bayern\/muenchen-traenen-trauer-und-unmut-die-emotionalsten-abschiede-beim-fc-bayern-zr-93725504.html\" class=\"id-StoryElement-intestitialLink-link\" data-id-ec=\"{\" shn=\"\" ansehen=\"\" data-k5a-pos=\"west_story_13_photoGalleryLink\" title=\"Zur Fotostrecke: Tr&#xE4;nen, Trauer und Unmut: Die emotionalsten Abschiede beim FC Bayern M&#xFC;nchen\" rel=\"nofollow noopener\" target=\"_blank\">Fotostrecke ansehen<\/a>Johannes Schenk: Vom FC Bayern nach M\u00fcnster<\/p>\n<p class=\"id-StoryElement-paragraph\">Der geb\u00fcrtige Schweinfurter durchlief von 2017 bis 2023 die Nachwuchsabteilung des FC Bayern M\u00fcnchen. Bei den Profis stand Schenk mehrmals im Kader, f\u00fcr die zweite Mannschaft absolvierte er 29 Pflichtspiele. Beim FC Bayern erlebte Schenk bereits 2021 eine schwere Handverletzung, die ihn 130 Tage au\u00dfer Gefecht setzte. <\/p>\n<p class=\"id-StoryElement-paragraph\">Nach seiner <a href=\"https:\/\/www.tz.de\/sport\/fc-bayern\/entscheidung-wechsel-preussen-muenster-fc-bayern-talent-torwart-sensations-aufstieg-transfer-news-zr-93112031.html\" class=\"id-import-Link\" data-id-ec=\"{&quot;sht&quot;:&quot;Container&quot;,&quot;shn&quot;:&quot;Story&quot;,&quot;p&quot;:{&quot;containerType&quot;:&quot;Paragraph&quot;,&quot;displayType&quot;:&quot;Paragraph InlineLink&quot;,&quot;type&quot;:&quot;INLINE_LINK&quot;,&quot;value&quot;:&quot;Zeit beim FC Bayern wechselte der Torwart nach einer Leihe im Sommer 2024 fest zu Preu&#xDF;en M&#xFC;nster&quot;,&quot;variant&quot;:&quot;standardLink&quot;,&quot;sponsored&quot;:false,&quot;linkHref&quot;:&quot;https:\/\/www.tz.de\/sport\/fc-bayern\/entscheidung-wechsel-preussen-muenster-fc-bayern-talent-torwart-sensations-aufstieg-transfer-news-zr-93112031.html&quot;,&quot;storyElementPosition&quot;:18,&quot;storyElementCount&quot;:33}}\" rel=\"nofollow noopener\" target=\"_blank\">Zeit beim FC Bayern wechselte der Torwart nach einer Leihe im Sommer 2024 fest zu Preu\u00dfen M\u00fcnster<\/a> und unterschrieb einen Vertrag bis 2027. Bei den Adlertr\u00e4gern etablierte er sich schnell als Stammkeeper in der 2. Bundesliga.<\/p>\n<p><img decoding=\"async\" class=\"id-RatioPlaceholder-element wv_story_el_image\" src=\"https:\/\/www.europesays.com\/de\/wp-content\/uploads\/2025\/06\/38502237-ein-ehemaliges-bayern-talent-muss-seinen-em-traum-begraben-2GlYBVsyvTBG.jpg\" loading=\"lazy\"   height=\"734\" width=\"1100\" alt=\"Ein ehemaliges Bayern-Talent muss seinen EM-Traum begraben.\"\/>Ein ehemaliges Bayern-Talent muss seinen EM-Traum begraben. \u00a9\u00a0Marco Steinbrenner\/DeFodi Images\/ImagoEhemaliger Bayern-Keeper f\u00e4llt aus<\/p>\n<p class=\"id-StoryElement-paragraph\">Andr\u00e9 Poggenborg, bei Preu\u00dfen M\u00fcnster f\u00fcr die Ausbildung der Torh\u00fcter verantwortlich, wurde bereits am Mittwochabend von seinem Sch\u00fctzling informiert. \u201eZum Gl\u00fcck f\u00fcr ihn und uns ist es nichts Schwerwiegendes. Trotzdem h\u00e4tte es keinen Sinn gemacht, mit zur Europameisterschaft zu fahren\u201c, erkl\u00e4rte der 41-J\u00e4hrige gegen\u00fcber BILD.<\/p>\n<p class=\"id-StoryElement-paragraph\">Nach BILD-Informationen handelt es sich um eine Kapsel-Problematik, die eine Zwangspause von drei bis vier Wochen mit sich bringt. Poggenborg weiter: \u201eSeine Gef\u00fchlswelt war zwar noch komplett durcheinander. In erster Linie aber schien auch Johannes froh dar\u00fcber, dass es nichts Ernstes ist\u201c.<\/p>\n<p>Verletzungs-Drama um Ex-Bayern-Talent: EM-Traum geplatzt<\/p>\n<p class=\"id-StoryElement-paragraph\">Trotz der bitteren Entt\u00e4uschung zeigt sich der <a href=\"https:\/\/www.tz.de\/sport\/fc-bayern\/ex-bayern-torwart-erfaehrt-am-ballermann-von-dfb-nominierung-zr-93749399.html\" class=\"id-import-Link\" data-id-ec=\"{&quot;sht&quot;:&quot;Container&quot;,&quot;shn&quot;:&quot;Story&quot;,&quot;p&quot;:{&quot;containerType&quot;:&quot;Paragraph&quot;,&quot;displayType&quot;:&quot;Paragraph InlineLink&quot;,&quot;type&quot;:&quot;INLINE_LINK&quot;,&quot;value&quot;:&quot;Ex-Bayern-Torwart, der von seiner DFB-Nominierung am Ballermann erfahren hatte&quot;,&quot;variant&quot;:&quot;standardLink&quot;,&quot;sponsored&quot;:false,&quot;linkHref&quot;:&quot;https:\/\/www.tz.de\/sport\/fc-bayern\/ex-bayern-torwart-erfaehrt-am-ballermann-von-dfb-nominierung-zr-93749399.html&quot;,&quot;storyElementPosition&quot;:26,&quot;storyElementCount&quot;:33}}\" rel=\"nofollow noopener\" target=\"_blank\">Ex-Bayern-Torwart, der von seiner DFB-Nominierung am Ballermann erfahren hatte<\/a>, \u00fcberraschend gelassen. \u201eIch habe eine Kapselverletzung an der Hand. Nat\u00fcrlich bin ich entt\u00e4uscht, ich habe mich in der Mannschaft sehr wohlgef\u00fchlt und w\u00e4re gerne mitgeflogen\u201c, verriet der 22-J\u00e4hrige den Westf\u00e4lischen Nachrichten. \u201eAber ich muss auch sagen, dass ich von einer schweren Verletzung ausgegangen bin. Daher bin ich auch ein bisschen erleichtert, dass ich voraussichtlich zur Vorbereitung wieder einsteigen kann\u201c.<\/p>\n<p class=\"id-StoryElement-paragraph\">Die Vorbereitung beginnt beim Zweitligisten aus M\u00fcnster am 24. Juni, und da Schenk wegen des U21-Trainingslagers ohnehin erst eine Woche sp\u00e4ter einsteigen sollte, k\u00f6nnte sein Zeitplan tats\u00e4chlich aufgehen.<\/p>\n<p>Hoffnung f\u00fcr Ex-Bayern-Talent Schenk auf weitere DFB-Chancen<\/p>\n<p class=\"id-StoryElement-paragraph\">Sein inoffizielles DFB-Deb\u00fct hatte der ehemalige Bayern-Nachwuchskeeper bereits am Sonntag gefeiert, als er beim Test gegen die U19 von RB Leipzig eine halbe Stunde im DFB-Kasten stehen durfte. \u201eDie letzten Tage bei der U21 waren top und hoffentlich nur der Anfang. Ich werde alles tun, um so schnell wie m\u00f6glich wieder fit zu sein \u2013 der Blick geht nach vorne\u201c, schrieb er optimistisch in einem Instagram-Post.<\/p>\n<p class=\"id-StoryElement-paragraph\">Bei der EM-Generalprobe gegen Finnland am Freitag will Schenk seine DFB-Kollegen von der Seitenlinie aus unterst\u00fctzen. Di Salvo und sein Torwart-Trainer Klaus Thomforde haben bereits durchblicken lassen, dass sie ihn nat\u00fcrlich auch weiterhin im Blickfeld haben werden. Durchaus denkbar also, dass der \u201ePechvogel\u201c in absehbarer Zeit die n\u00e4chste Gelegenheit erh\u00e4lt, neben dem Preu\u00dfen-Adler auch den Bundesadler auf der Brust tragen zu d\u00fcrfen.<\/p>\n<p class=\"id-StoryElement-paragraph\">Das Pech von Schenk ist das Gl\u00fcck von Nahuel Noll von Greuther F\u00fcrth, der nun als dritter Torh\u00fcter mit zur EM reist. Die deutsche U21 startet am 12. Juni gegen Slowenien ins Turnier, weitere Gruppengegner sind Tschechien und Titelverteidiger England. (ck)<\/p>\n","protected":false},"excerpt":{"rendered":"tz Sport FC Bayern Stand: 06.06.2025, 13:06 Uhr Von: Christoph Klaucke DruckenTeilen Ein Ex-Bayern-Talent verpasst die U21-EM wegen&hellip;\n","protected":false},"author":2,"featured_media":171252,"comment_status":"","ping_status":"","sticky":false,"template":"","format":"standard","meta":{"footnotes":""},"categories":[1843],"tags":[3364,29,30,8970,1209],"class_list":{"0":"post-171251","1":"post","2":"type-post","3":"status-publish","4":"format-standard","5":"has-post-thumbnail","7":"category-muenster","8":"tag-de","9":"tag-deutschland","10":"tag-germany","11":"tag-muenster","12":"tag-nordrhein-westfalen"},"share_on_mastodon":{"url":"https:\/\/pubeurope.com\/@de\/114639702864394173","error":""},"_links":{"self":[{"href":"https:\/\/www.europesays.com\/de\/wp-json\/wp\/v2\/posts\/171251","targetHints":{"allow":["GET"]}}],"collection":[{"href":"https:\/\/www.europesays.com\/de\/wp-json\/wp\/v2\/posts"}],"about":[{"href":"https:\/\/www.europesays.com\/de\/wp-json\/wp\/v2\/types\/post"}],"author":[{"embeddable":true,"href":"https:\/\/www.europesays.com\/de\/wp-json\/wp\/v2\/users\/2"}],"replies":[{"embeddable":true,"href":"https:\/\/www.europesays.com\/de\/wp-json\/wp\/v2\/comments?post=171251"}],"version-history":[{"count":0,"href":"https:\/\/www.europesays.com\/de\/wp-json\/wp\/v2\/posts\/171251\/revisions"}],"wp:featuredmedia":[{"embeddable":true,"href":"https:\/\/www.europesays.com\/de\/wp-json\/wp\/v2\/media\/171252"}],"wp:attachment":[{"href":"https:\/\/www.europesays.com\/de\/wp-json\/wp\/v2\/media?parent=171251"}],"wp:term":[{"taxonomy":"category","embeddable":true,"href":"https:\/\/www.europesays.com\/de\/wp-json\/wp\/v2\/categories?post=171251"},{"taxonomy":"post_tag","embeddable":true,"href":"https:\/\/www.europesays.com\/de\/wp-json\/wp\/v2\/tags?post=171251"}],"curies":[{"name":"wp","href":"https:\/\/api.w.org\/{rel}","templated":true}]}}