{"id":171363,"date":"2025-06-07T03:29:16","date_gmt":"2025-06-07T03:29:16","guid":{"rendered":"https:\/\/www.europesays.com\/de\/171363\/"},"modified":"2025-06-07T03:29:16","modified_gmt":"2025-06-07T03:29:16","slug":"masken-affaere-wie-jens-spahn-steuermilliarden-versenkte-politik","status":"publish","type":"post","link":"https:\/\/www.europesays.com\/de\/171363\/","title":{"rendered":"Masken-Aff\u00e4re: Wie Jens Spahn Steuermilliarden versenkte &#8211; Politik"},"content":{"rendered":"<p data-manual=\"paragraph\" data-schema-org-speakable=\"true\" class=\"css-4bdi0k\">Wer hat in Diensten der Bundesrepublik am meisten Geld zum Fenster rausgeworfen? Um diesen zweifelhaften Rekord konkurriert Ex-Verkehrsminister Andi Scheuer (CSU), dessen gescheiterte Pkw-Maut die Steuerzahler 243 Millionen Euro kostete, aktuell mit Ex-Gesundheitsminister <a href=\"https:\/\/www.sueddeutsche.de\/thema\/Jens_Spahn\" target=\"_blank\" rel=\"noopener\">Jens Spahn<\/a> (<a href=\"https:\/\/www.sueddeutsche.de\/thema\/CDU\" target=\"_blank\" rel=\"noopener\">CDU<\/a>). Denn dessen Versuche, in der Pandemie gen\u00fcgend Corona-Masken zu beschaffen, d\u00fcrften noch mit einer erheblich h\u00f6heren Summe zu Buche schlagen.<\/p>\n","protected":false},"excerpt":{"rendered":"Wer hat in Diensten der Bundesrepublik am meisten Geld zum Fenster rausgeworfen? Um diesen zweifelhaften Rekord konkurriert Ex-Verkehrsminister&hellip;\n","protected":false},"author":2,"featured_media":171364,"comment_status":"","ping_status":"","sticky":false,"template":"","format":"standard","meta":{"footnotes":""},"categories":[5],"tags":[58772,31,58769,58770,162,13,15785,148,58771,14,15,16,12,149,10,8,9,11],"class_list":{"0":"post-171363","1":"post","2":"type-post","3":"status-publish","4":"format-standard","5":"has-post-thumbnail","7":"category-nachrichten","8":"tag-atemschutzmasken","9":"tag-cdu","10":"tag-corona-massnahmen","11":"tag-corona-regeln","12":"tag-coronavirus","13":"tag-headlines","14":"tag-jens-spahn","15":"tag-leserdiskussion","16":"tag-maskenpflicht","17":"tag-nachrichten","18":"tag-news","19":"tag-politik","20":"tag-schlagzeilen","21":"tag-sueddeutsche-zeitung","22":"tag-top-news","23":"tag-top-meldungen","24":"tag-topmeldungen","25":"tag-topnews"},"share_on_mastodon":{"url":"https:\/\/pubeurope.com\/@de\/114639966415182088","error":""},"_links":{"self":[{"href":"https:\/\/www.europesays.com\/de\/wp-json\/wp\/v2\/posts\/171363","targetHints":{"allow":["GET"]}}],"collection":[{"href":"https:\/\/www.europesays.com\/de\/wp-json\/wp\/v2\/posts"}],"about":[{"href":"https:\/\/www.europesays.com\/de\/wp-json\/wp\/v2\/types\/post"}],"author":[{"embeddable":true,"href":"https:\/\/www.europesays.com\/de\/wp-json\/wp\/v2\/users\/2"}],"replies":[{"embeddable":true,"href":"https:\/\/www.europesays.com\/de\/wp-json\/wp\/v2\/comments?post=171363"}],"version-history":[{"count":0,"href":"https:\/\/www.europesays.com\/de\/wp-json\/wp\/v2\/posts\/171363\/revisions"}],"wp:featuredmedia":[{"embeddable":true,"href":"https:\/\/www.europesays.com\/de\/wp-json\/wp\/v2\/media\/171364"}],"wp:attachment":[{"href":"https:\/\/www.europesays.com\/de\/wp-json\/wp\/v2\/media?parent=171363"}],"wp:term":[{"taxonomy":"category","embeddable":true,"href":"https:\/\/www.europesays.com\/de\/wp-json\/wp\/v2\/categories?post=171363"},{"taxonomy":"post_tag","embeddable":true,"href":"https:\/\/www.europesays.com\/de\/wp-json\/wp\/v2\/tags?post=171363"}],"curies":[{"name":"wp","href":"https:\/\/api.w.org\/{rel}","templated":true}]}}