{"id":171456,"date":"2025-06-07T10:41:11","date_gmt":"2025-06-07T10:41:11","guid":{"rendered":"https:\/\/www.europesays.com\/de\/171456\/"},"modified":"2025-06-07T10:41:11","modified_gmt":"2025-06-07T10:41:11","slug":"ortstermin-in-der-wilhelma-mit-unserer-zeitung-naeher-an-der-wilhelma-wunderwelt-startseite","status":"publish","type":"post","link":"https:\/\/www.europesays.com\/de\/171456\/","title":{"rendered":"\u201eOrtstermin\u201c in der Wilhelma: Mit unserer Zeitung n\u00e4her an der Wilhelma-Wunderwelt &#8211; Startseite"},"content":{"rendered":"<p>\n\t  <img decoding=\"async\" loading=\"lazy\" src=\"https:\/\/www.europesays.com\/de\/wp-content\/uploads\/2025\/06\/media.media.0f9895c9-ac8b-45ea-b99b-fb91485af9df.original1024.media.jpeg\"\/>     Mehr als 80 Leserinnen und Leser waren beim Gespr\u00e4ch in der Wilhelmaschule dabei .    Foto: Lichtgut    <\/p>\n<p>Und doch ist an diesem Nachmittag im Gespr\u00e4ch mit Iris Frey, Wilhelma-Expertin unserer Zeitung, nicht nur der Zoologe gefragt, nicht nur der Artensch\u00fctzer, nicht nur der Streiter f\u00fcr Erfolgsprojekte wie die <a href=\"https:\/\/www.wilhelma.de\/entdecken\/park\/themenwelt-detailansicht\/terra-australis\" target=\"_blank\" rel=\"noopener\">Terra Australis<\/a>. K\u00f6lpin gibt auch den Diplomaten \u2013 es geht nicht nur um viel Geld f\u00fcr eine der wichtigsten Attraktionen der Landeshauptstadt sowie f\u00fcr Baden-W\u00fcrttemberg, sondern auch um gro\u00dfe Themen. Neben dem Artenschutz ist dies zuvorderst der Klimawandel. Und dabei denkt Thomas K\u00f6lpin auch f\u00fcr die Wilhelma in gro\u00dfen Zeitr\u00e4umen. \u201eB\u00e4ume\u201c, sagt er im Gespr\u00e4ch mit Iris Frey, \u201ewerden bis zu 200 Jahre alt, sind unsere \u00e4ltesten Lebewesen\u201c. Und f\u00fcr sie gelte es, die \u00dcberlebensf\u00e4higkeit sicherzustellen. <\/p>\n<p>In den anschlie\u00dfenden exklusiven Rundg\u00e4ngen f\u00fcr die \u201eOrtstermin\u201c-Teilnehmerinnen und Teilnehmer werden noch einmal die gro\u00dfen Ver\u00e4nderungen in der Wilhelma deutlich. Vor allem die vor der Er\u00f6ffnung stehende Anlage f\u00fcr <a href=\"https:\/\/www.wilhelma.de\/entdecken\/tiere\/tierart\/amurtiger\" target=\"_blank\" rel=\"noopener\">\u201edie gr\u00f6\u00dfte Raubkatze der Welt\u201c<\/a> (K\u00f6lpin) fasziniert. <a href=\"https:\/\/www.baden-wuerttemberg.de\/de\/service\/presse\/pressemitteilung\/pid\/baubeginn-der-anlage-fuer-amur-tiger-in-der-wilhelma-1\" target=\"_blank\" rel=\"noopener\">\u201eAmur-Tiger\u201c steht weithin sichtbar \u00fcber dem k\u00fcnftigen Besuchertunnel <\/a>unter der \u201eeinen halben Hektar gro\u00dfen Anlage\u201c. Und mit einigem Gl\u00fcck wird das Wilhelma-Publikum die bis zu 300 Kilo schweren Tiere \u00fcber den Tunnel nicht nur \u00fcberraschend nah erleben k\u00f6nnen, sondern auch hoch \u00fcber den K\u00f6pfen sehen. <\/p>\n<p>Hofft hier Thomas K\u00f6lpin mit seinem Team auf zuk\u00fcnftige Zuchterfolge, konnte man diesen vor knapp einem Jahr bei den Koalas \u00fcberraschend schnell feiern. <a href=\"https:\/\/www.stuttgarter-nachrichten.de\/inhalt.wilhelma-stuttgart-die-jungen-stuttgarter-koalas-haben-jetzt-auch-namen.06d6fed1-7eb6-45e2-a69b-b4ee241431af.html\" target=\"_blank\" rel=\"noopener\">Und p\u00fcnktlich zum \u201eOrtstermin\u201c zeigen sich die beiden Jungtiere hoch aktiv<\/a>. Mit dem Schutz der Mutter alles zu erkunden, scheint am Freitagnachmittag das erkl\u00e4rte Ziel. Den Ernst dahinter hatte Iris Frey im \u201eOrtstermin\u201c-Dialog angesprochen \u2013 sechs von 50 Koalas in europ\u00e4ischen Zoos kommen aus der Wilhelma, 6 von 13 Tieren sind es auf Deutschland allein bezogen. <\/p>\n<p>\u201eGr\u00f6\u00dftes Investitionsprojekt\u201c aber bleibt mit die geplante neue <a href=\"https:\/\/www.wilhelmafreunde.de\/wir-ueber-uns\/zukuenftige-projekte\/\" target=\"_blank\" rel=\"noopener\">Elefantenwelt<\/a> mit 51 Millionen Euro F\u00f6rderung allein durch durch das Land. Das Stuttgarter B\u00fcro Hermann\u200a+\u200aBosch Architekten plant zusammen mit MKK Architekten und dem Ingenieurb\u00fcro Knippers Helbig eine Anlage f\u00fcr bis zu 14 Tieren. F\u00fcr Thomas K\u00f6lpin besonders wichtig: die m\u00f6gliche Trennung der Tiere \u00fcber Mutterh\u00e4user und Junggesellenh\u00e4user, drei Au\u00dfen- und drei Innenanlagen. In diesem Herbst sollen die Bauarbeiten beginnen. <\/p>\n<p>Aber auch in der Terra Australis geht es weiter \u2013 aktuell entsteht eine neue Anlage f\u00fcr graue Riesenk\u00e4ngurus, Tasmanische Teufel (\u201eder gr\u00f6\u00dfte Beutelr\u00e4uber\u201c, so Thomas K\u00f6lpin) und Wombats. Und auch diese Weiterentwicklung darf man als Aspekt des zentralen Zukunftswunsches des Wilhelma-Direktors sehen: \u201edie Transformation der Wilhelma von einem Zoologisch-Botanischen Garten mit hohem Artenschutz-Engagement hin zu einem Artenschutzzentrum mit angeschlossenem Zoologisch-Botanischen Garten.\u201c<\/p>\n<p>Nat\u00fcrlich aber wei\u00df Thomas K\u00f6lpin um die K\u00e4rrnerarbeit in der Gegenwart. Schon das Ankommen der Besucherinnen und Besucher z\u00e4hlt. Und so soll der <a href=\"https:\/\/www.stuttgarter-zeitung.de\/gallery.historisches-juwel-in-der-wilhelma-pavillon-von-koenig-wilhelm-erstrahlt-nach-und-nach-in-neuem-glanz.4de3f42b-0a70-44bf-a0ed-b4b3ac3bda62.html\" target=\"_blank\" rel=\"noopener\">historische Pavillon am Eingang<\/a> nach immer neuen Verz\u00f6gerungen nun m\u00f6glichst rasch abschlie\u00dfend saniert sein. Und nat\u00fcrlich bleibt auch dies ein Wunsch: \u201eDie Wiederer\u00f6ffnung der dann sanierten <a href=\"https:\/\/www.wilhelma.de\/entdecken\/park\/historische-gebaeude\" target=\"_blank\" rel=\"noopener\">Damaszenerhalle<\/a> zum 175-j\u00e4hrigen Bestehen der Wilhelma im Jahr 2028.\u201c Er sei nach den Erfahrungen mit dem Pavillon jedoch auch f\u00fcr das einzige Geb\u00e4ude in der Stuttgarter Wilhelma, das im Zweiten Weltkrieg nicht zerst\u00f6rt wurde, \u201emit Prognosen vorsichtig geworden\u201c, sagt K\u00f6lpin \u2013 und f\u00fcgt unter viel Beifall des \u201eOrtstermin\u201c-Publikums hinzu: \u201eAber sch\u00f6n w\u00e4re es schon.\u201c <\/p>\n<p> Kindertag an Pfingstmontag  <\/p>\n<p class=\"infobox\"> <strong>Staunen und Toben <\/strong><br \/>Kindertag ist eigentlich jeder Tag in der Wilhelma, aber einmal im Jahr wird f\u00fcr die j\u00fcngsten Besucherinnen und Besucher des zoologisch-botanischen Gartens noch mehr als sonst geboten \u2013 am <a href=\"https:\/\/www.wilhelma.de\/aktuelles\/aktuelles\/news-presse\/meldung\/kindertag-in-der-wilhelma\" target=\"_blank\" rel=\"noopener\">Kindertag<\/a>. Dieses Jahr findet der Kindertag am Pfingstmontag, 9. Juni, statt. Gro\u00dfe H\u00fcpfburgen bieten M\u00f6glichkeiten zum Spielen und Toben. Auch die Rollende Kinderturn-Welt, das Bewegungsmobil der Kinderturnstiftung Baden-W\u00fcrttemberg, ist wieder vor Ort \u2013 mit f\u00fcnf Erlebnisstationen, die bei Klein und Gro\u00df f\u00fcr Spa\u00df und Bewegung sorgen. F\u00fcr Gro\u00df und Klein wichtig: Um 14 Uhr wird beim Restaurant Amazonica ein \u00fcberdimensionaler Erdbeerkuchen angeschnitten. Der Erl\u00f6s aus dem Verkauf des Kuchens wird komplett an ein von der Wilhelma unterst\u00fctztes Artenschutzprojekt gespendet. Die Programme am Kindertag beginnen um 10 Uhr und enden um 16 Uhr. Alle Mitmachaktionen sind im Eintrittspreis enthalten. Kinder unter 6 Jahren haben wie immer freien Eintritt. <\/p>\n","protected":false},"excerpt":{"rendered":"Mehr als 80 Leserinnen und Leser waren beim Gespr\u00e4ch in der Wilhelmaschule dabei . Foto: Lichtgut Und doch&hellip;\n","protected":false},"author":2,"featured_media":171457,"comment_status":"","ping_status":"","sticky":false,"template":"","format":"standard","meta":{"footnotes":""},"categories":[1830],"tags":[58800,1634,3364,29,48681,58801,30,48682,1441,58799,12378],"class_list":{"0":"post-171456","1":"post","2":"type-post","3":"status-publish","4":"format-standard","5":"has-post-thumbnail","7":"category-stuttgart","8":"tag-amurtiger","9":"tag-baden-wuerttemberg","10":"tag-de","11":"tag-deutschland","12":"tag-eigenveranstaltung","13":"tag-elefantenanlage","14":"tag-germany","15":"tag-ortstermin","16":"tag-stuttgart","17":"tag-thomas-koelpin","18":"tag-wilhelma"},"share_on_mastodon":{"url":"https:\/\/pubeurope.com\/@de\/114641665202842410","error":""},"_links":{"self":[{"href":"https:\/\/www.europesays.com\/de\/wp-json\/wp\/v2\/posts\/171456","targetHints":{"allow":["GET"]}}],"collection":[{"href":"https:\/\/www.europesays.com\/de\/wp-json\/wp\/v2\/posts"}],"about":[{"href":"https:\/\/www.europesays.com\/de\/wp-json\/wp\/v2\/types\/post"}],"author":[{"embeddable":true,"href":"https:\/\/www.europesays.com\/de\/wp-json\/wp\/v2\/users\/2"}],"replies":[{"embeddable":true,"href":"https:\/\/www.europesays.com\/de\/wp-json\/wp\/v2\/comments?post=171456"}],"version-history":[{"count":0,"href":"https:\/\/www.europesays.com\/de\/wp-json\/wp\/v2\/posts\/171456\/revisions"}],"wp:featuredmedia":[{"embeddable":true,"href":"https:\/\/www.europesays.com\/de\/wp-json\/wp\/v2\/media\/171457"}],"wp:attachment":[{"href":"https:\/\/www.europesays.com\/de\/wp-json\/wp\/v2\/media?parent=171456"}],"wp:term":[{"taxonomy":"category","embeddable":true,"href":"https:\/\/www.europesays.com\/de\/wp-json\/wp\/v2\/categories?post=171456"},{"taxonomy":"post_tag","embeddable":true,"href":"https:\/\/www.europesays.com\/de\/wp-json\/wp\/v2\/tags?post=171456"}],"curies":[{"name":"wp","href":"https:\/\/api.w.org\/{rel}","templated":true}]}}