{"id":171478,"date":"2025-06-07T10:52:16","date_gmt":"2025-06-07T10:52:16","guid":{"rendered":"https:\/\/www.europesays.com\/de\/171478\/"},"modified":"2025-06-07T10:52:16","modified_gmt":"2025-06-07T10:52:16","slug":"liveticker-zur-merz-regierung-merz-man-darf-sich-von-trump-nicht-einschuechtern-lassen","status":"publish","type":"post","link":"https:\/\/www.europesays.com\/de\/171478\/","title":{"rendered":"Liveticker zur Merz-Regierung: Merz: Man darf sich von Trump nicht einsch\u00fcchtern lassen"},"content":{"rendered":"<p>Die Ministerpr\u00e4sidenten der CDU fordern in einem Brief an Kanzler Friedrich Merz (CDU) eine <strong>Neuordnung der Finanzbeziehungen von Bund und L\u00e4ndern. Es m\u00fcsse das Prinzip gelten: \u201eWer bestellt, bezahlt\u201c,<\/strong> hei\u00dft es in dem Schreiben, das der Deutschen Presse-Agentur vorliegt. <strong>\u201eDas Ziel ist ein regelgebundener, dauerhafter und \u00fcberpr\u00fcfbarer Mechanismus, der den finanziellen Ausgleich zugunsten der L\u00e4nder schafft, wenn Bundesgesetze zu Mehrausgaben oder Mindereinnahmen der L\u00e4nder und Kommunen f\u00fchren.\u201c<br \/><\/strong><\/p>\n<p>Zur Kompensation sollten die L\u00e4nder einen <strong>h\u00f6heren Anteil an der Umsatzsteuer bekommen<\/strong>, schlagen die CDU-Ministerpr\u00e4sidenten vor. Daf\u00fcr solle die Bundesregierung bei Gesetzentw\u00fcrfen besser als bisher berechnen, welche finanziellen Folgen sich f\u00fcr L\u00e4nder und Kommunen ergeben \u2013 und dann automatisch die Umsatzsteuerverteilung anpassen.\u00a0<\/p>\n<p>Unterzeichnet wurde der Brief von Michael Kretschmer (Sachsen), Kai Wegner (Berlin), Boris Rhein (Hessen), Hendrik W\u00fcst (Nordrhein-Westfalen), Reiner Haseloff (Sachsen-Anhalt), Daniel G\u00fcnther (Schleswig-Holstein) und Mario Voigt (Th\u00fcringen). <strong>Bayerns Regierungschef Markus S\u00f6der (CSU) geh\u00f6rt demnach nicht dazu.<\/strong><\/p>\n","protected":false},"excerpt":{"rendered":"Die Ministerpr\u00e4sidenten der CDU fordern in einem Brief an Kanzler Friedrich Merz (CDU) eine Neuordnung der Finanzbeziehungen von&hellip;\n","protected":false},"author":2,"featured_media":171479,"comment_status":"","ping_status":"","sticky":false,"template":"","format":"standard","meta":{"footnotes":""},"categories":[1825],"tags":[1941,1939,296,1937,29,30,1940,1938],"class_list":{"0":"post-171478","1":"post","2":"type-post","3":"status-publish","4":"format-standard","5":"has-post-thumbnail","7":"category-berlin","8":"tag-aktuelle-nachrichten-aus-berlin","9":"tag-aktuelle-news-aus-berlin","10":"tag-berlin","11":"tag-berlin-news","12":"tag-deutschland","13":"tag-germany","14":"tag-nachrichten-aus-berlin","15":"tag-news-aus-berlin"},"share_on_mastodon":{"url":"https:\/\/pubeurope.com\/@de\/114641708202923407","error":""},"_links":{"self":[{"href":"https:\/\/www.europesays.com\/de\/wp-json\/wp\/v2\/posts\/171478","targetHints":{"allow":["GET"]}}],"collection":[{"href":"https:\/\/www.europesays.com\/de\/wp-json\/wp\/v2\/posts"}],"about":[{"href":"https:\/\/www.europesays.com\/de\/wp-json\/wp\/v2\/types\/post"}],"author":[{"embeddable":true,"href":"https:\/\/www.europesays.com\/de\/wp-json\/wp\/v2\/users\/2"}],"replies":[{"embeddable":true,"href":"https:\/\/www.europesays.com\/de\/wp-json\/wp\/v2\/comments?post=171478"}],"version-history":[{"count":0,"href":"https:\/\/www.europesays.com\/de\/wp-json\/wp\/v2\/posts\/171478\/revisions"}],"wp:featuredmedia":[{"embeddable":true,"href":"https:\/\/www.europesays.com\/de\/wp-json\/wp\/v2\/media\/171479"}],"wp:attachment":[{"href":"https:\/\/www.europesays.com\/de\/wp-json\/wp\/v2\/media?parent=171478"}],"wp:term":[{"taxonomy":"category","embeddable":true,"href":"https:\/\/www.europesays.com\/de\/wp-json\/wp\/v2\/categories?post=171478"},{"taxonomy":"post_tag","embeddable":true,"href":"https:\/\/www.europesays.com\/de\/wp-json\/wp\/v2\/tags?post=171478"}],"curies":[{"name":"wp","href":"https:\/\/api.w.org\/{rel}","templated":true}]}}