{"id":171521,"date":"2025-06-07T11:16:19","date_gmt":"2025-06-07T11:16:19","guid":{"rendered":"https:\/\/www.europesays.com\/de\/171521\/"},"modified":"2025-06-07T11:16:19","modified_gmt":"2025-06-07T11:16:19","slug":"wilde-waeldchen-natur-stadt-baeume-klima-mags","status":"publish","type":"post","link":"https:\/\/www.europesays.com\/de\/171521\/","title":{"rendered":"wilde W\u00e4ldchen Natur Stadt B\u00e4ume Klima Mags"},"content":{"rendered":"\n<p class=\"richtext mb-6 last:mb-0\">Wild sieht er schon aus, aber in seinem ersten Fr\u00fchling gleicht das W\u00e4ldchen im Beller Park noch einem zerzausten Garten. Im Herbst 2024 hat die Mags 13 \u201ewilde W\u00e4ldchen\u201c in M\u00f6nchengladbach angelegt. Sie sollen kleinen S\u00e4ugetieren, V\u00f6geln, Insekten und Schmetterlingen einen gesch\u00fctzten Lebensraum bieten. Dazu sind sie gut f\u00fcr das Mikro-Klima, weil sie die Biodiversit\u00e4t f\u00f6rdern und an hei\u00dfen Tagen die Luft k\u00fchlen.<\/p>\n","protected":false},"excerpt":{"rendered":"Wild sieht er schon aus, aber in seinem ersten Fr\u00fchling gleicht das W\u00e4ldchen im Beller Park noch einem&hellip;\n","protected":false},"author":2,"featured_media":171522,"comment_status":"","ping_status":"","sticky":false,"template":"","format":"standard","meta":{"footnotes":""},"categories":[1849],"tags":[3364,29,548,663,3934,30,13,4060,4455,14,15,1209,16,12,55],"class_list":{"0":"post-171521","1":"post","2":"type-post","3":"status-publish","4":"format-standard","5":"has-post-thumbnail","7":"category-moenchengladbach","8":"tag-de","9":"tag-deutschland","10":"tag-eu","11":"tag-europa","12":"tag-europe","13":"tag-germany","14":"tag-headlines","15":"tag-lokal","16":"tag-moenchengladbach","17":"tag-nachrichten","18":"tag-news","19":"tag-nordrhein-westfalen","20":"tag-politik","21":"tag-schlagzeilen","22":"tag-wirtschaft"},"share_on_mastodon":{"url":"https:\/\/pubeurope.com\/@de\/114641802650607451","error":""},"_links":{"self":[{"href":"https:\/\/www.europesays.com\/de\/wp-json\/wp\/v2\/posts\/171521","targetHints":{"allow":["GET"]}}],"collection":[{"href":"https:\/\/www.europesays.com\/de\/wp-json\/wp\/v2\/posts"}],"about":[{"href":"https:\/\/www.europesays.com\/de\/wp-json\/wp\/v2\/types\/post"}],"author":[{"embeddable":true,"href":"https:\/\/www.europesays.com\/de\/wp-json\/wp\/v2\/users\/2"}],"replies":[{"embeddable":true,"href":"https:\/\/www.europesays.com\/de\/wp-json\/wp\/v2\/comments?post=171521"}],"version-history":[{"count":0,"href":"https:\/\/www.europesays.com\/de\/wp-json\/wp\/v2\/posts\/171521\/revisions"}],"wp:featuredmedia":[{"embeddable":true,"href":"https:\/\/www.europesays.com\/de\/wp-json\/wp\/v2\/media\/171522"}],"wp:attachment":[{"href":"https:\/\/www.europesays.com\/de\/wp-json\/wp\/v2\/media?parent=171521"}],"wp:term":[{"taxonomy":"category","embeddable":true,"href":"https:\/\/www.europesays.com\/de\/wp-json\/wp\/v2\/categories?post=171521"},{"taxonomy":"post_tag","embeddable":true,"href":"https:\/\/www.europesays.com\/de\/wp-json\/wp\/v2\/tags?post=171521"}],"curies":[{"name":"wp","href":"https:\/\/api.w.org\/{rel}","templated":true}]}}