{"id":171621,"date":"2025-06-07T12:08:13","date_gmt":"2025-06-07T12:08:13","guid":{"rendered":"https:\/\/www.europesays.com\/de\/171621\/"},"modified":"2025-06-07T12:08:13","modified_gmt":"2025-06-07T12:08:13","slug":"mehrere-riesenschlangen-in-muenchen-untergebracht-wo-man-die-reptilien-entdeckt-hat","status":"publish","type":"post","link":"https:\/\/www.europesays.com\/de\/171621\/","title":{"rendered":"Mehrere Riesenschlangen in M\u00fcnchen untergebracht &#8211; wo man die Reptilien entdeckt hat"},"content":{"rendered":"<p>Die M\u00fcnchner Auffangstation f\u00fcr Reptilien in <a href=\"https:\/\/www.abendzeitung-muenchen.de\/muenchen\/\" target=\"_blank\" rel=\"noopener\">M\u00fcnchen<\/a> hat neue Bewohner. Bei einer Kontrolle einer Kleintiergartenanlage im th\u00fcringischen Nordhausen hat das dortige Veterin\u00e4ramt mehrere exotische Reptilien sichergestellt, darunter ein Beulenkrokodil, Netz- und Tigerpythons sowie mehrere Anakondas.<\/p>\n<p>In Th\u00fcringen beschlagnahmte Riesenschlange leben jetzt in M\u00fcnchner Auffangstation<\/p>\n<p>Einen Teil der Tiere, die in Th\u00fcringen nicht artgerecht gehalten und daher beschlagnahmt wurden, hat jetzt die M\u00fcnchner Auffangstation f\u00fcr Reptilien aufgenommen. In der Landeshauptstadt angekommen, wurde die Tiere zun\u00e4chst medizinisch untersucht und anschlie\u00dfend gewogen und gemessen. So bringen es die Riesenschlange jeweils auf eine L\u00e4nge von mehreren Metern. Zudem wurden Proben zur weiteren Diagnostik entnommen, so zum Beispiel um die Schlangen auf Virenerkrankungen hin zu checken.<\/p>\n<p><img decoding=\"async\" src=\"https:\/\/www.europesays.com\/de\/wp-content\/uploads\/2025\/04\/muc_silhouette_short.svg.svg+xml\"\/><\/p>\n<p>Bis die Reptilien an einen neuen Halter vermittelt werden k\u00f6nnen, schl\u00e4ngeln sie nun in der Auffangstation in der Kaulbachstra\u00dfe. Solange k\u00fcmmert sich geschultes Fachpersonal um die art- und verhaltensgerechte Versorgung der Tiere.<\/p>\n<p>        An dieser Stelle finden Sie einen externen Inhalt (Instagram Reel). Sie k\u00f6nnen sich Inhalte dieses Anbieters mit einem Klick anzeigen lassen und wieder ausblenden.<\/p>\n<p>\n        Anzeigen\n        <\/p>\n<p>\n        Externe Inhalte ausblenden\n        <\/p>\n<p>\n        Anzeige f\u00fcr den Anbieter Instagram Reel \u00fcber den Consent-Anbieter verweigert\n    <\/p>\n<p>Schon seit Jahren arbeitet die M\u00fcnchner Auffangstation eng mit Beh\u00f6rden in ganz Deutschland zusammen. Sie unterst\u00fctzt bei Begutachtungen problematischer Tierhaltungen und \u00fcbernimmt Tiere, wenn diese durch Veterin\u00e4r\u00e4mter beschlagnahmt werden \u2013 wie im aktuellen Fall aus Th\u00fcringen.<\/p>\n<p>Reptilien werden nur in gravierenden F\u00e4llen unmittelbar sichergestellt. Normalerweise bekommen die Halter zun\u00e4chst die M\u00f6glichkeit, die festgestellten M\u00e4ngel zu beheben. Dies war auch in Th\u00fcringen der Fall. Werden die Auflagen jedoch wiederholt nicht erf\u00fcllt, dann ordnen die lokalen Beh\u00f6rden eine Beschlagnahmung an, wie jetzt in Nordhausen geschehen. In solchen F\u00e4llen werden dann Auffangstationen wie die in M\u00fcnchen aktiv. Sie schaffen die notwendige Struktur, damit diese Art von beh\u00f6rdlichem Tierschutz \u00fcberhaupt m\u00f6glich ist.<\/p>\n<p>Neue Halter zu finden ist nicht einfach<\/p>\n<p>Doch warum landen beschlagnahmte Tiere nicht im Zoo? Diese sind meist ausgelastet und nehmen daher vorrangig nur die Tiere auf, die f\u00fcr Artenschutzprogramme oder die \u00f6ffentliche Bildung Relevanz besitzen. Exoten aus Privathand \u2013 besonders weit verbreitete Arten \u2013 sto\u00dfen aus diesem Grund in Tierparks eher selten auf Interesse.\u00a0<\/p>\n<p>    <a href=\"https:\/\/www.abendzeitung-muenchen.de\/muenchen\/neuer-halter-gesucht-wie-zwei-nilkrokodile-nach-muenchen-kamen-art-1026174\" data-mrf-recirculation=\"Artikel-Link\" target=\"_blank\" rel=\"noopener\"><img decoding=\"async\" loading=\"lazy\" src=\"https:\/\/www.europesays.com\/de\/wp-content\/uploads\/2025\/06\/1514470_mehrzumthema_1Doof0_HSYAcJ.jpg\" alt=\"Etwa drei Meter lang ist dieses Nilkrokodil.\" title=\"Etwa drei Meter lang ist dieses Nilkrokodil.\" width=\"696\" height=\"390\"\/><\/a><\/p>\n<p>        <a href=\"https:\/\/www.abendzeitung-muenchen.de\/muenchen\/neuer-halter-gesucht-wie-zwei-nilkrokodile-nach-muenchen-kamen-art-1026174\" data-mrf-recirculation=\"Artikel-Link\" target=\"_blank\" rel=\"noopener\">Neuer Halter gesucht: Wie zwei Nilkrokodile nach M\u00fcnchen kamen        <\/a><\/p>\n<p>              <img decoding=\"async\" alt=\"AZ-Plus\" src=\"https:\/\/www.europesays.com\/de\/wp-content\/uploads\/2025\/03\/badge-azplus.svg.svg+xml\"\/>                <\/p>\n<p>                X<\/p>\n<p>Sie haben den Artikel der Merkliste hinzugef\u00fcgt. <\/p>\n<p>                <a href=\"https:\/\/www.abendzeitung-muenchen.de\/meine-az\/merkliste\/\" title=\"Zur Merkliste\" target=\"_blank\" rel=\"noopener\"><br \/>\n                zur Merkliste<br \/>\n                <\/a>  <\/p>\n<p>    <a href=\"https:\/\/www.abendzeitung-muenchen.de\/muenchen\/umland\/jetzt-in-auffangstation-in-muenchen-lebendes-chamaeleon-auf-wertstoffhof-entsorgt-art-1037421\" data-mrf-recirculation=\"Artikel-Link\" target=\"_blank\" rel=\"noopener\"><img decoding=\"async\" loading=\"lazy\" src=\"https:\/\/www.europesays.com\/de\/wp-content\/uploads\/2025\/06\/1531824_pantherchamaeleon-lucifer_mehrzumthema_1DH4SG_zscpku.jpg\" alt=\"Panthercham\u00e4leon Lucifer soll nun in einer Auffangstation wieder aufgep\u00e4ppelt werden.\" title=\"Panthercham\u00e4leon Lucifer soll nun in einer Auffangstation wieder aufgep\u00e4ppelt werden.\" width=\"696\" height=\"390\"\/><\/a><\/p>\n<p>        <a href=\"https:\/\/www.abendzeitung-muenchen.de\/muenchen\/umland\/jetzt-in-auffangstation-in-muenchen-lebendes-chamaeleon-auf-wertstoffhof-entsorgt-art-1037421\" data-mrf-recirculation=\"Artikel-Link\" target=\"_blank\" rel=\"noopener\">Wertstoffhof-Fund: Cham\u00e4leon in M\u00fcnchner Auffangstation        <\/a><\/p>\n<p>                X<\/p>\n<p>Sie haben den Artikel der Merkliste hinzugef\u00fcgt. <\/p>\n<p>                <a href=\"https:\/\/www.abendzeitung-muenchen.de\/meine-az\/merkliste\/\" title=\"Zur Merkliste\" target=\"_blank\" rel=\"noopener\"><br \/>\n                zur Merkliste<br \/>\n                <\/a>  <\/p>\n<p>Auch private Halter kommen aus den verschiedensten Gr\u00fcnden oftmals nicht infrage, da diese h\u00e4ufig die beh\u00f6rdlichen Auflagen zur Verwahrung von Tieren nicht erf\u00fcllen k\u00f6nnen.<\/p>\n<p>Hin und wieder gelingt es der Auffangstation, trotz gr\u00f6\u00dfter Bem\u00fchungen, nicht, ein neues und dauerhaftes Zuhause f\u00fcr die Reptilien zu finden. So wartet in M\u00fcnchen beispielsweise eine Netzpython seit 2012 auf eine neue Unterkunft.<\/p>\n<p>Falsche Reptilien-Haltung: Nicht die Tiere stellen das Problem dar<\/p>\n<p>Dass Reptilien nicht artgerecht gehalten werden, ist keine Seltenheit, doch die M\u00fcnchner Auffangstation stellt klar, dass in diesen F\u00e4llen nicht das Tier das Problem darstellt, sondern unzureichende Vorbereitung und fehlendes Wissen der privaten Halter. &#8222;Viele Reptilien \u2013 ob Krokodile, Schlangen, Schildkr\u00f6ten oder Echsen \u2013 stellen besondere Anspr\u00fcche an Haltung, Klima, Platz und Ern\u00e4hrung. Diese Bed\u00fcrfnisse lassen sich durchaus erf\u00fcllen, wenn sich Halter umfassend informieren und bereit sind, \u00fcber die Lebensdauer der Tiere kontinuierlich Zeit, Wissen und Ressourcen zu investieren. Das sollte im \u00dcbrigen f\u00fcr jedes Tier gelten!\u201c, so Dr. Baur, Stationsleiter der M\u00fcnchner Auffangstation f\u00fcr Reptilien.<\/p>\n","protected":false},"excerpt":{"rendered":"Die M\u00fcnchner Auffangstation f\u00fcr Reptilien in M\u00fcnchen hat neue Bewohner. Bei einer Kontrolle einer Kleintiergartenanlage im th\u00fcringischen Nordhausen&hellip;\n","protected":false},"author":2,"featured_media":171622,"comment_status":"","ping_status":"","sticky":false,"template":"","format":"standard","meta":{"footnotes":""},"categories":[1827],"tags":[55557,58837,772,58839,29,30,1268,58840,33707,58838,861],"class_list":{"0":"post-171621","1":"post","2":"type-post","3":"status-publish","4":"format-standard","5":"has-post-thumbnail","7":"category-muenchen","8":"tag-anakonda","9":"tag-auffangstation","10":"tag-bayern","11":"tag-beschlagnahme","12":"tag-deutschland","13":"tag-germany","14":"tag-muenchen","15":"tag-netzpython","16":"tag-reptilien","17":"tag-riesenschlangen","18":"tag-thueringen"},"share_on_mastodon":{"url":"https:\/\/pubeurope.com\/@de\/114642007346263343","error":""},"_links":{"self":[{"href":"https:\/\/www.europesays.com\/de\/wp-json\/wp\/v2\/posts\/171621","targetHints":{"allow":["GET"]}}],"collection":[{"href":"https:\/\/www.europesays.com\/de\/wp-json\/wp\/v2\/posts"}],"about":[{"href":"https:\/\/www.europesays.com\/de\/wp-json\/wp\/v2\/types\/post"}],"author":[{"embeddable":true,"href":"https:\/\/www.europesays.com\/de\/wp-json\/wp\/v2\/users\/2"}],"replies":[{"embeddable":true,"href":"https:\/\/www.europesays.com\/de\/wp-json\/wp\/v2\/comments?post=171621"}],"version-history":[{"count":0,"href":"https:\/\/www.europesays.com\/de\/wp-json\/wp\/v2\/posts\/171621\/revisions"}],"wp:featuredmedia":[{"embeddable":true,"href":"https:\/\/www.europesays.com\/de\/wp-json\/wp\/v2\/media\/171622"}],"wp:attachment":[{"href":"https:\/\/www.europesays.com\/de\/wp-json\/wp\/v2\/media?parent=171621"}],"wp:term":[{"taxonomy":"category","embeddable":true,"href":"https:\/\/www.europesays.com\/de\/wp-json\/wp\/v2\/categories?post=171621"},{"taxonomy":"post_tag","embeddable":true,"href":"https:\/\/www.europesays.com\/de\/wp-json\/wp\/v2\/tags?post=171621"}],"curies":[{"name":"wp","href":"https:\/\/api.w.org\/{rel}","templated":true}]}}