{"id":171662,"date":"2025-06-07T12:30:11","date_gmt":"2025-06-07T12:30:11","guid":{"rendered":"https:\/\/www.europesays.com\/de\/171662\/"},"modified":"2025-06-07T12:30:11","modified_gmt":"2025-06-07T12:30:11","slug":"elend-sozialbetrug-und-der-fehler-im-system-das-buergergeld-landet-in-den-taschen-von-clan-oberen-tagesspiegel","status":"publish","type":"post","link":"https:\/\/www.europesays.com\/de\/171662\/","title":{"rendered":"Elend, Sozialbetrug und der Fehler im System \u201eDas B\u00fcrgergeld landet in den Taschen von Clan-Oberen\u201c &#8211; Tagesspiegel"},"content":{"rendered":"<ol>\n<li><a href=\"https:\/\/news.google.com\/rss\/articles\/CBMi3wFBVV95cUxPcTI2LWUtNlJJVFU3MVR3d05XaVZvd2ljSHFpeG9LV1JGel9rZHF6ZjlLWVlabGFQUml3aU84eFN3MUIyS2QzMmRaczdXeGlxWkk0R01UVUNpSlpjWFBTQWx6WjZJMWdnT05sMEpoZDNuNURsTlFBN0gyWi1TcVdqdTNYMGd3azJIM3BoUFVRbEx4QnducEZoRW1ucy1HUW1WTXhpa0dZb0pPMnRubWVDcW5CSEFWYXpxRUF5MHduS3FLeDV2aWNVb1ZYcGRYNFJUdjZ3V1dxQjBPZm5JWDhZ?oc=5\" target=\"_blank\" rel=\"noopener\">Elend, Sozialbetrug und der Fehler im System \u201eDas B\u00fcrgergeld landet in den Taschen von Clan-Oberen\u201c<\/a>&nbsp;&nbsp;Tagesspiegel<\/li>\n<li><a href=\"https:\/\/news.google.com\/rss\/articles\/CBMiiAJBVV95cUxOQkZiOWNXUWJaRDNIdEN3Q2E1dk5NVlctM1llUkl1MEMwNEJIZDlTaDZCSHBRcGZsWEU3YW03SmRWdk0yWGt4QjZfcUFPT3RldUlmd09MQnEyV09WZjVlZDlXbGlad3lYRFhoSGIza2tFTVlRRWxIbkVMSVhlcUV6Z1plUjBycFJtRi1ienlpSHc5UXdDcTNsVzMySTVZQXVZaUg0a3lrdExla25DVjFrZ3FKSDgwbUI3cFJHX1d1SGk0dmlQam5BaGZQeUl1Ry1KTlBLZlNwQ0RwT2FzMGFPdzFEZ2xNWDI2dHN6Wl9Xc1JfTzJFSHNYbnlrUzd6OUZmMWtVVWhNNDU?oc=5\" target=\"_blank\" rel=\"noopener\">\u201eB\u00fcrgergeld landet in den Taschen von Clan-Oberen\u201c \u2013 Welge fordert \u201eAbschreckungseffekt\u201c<\/a>&nbsp;&nbsp;WELT<\/li>\n<li><a href=\"https:\/\/news.google.com\/rss\/articles\/CBMiswFBVV95cUxPVUg5NjBwWlg0b1FpNUtldTFjTmJ5VDZUQkxmTE9YbHl0RkdvYk1GOVQybmsxc2dvOERxdjQ5Si10UkNVakxkTXZLaHIzbER3VlcyZzRYNFlnMFByQlJGYmpJTUQ0eHk0STZMNk1hY1VYRkRQblRndW5uOEJBR19ETXNnWGFMVjBicWZuX3MxWGlCXzFNLVg1SVN6SXNZWERlTEZPOTV6alZmNy12ZlZNbmo5aw?oc=5\" target=\"_blank\" rel=\"noopener\">Sozialleistungsmissbrauch in Duisburg: Ma\u00dfnahmen der Arbeitsministerin<\/a>&nbsp;&nbsp;SZ.de<\/li>\n<li><a href=\"https:\/\/news.google.com\/rss\/articles\/CBMiygFBVV95cUxQTktBdGFmcHRpR2RncHEzLWNUQ0pNMm85aTJob3dHTlVwb3Zqc0dHaEJYOV9kcnlPQjRQcFI4WWtvMWNhN2xGM3p3enk3OS02d0dpMTVXT1NhaEdwSXVFVGtTU1llRGpoRWxFSW51eFdENDZZdjRmQk9tR2FsbzNTbUUyclJVckx2emw0UVR6REFsSVRUaTR3VXV6eWRBbE05bWptOTBQLXU2RjAzazVpbjdIRm1GVEtwM1VPaE8yU2xZczZ6aktOUWRR?oc=5\" target=\"_blank\" rel=\"noopener\">(S+) B\u00fcrgergeld: Wie gro\u00df ist das Problem beim Betrug?<\/a>&nbsp;&nbsp;Spiegel<\/li>\n<li><a href=\"https:\/\/news.google.com\/rss\/articles\/CBMiqwFBVV95cUxPN2VKMzVSTkJoekF1U0VQY1RLaTd4VWRJVnpFQXJpcXdoU0ZEd2NvMkJIcVRyQy1ZejNmT2NtZlk4OW9GMGVxUlQzRjBSMVphMFhNUUstdWFSVWZaQWd5N1RWQ0hvVlRkYm95WHpkYV83TWNKY2tBTXppWk5XZFU1bzE5LXNrX2NOTmktR21EajVsdkkyWGNaTFYtTVNpWHAzQ1RtS2tyai1BRnM?oc=5\" target=\"_blank\" rel=\"noopener\">Unsch\u00f6nes B\u00fcrgergeld-Ph\u00e4nomen \u2013 Berichte mehren sich: \u201eMenschen werden ausgebeutet\u201c<\/a>&nbsp;&nbsp;Merkur<\/li>\n<\/ol>\n","protected":false},"excerpt":{"rendered":"Elend, Sozialbetrug und der Fehler im System \u201eDas B\u00fcrgergeld landet in den Taschen von Clan-Oberen\u201c&nbsp;&nbsp;Tagesspiegel \u201eB\u00fcrgergeld landet in&hellip;\n","protected":false},"author":2,"featured_media":171663,"comment_status":"","ping_status":"","sticky":false,"template":"","format":"standard","meta":{"footnotes":""},"categories":[5],"tags":[384,17615,13,382,14,15,12,7449,184,10,8,9,11],"class_list":{"0":"post-171662","1":"post","2":"type-post","3":"status-publish","4":"format-standard","5":"has-post-thumbnail","7":"category-nachrichten","8":"tag-buergergeld","9":"tag-einwanderer","10":"tag-headlines","11":"tag-migration","12":"tag-nachrichten","13":"tag-news","14":"tag-schlagzeilen","15":"tag-sozialhilfe","16":"tag-spd","17":"tag-top-news","18":"tag-top-meldungen","19":"tag-topmeldungen","20":"tag-topnews"},"share_on_mastodon":{"url":"https:\/\/pubeurope.com\/@de\/114642093757257263","error":""},"_links":{"self":[{"href":"https:\/\/www.europesays.com\/de\/wp-json\/wp\/v2\/posts\/171662","targetHints":{"allow":["GET"]}}],"collection":[{"href":"https:\/\/www.europesays.com\/de\/wp-json\/wp\/v2\/posts"}],"about":[{"href":"https:\/\/www.europesays.com\/de\/wp-json\/wp\/v2\/types\/post"}],"author":[{"embeddable":true,"href":"https:\/\/www.europesays.com\/de\/wp-json\/wp\/v2\/users\/2"}],"replies":[{"embeddable":true,"href":"https:\/\/www.europesays.com\/de\/wp-json\/wp\/v2\/comments?post=171662"}],"version-history":[{"count":0,"href":"https:\/\/www.europesays.com\/de\/wp-json\/wp\/v2\/posts\/171662\/revisions"}],"wp:featuredmedia":[{"embeddable":true,"href":"https:\/\/www.europesays.com\/de\/wp-json\/wp\/v2\/media\/171663"}],"wp:attachment":[{"href":"https:\/\/www.europesays.com\/de\/wp-json\/wp\/v2\/media?parent=171662"}],"wp:term":[{"taxonomy":"category","embeddable":true,"href":"https:\/\/www.europesays.com\/de\/wp-json\/wp\/v2\/categories?post=171662"},{"taxonomy":"post_tag","embeddable":true,"href":"https:\/\/www.europesays.com\/de\/wp-json\/wp\/v2\/tags?post=171662"}],"curies":[{"name":"wp","href":"https:\/\/api.w.org\/{rel}","templated":true}]}}