{"id":171688,"date":"2025-06-07T12:44:10","date_gmt":"2025-06-07T12:44:10","guid":{"rendered":"https:\/\/www.europesays.com\/de\/171688\/"},"modified":"2025-06-07T12:44:10","modified_gmt":"2025-06-07T12:44:10","slug":"und-leben-de-zwei-priesterweihen-in-muenster-am-pfingstsonntag-im-dom","status":"publish","type":"post","link":"https:\/\/www.europesays.com\/de\/171688\/","title":{"rendered":"und-Leben.de &#8211; Zwei Priesterweihen in M\u00fcnster am Pfingstsonntag im Dom"},"content":{"rendered":"<p>Das Bistum M\u00fcnster bekommt am Pfingstsonntag zwei neue Priester. Wer sie sind, wer sie weiht und wo der Gottesdienst \u00fcbertragen wird.<\/p>\n<p>\u00a0<\/p>\n<p>Zwei M\u00e4nner empfangen am Pfingstsonntag in M\u00fcnster das <a href=\"https:\/\/www.kirche-und-leben.de\/themen\/themenbereich\/priesterweihe\" target=\"_blank\" title=\"Berichte \u00fcber Priesterweihen\" rel=\"nofollow noopener\">Sakrament der Priesterweihe<\/a>: <a href=\"https:\/\/www.kirche-und-leben.de\/artikel\/bistum-muenster-neue-priester-weihe-pfingsten-paulusdom-thomas-kuhn-lebensweg\" target=\"_blank\" rel=\"nofollow noopener\">Thomas Kuhn<\/a> und <a href=\"https:\/\/www.kirche-und-leben.de\/artikel\/bistum-muenster-priesterweihe-paulusdom-jonas-mieves-vorfreude-primiz\" target=\"_blank\" rel=\"nofollow noopener\">Jonas Mieves<\/a> werden durch Handauflegen und Gebet geweiht, und zwar vom emeritierten Bischof Felix Genn. <a href=\"https:\/\/www.kirche-und-leben.de\/artikel\/keine-priesterweihe-in-muenster-zu-pfingsten-aber-diakonenweihe-im-juni\" target=\"_blank\" rel=\"nofollow noopener\">In beiden Vorjahren<\/a> hatte es im Bistum M\u00fcnster <a href=\"https:\/\/www.kirche-und-leben.de\/artikel\/keine-priesterweihe-priester-pilgern-von-gerleve-nach-billerbeck\" target=\"_blank\" rel=\"nofollow noopener\">keine Priesterweihen<\/a> gegeben.<\/p>\n<p>Der Weihegottesdienst beginnt um 14.30 Uhr im St.-Paulus-Dom. Er wird im Internet \u00fcbertragen, Kirche+Leben \u00fcbernimmt den Live-Stream, der technisch durch das Bistum M\u00fcnster bereitgestellt wird. Wenige Minuten vor Beginn des Gottesdienstes erscheint ein violetter Balken auf unserer Startseite. Ein Klick darauf f\u00fchrt zur \u00dcbertragung.<\/p>\n<p class=\"zwiti\">Zahl der Neupriester seit Jahren r\u00fcckl\u00e4ufig<\/p>\n<p>Die Zahl der Priesterweihen geht seit Jahren tendenziell zur\u00fcck. Sowohl <a href=\"https:\/\/www.kirche-und-leben.de\/artikel\/priesterweihen-2025-nrw-nordrhein-westfalen-bistuemer-muenster-rekord-tief\" target=\"_blank\" rel=\"nofollow noopener\">in Nordrhein-Westfalen<\/a> als auch <a href=\"https:\/\/www.kirche-und-leben.de\/artikel\/priesterweihen-2025-bayern-bistuemer-augsburg-bamberg-eichstaett-muenchen-freising-passau-regensburg-wuerzburg-rekord-tiefstand\" target=\"_blank\" rel=\"nofollow noopener\">in Bayern<\/a> werden in diesem Jahr historische Tiefst\u00e4nde erreicht.<\/p>\n<p>\u00a0<\/p>\n","protected":false},"excerpt":{"rendered":"Das Bistum M\u00fcnster bekommt am Pfingstsonntag zwei neue Priester. Wer sie sind, wer sie weiht und wo der&hellip;\n","protected":false},"author":2,"featured_media":171689,"comment_status":"","ping_status":"","sticky":false,"template":"","format":"standard","meta":{"footnotes":""},"categories":[1843],"tags":[3364,29,30,16393,8970,1209],"class_list":{"0":"post-171688","1":"post","2":"type-post","3":"status-publish","4":"format-standard","5":"has-post-thumbnail","7":"category-muenster","8":"tag-de","9":"tag-deutschland","10":"tag-germany","11":"tag-kirche-und-leben-netz","12":"tag-muenster","13":"tag-nordrhein-westfalen"},"share_on_mastodon":{"url":"https:\/\/pubeurope.com\/@de\/114642148800875090","error":""},"_links":{"self":[{"href":"https:\/\/www.europesays.com\/de\/wp-json\/wp\/v2\/posts\/171688","targetHints":{"allow":["GET"]}}],"collection":[{"href":"https:\/\/www.europesays.com\/de\/wp-json\/wp\/v2\/posts"}],"about":[{"href":"https:\/\/www.europesays.com\/de\/wp-json\/wp\/v2\/types\/post"}],"author":[{"embeddable":true,"href":"https:\/\/www.europesays.com\/de\/wp-json\/wp\/v2\/users\/2"}],"replies":[{"embeddable":true,"href":"https:\/\/www.europesays.com\/de\/wp-json\/wp\/v2\/comments?post=171688"}],"version-history":[{"count":0,"href":"https:\/\/www.europesays.com\/de\/wp-json\/wp\/v2\/posts\/171688\/revisions"}],"wp:featuredmedia":[{"embeddable":true,"href":"https:\/\/www.europesays.com\/de\/wp-json\/wp\/v2\/media\/171689"}],"wp:attachment":[{"href":"https:\/\/www.europesays.com\/de\/wp-json\/wp\/v2\/media?parent=171688"}],"wp:term":[{"taxonomy":"category","embeddable":true,"href":"https:\/\/www.europesays.com\/de\/wp-json\/wp\/v2\/categories?post=171688"},{"taxonomy":"post_tag","embeddable":true,"href":"https:\/\/www.europesays.com\/de\/wp-json\/wp\/v2\/tags?post=171688"}],"curies":[{"name":"wp","href":"https:\/\/api.w.org\/{rel}","templated":true}]}}