{"id":171730,"date":"2025-06-07T13:08:16","date_gmt":"2025-06-07T13:08:16","guid":{"rendered":"https:\/\/www.europesays.com\/de\/171730\/"},"modified":"2025-06-07T13:08:16","modified_gmt":"2025-06-07T13:08:16","slug":"u21-nationalspieler-tresoldi-aus-hannover-nach-bruegge","status":"publish","type":"post","link":"https:\/\/www.europesays.com\/de\/171730\/","title":{"rendered":"U21-Nationalspieler Tresoldi aus Hannover nach Br\u00fcgge"},"content":{"rendered":"<p>&#13;<br \/>\n            Hannover. Fu\u00dfball-Zweitligist Hannover 96 verliert seinen Mittelst\u00fcrmer Nicolo Tresoldi. Wie der Club mitteilte, verl\u00e4sst der U21-Nationalspieler die Niedersachsen und setzt seine Karriere beim belgischen Vizemeister FC Br\u00fcgge fort. <\/p>\n<p>Der heute 20-J\u00e4hrige zog 2017 mit seiner Familie von Italien nach Deutschland, kam im Alter von 13 Jahren zu Hannover 96 und verbrachte f\u00fcnf Jahre in der 96-Akademie. F\u00fcr Hannover bestritt der 20-J\u00e4hrige 80 Pflichtspiele in denen er 14 Treffer erzielte. Tresoldi wurde j\u00fcngst f\u00fcr die U21-Europameisterschaft in der Slowakei (11. bis 28. Juni) nominiert. <\/p>\n<p>\u201eIch habe die M\u00f6glichkeit, mich auf noch h\u00f6herem Niveau zu beweisen und zu einem Club zu wechseln, der regelm\u00e4\u00dfig in der Champions League spielt\u201c, sagte Tresoldi: \u201eIch freue mich darauf, auch wenn mir der Abschied aus Hannover unfassbar schwerf\u00e4llt.\u201c <\/p>\n","protected":false},"excerpt":{"rendered":"&#13; Hannover. Fu\u00dfball-Zweitligist Hannover 96 verliert seinen Mittelst\u00fcrmer Nicolo Tresoldi. Wie der Club mitteilte, verl\u00e4sst der U21-Nationalspieler die&hellip;\n","protected":false},"author":2,"featured_media":171731,"comment_status":"","ping_status":"","sticky":false,"template":"","format":"standard","meta":{"footnotes":""},"categories":[1836],"tags":[621,1423,3364,29,5282,30,46,2366,1411,1288],"class_list":{"0":"post-171730","1":"post","2":"type-post","3":"status-publish","4":"format-standard","5":"has-post-thumbnail","7":"category-hannover","8":"tag-2-bundesliga","9":"tag-belgien","10":"tag-de","11":"tag-deutschland","12":"tag-fuball","13":"tag-germany","14":"tag-hannover","15":"tag-hannover-96","16":"tag-niedersachsen","17":"tag-transfers"},"share_on_mastodon":{"url":"https:\/\/pubeurope.com\/@de\/114642243041618469","error":""},"_links":{"self":[{"href":"https:\/\/www.europesays.com\/de\/wp-json\/wp\/v2\/posts\/171730","targetHints":{"allow":["GET"]}}],"collection":[{"href":"https:\/\/www.europesays.com\/de\/wp-json\/wp\/v2\/posts"}],"about":[{"href":"https:\/\/www.europesays.com\/de\/wp-json\/wp\/v2\/types\/post"}],"author":[{"embeddable":true,"href":"https:\/\/www.europesays.com\/de\/wp-json\/wp\/v2\/users\/2"}],"replies":[{"embeddable":true,"href":"https:\/\/www.europesays.com\/de\/wp-json\/wp\/v2\/comments?post=171730"}],"version-history":[{"count":0,"href":"https:\/\/www.europesays.com\/de\/wp-json\/wp\/v2\/posts\/171730\/revisions"}],"wp:featuredmedia":[{"embeddable":true,"href":"https:\/\/www.europesays.com\/de\/wp-json\/wp\/v2\/media\/171731"}],"wp:attachment":[{"href":"https:\/\/www.europesays.com\/de\/wp-json\/wp\/v2\/media?parent=171730"}],"wp:term":[{"taxonomy":"category","embeddable":true,"href":"https:\/\/www.europesays.com\/de\/wp-json\/wp\/v2\/categories?post=171730"},{"taxonomy":"post_tag","embeddable":true,"href":"https:\/\/www.europesays.com\/de\/wp-json\/wp\/v2\/tags?post=171730"}],"curies":[{"name":"wp","href":"https:\/\/api.w.org\/{rel}","templated":true}]}}