{"id":171747,"date":"2025-06-07T13:17:17","date_gmt":"2025-06-07T13:17:17","guid":{"rendered":"https:\/\/www.europesays.com\/de\/171747\/"},"modified":"2025-06-07T13:17:17","modified_gmt":"2025-06-07T13:17:17","slug":"wave-gotik-treffen-in-leipzig-20-000-grufties-nehmen-die-stadt-ein-regional","status":"publish","type":"post","link":"https:\/\/www.europesays.com\/de\/171747\/","title":{"rendered":"Wave-Gotik-Treffen in Leipzig: 20.000 Grufties nehmen die Stadt ein | Regional"},"content":{"rendered":"<p>Leipzig \u2013 <b>Es ist eins der gr\u00f6\u00dften Treffen der Schwarzen Szene weltweit: \u00dcber Pfingsten kommen 20.000 Grufties nach Leipzig, zeigen zum 32. Wave-Gotik-Treffen (WGT) die dunkle Seite der Stadt. Es ist ein riesiges Schaulaufen!<\/b><\/p>\n<p><img decoding=\"async\" width=\"992\" height=\"558\" alt=\"WGT-Sch\u00f6nheit mit farbigen Kontaktlinsen und gruftigem Charme im Clara-Zetkin-Park\" src=\"https:\/\/www.europesays.com\/de\/wp-content\/uploads\/2025\/06\/f9e90a2897d857553bd05fd571edbebf,d6a9d8a9\"   class=\"landscape\" loading=\"lazy\"\/><\/p>\n<p class=\"fig__caption__text\">D\u00fcstere Sch\u00f6nheit mit farbigen Kontaktlinsen und gruftigem Charme im Clara-Zetkin-Park<\/p>\n<p>Foto: Elisa Schu\/dpa<\/p>\n<p>Rund <a href=\"https:\/\/www.bild.de\/regional\/leipzig\/nur-noch-zwei-wochen-bis-wgt-wave-gotik-treffen-leipzig-2025-6785518f553d136e2fd2308d\" class=\"text-link\" target=\"_blank\" rel=\"noopener\">200 Bands spielen an \u00fcber 50 Orten<\/a>, aber nat\u00fcrlich geht es auch um Sehen und Gesehenwerden. Denn das <a href=\"https:\/\/www.bild.de\/themen\/specials\/wave-gotik-treffen\/regional-news-fotos-videos-20518662.bild.html\" class=\"text-link\" target=\"_blank\" rel=\"noopener\">WGT<\/a> wurde als aufwendiges Kost\u00fcmfest in der ganzen Stadt ber\u00fchmt. Die Fans kommen als viktorianische Hofdamen, als Mensch-Maschine verkleidete Steampunks oder geh\u00f6rnte Maskentr\u00e4ger in Fantasy-Optik: mal d\u00fcster, mal schrill, mal sexy.<\/p>\n<p>Musik von Pop bis Punk<\/p>\n<p>Die meisten Konzerte sind im agra Messepark in D\u00f6litz im S\u00fcden von <a href=\"https:\/\/www.bild.de\/regional\/leipzig\/leipzig-regional\/startseite-16675698.bild.html\" class=\"text-link\" target=\"_blank\" rel=\"noopener\">Leipzig<\/a>, aber es gibt auch Veranstaltungen und Konzerte in Kirchen, auf Friedh\u00f6fen, in Parks oder dem ber\u00fchmten \u201eHeidnischen Dorf\u201c mit seinem Mittelaltermarkt am Torhaus D\u00f6litz.<\/p>\n<p><img decoding=\"async\" width=\"992\" height=\"634\" alt=\"Inkognito beim WGT, da k\u00f6nnte auch Ihr Steuerberater darunter stecken: Fantasy-Look mit H\u00f6rnern, Masken und Fellen ist beim WGT 2025 sehr popul\u00e4r\" src=\"https:\/\/www.europesays.com\/de\/wp-content\/uploads\/2025\/06\/1c74fbd630cb084f5b8097a6eff01821,531da53d\"   class=\"dynamic\" loading=\"lazy\"\/><\/p>\n<p class=\"fig__caption__text\">Inkognito beim WGT, da k\u00f6nnte auch Ihr Steuerberater darunter stecken: Fantasy-Look mit H\u00f6rnern, Masken und Fellen ist beim WGT 2025 sehr popul\u00e4r<\/p>\n<p>Foto: IMAGO\/EHL Media<\/p>\n<p><img decoding=\"async\" width=\"992\" height=\"558\" alt=\"Viele Stammg\u00e4ste sind teilweise seit den 90-er Jahren dabei. Da braucht das WGT nat\u00fcrlich Nachwuchs: Dieser ist allerdings nicht echt, sondern eine viktorianisch kost\u00fcmierte Baby-Puppe im Kinderwagen\" src=\"https:\/\/www.europesays.com\/de\/wp-content\/uploads\/2025\/06\/9c3a8757beb2f90ef0ca4851bc61dc23,77ba627d\"   class=\"landscape\" loading=\"lazy\"\/><\/p>\n<p class=\"fig__caption__text\">Viele Stammg\u00e4ste sind teilweise seit den 90-er Jahren dabei. Da braucht das WGT nat\u00fcrlich Nachwuchs: Dieser ist allerdings nicht echt, sondern eine viktorianisch kost\u00fcmierte Baby-Puppe im Kinderwagen<\/p>\n<p>Foto: Elisa Schu\/dpa<\/p>\n<p><img decoding=\"async\" width=\"992\" height=\"558\" alt=\"Vor dutzenden Fotografen f\u00fchren manche WGT-Besucher richtige Inszenierungen auf \u2013 allerdings dauert die Anfertigung der aufwendigen Kost\u00fcme so lange, dass man richtig gesehen werden m\u00f6chte\" src=\"https:\/\/www.europesays.com\/de\/wp-content\/uploads\/2025\/06\/9c5d5a8805893dfc28eb9a4e3028fa3e,3509b215\"   class=\"landscape\" loading=\"lazy\"\/><\/p>\n<p class=\"fig__caption__text\">Vor dutzenden Fotografen f\u00fchren manche WGT-Besucher richtige Inszenierungen auf. Die Anfertigung der aufwendigen Kost\u00fcme so lange, dass man gesehen werden m\u00f6chte<\/p>\n<p>Foto: JENS SCHLUETER\/AFP<\/p>\n<p><img decoding=\"async\" width=\"992\" height=\"558\" alt=\"Es muss nicht immer Schwarz sein: Dieser junge Mann im Steampunk-Look tr\u00e4gt kunstvolles Make-up und farbigen Zylinder als unverzichtbare Accessoires dieses Stils\" src=\"https:\/\/www.europesays.com\/de\/wp-content\/uploads\/2025\/06\/65cd9571250ad5e84169b508c74cdfae,fe71d3e9\"   class=\"landscape\" loading=\"lazy\"\/><\/p>\n<p class=\"fig__caption__text\">Es muss nicht immer Schwarz sein: Dieser junge Mann im Steampunk-Look tr\u00e4gt kunstvolles Make-up und farbigen Zylinder als unverzichtbare Accessoires dieses Stils<\/p>\n<p>Foto: IMAGO\/EHL Media<\/p>\n<p><img decoding=\"async\" width=\"992\" height=\"594\" alt=\"Mit metallenem Mieder: Besucherin handgearbeitetem Oberteil und kunstvollen Armschienen, wie man sie auch im Mittelalter trug\" src=\"https:\/\/www.europesays.com\/de\/wp-content\/uploads\/2025\/06\/af4f9dcfe61dcc1a43a169ef4b542e70,b21bae4f\"   class=\"dynamic\" loading=\"lazy\"\/><\/p>\n<p class=\"fig__caption__text\">Mit metallenem Mieder: Besucherin handgearbeitetem Oberteil und kunstvollen Armschienen, wie man sie auch im Mittelalter trug<\/p>\n<p>Foto: EHL Media<\/p>\n<p><img decoding=\"async\" width=\"992\" height=\"616\" alt=\"Aus der Zeit gefallen: Accessoires beim ber\u00fchmten \u201eViktorianischen Picknick\u201c zum Auftaklt des WGT gestern im Clara-Zetkin-Park\" src=\"https:\/\/www.europesays.com\/de\/wp-content\/uploads\/2025\/06\/7b21e8dfa95b17186303b76fb07076d8,96ceb3c6\"   class=\"dynamic\" loading=\"lazy\"\/><\/p>\n<p class=\"fig__caption__text\">Aus der Zeit gefallen: Accessoires beim ber\u00fchmten \u201eViktorianischen Picknick\u201c zum Auftakt des WGT am Freitag im Clara-Zetkin-Park<\/p>\n<p>Foto: EHL Media<\/p>\n<p>So vielf\u00e4ltig wie das WGT selbst ist das Line-up: Gestern Abend er\u00f6ffneten die Kult-Popper von Alphaville (\u201eForever young\u201c) das <a href=\"https:\/\/www.bild.de\/themen\/ereignisse\/festivals\/news-nachrichten-news-fotos-videos-33218658.bild.html\" class=\"text-link\" target=\"_blank\" rel=\"noopener\">Festival<\/a>, aber es kommen auch Punk-Legenden wie PIL mit dem fr\u00fcheren Sex Pistols-Frontmann John Lydon (8. Juni, 1 Uhr agra), die New Waver von Anything Box aus den USA (8. Juni, 20.40 Uhr Felsenkeller). Die Synthie-Popper von den 80-er Jahre Legenden Camouflage (9. Juni, 21.20 Uhr agra) sind dabei wie die Elektro-Metal-Band Combichrist aus Norwegen und den USA (heute, 23.30 Uhr, agra) oder Neue-Deutsche-Welle Urgestein Joachim Witt (8. Juni, 21.20 Uhr, agra).<\/p>\n<p>Auch Mark Benecke und Sebastian Fitzek auf dem WGT<\/p>\n<p>Wer nichts verpassen will, noch gibts Tickets an den Tageskassen am Hauptbahnhof oder auf der agra (170 Euro, gelten gleichzeitig f\u00fcr den \u00d6PNV). F\u00fcr das Heidnische Dorf gibt es auch Tagestickets (25 Euro, bis 17 Jahre 5 Euro, unter 12 Jahren kostenlos), der Mittelaltermarkt an der Moritzbastei in der City kostet 5 Euro Eintritt. Spezielle Acts: Heute legt <a href=\"https:\/\/www.bild.de\/regional\/leipzig\/wave-gotik-treffen\/vaeter-des-wave-gotik-treffens-wieder-vereint-45796176.bild.html\" class=\"text-link\" target=\"_blank\" rel=\"noopener\">Sandro Standhaft<\/a> (55) im Club Ilses Erika auf, er war 1992 Mitgr\u00fcnder des Festivals. <\/p>\n<p><img decoding=\"async\" width=\"992\" height=\"558\" alt=\"Kriminalbiologe Mark Benecke ist Stammgast beim WGT\" src=\"https:\/\/www.europesays.com\/de\/wp-content\/uploads\/2025\/06\/83d2b2998633692fa3c2cdde7f3a1ced,9306e71b\"   class=\"landscape\" loading=\"lazy\"\/><\/p>\n<p class=\"fig__caption__text\">Kriminalbiologe Mark Benecke ist Stammgast beim WGT<\/p>\n<p>Foto: picture alliance\/dpa\/dpa-Zentralbild<\/p>\n<p>Der Kriminalbiologe Mark Benecke h\u00e4lt am Montag (13.30 Uhr) im Agra Messepark (Bornaische Str. 210)  einen Vortrag zum Thema \u201eSerienmord und Kannibalismus\u201c und Sebastian Fitzek liest vorher aus seinem neuen Psychothriller \u201eDas Kalenderm\u00e4dchen\u201c (Montag 12 Uhr, ebenda).<\/p>\n","protected":false},"excerpt":{"rendered":"Leipzig \u2013 Es ist eins der gr\u00f6\u00dften Treffen der Schwarzen Szene weltweit: \u00dcber Pfingsten kommen 20.000 Grufties nach&hellip;\n","protected":false},"author":2,"featured_media":171748,"comment_status":"","ping_status":"","sticky":false,"template":"","format":"standard","meta":{"footnotes":""},"categories":[1832],"tags":[20449,3364,29,1002,3448,30,20446,20450,1310,71,810,20448,8642,20447,3369,859,20443,58860,45,20451,20070],"class_list":{"0":"post-171747","1":"post","2":"type-post","3":"status-publish","4":"format-standard","5":"has-post-thumbnail","7":"category-leipzig","8":"tag-alternative-musik","9":"tag-de","10":"tag-deutschland","11":"tag-fans","12":"tag-festivals","13":"tag-germany","14":"tag-gothic","15":"tag-industrial","16":"tag-konzert","17":"tag-leipzig","18":"tag-musik","19":"tag-musikalische-grossveranstaltungen","20":"tag-musikfestival","21":"tag-new-wave","22":"tag-punk","23":"tag-sachsen","24":"tag-sexy","25":"tag-subkultur","26":"tag-texttospeech","27":"tag-underground","28":"tag-wave-gotik-treffen"},"share_on_mastodon":{"url":"https:\/\/pubeurope.com\/@de\/114642278546147896","error":""},"_links":{"self":[{"href":"https:\/\/www.europesays.com\/de\/wp-json\/wp\/v2\/posts\/171747","targetHints":{"allow":["GET"]}}],"collection":[{"href":"https:\/\/www.europesays.com\/de\/wp-json\/wp\/v2\/posts"}],"about":[{"href":"https:\/\/www.europesays.com\/de\/wp-json\/wp\/v2\/types\/post"}],"author":[{"embeddable":true,"href":"https:\/\/www.europesays.com\/de\/wp-json\/wp\/v2\/users\/2"}],"replies":[{"embeddable":true,"href":"https:\/\/www.europesays.com\/de\/wp-json\/wp\/v2\/comments?post=171747"}],"version-history":[{"count":0,"href":"https:\/\/www.europesays.com\/de\/wp-json\/wp\/v2\/posts\/171747\/revisions"}],"wp:featuredmedia":[{"embeddable":true,"href":"https:\/\/www.europesays.com\/de\/wp-json\/wp\/v2\/media\/171748"}],"wp:attachment":[{"href":"https:\/\/www.europesays.com\/de\/wp-json\/wp\/v2\/media?parent=171747"}],"wp:term":[{"taxonomy":"category","embeddable":true,"href":"https:\/\/www.europesays.com\/de\/wp-json\/wp\/v2\/categories?post=171747"},{"taxonomy":"post_tag","embeddable":true,"href":"https:\/\/www.europesays.com\/de\/wp-json\/wp\/v2\/tags?post=171747"}],"curies":[{"name":"wp","href":"https:\/\/api.w.org\/{rel}","templated":true}]}}