{"id":171755,"date":"2025-06-07T13:22:13","date_gmt":"2025-06-07T13:22:13","guid":{"rendered":"https:\/\/www.europesays.com\/de\/171755\/"},"modified":"2025-06-07T13:22:13","modified_gmt":"2025-06-07T13:22:13","slug":"tennis-weissenhof-turnier-kommt-zverev-alles-wichtige-zum-tennis-turnier-in-stuttgart","status":"publish","type":"post","link":"https:\/\/www.europesays.com\/de\/171755\/","title":{"rendered":"Tennis | Weissenhof-Turnier: Kommt Zverev? Alles Wichtige zum Tennis-Turnier in Stuttgart"},"content":{"rendered":"<p class=\"metatextline\">Stand: 07.06.2025 13:46 Uhr<\/p>\n<p class=\"textabsatz columns twelve  m-ten  m-offset-one l-eight l-offset-two\">\n        <strong><strong>Die ATP-Tour macht Halt in Stuttgart. Auf dem Weissenhof gehen ab dem 7. Juni zwei Top 10-Spieler an den Start &#8211; darunter wohl auch Deutschlands Olympiasieger Alexander Zverev.<\/strong><\/strong>\n    <\/p>\n<p class=\"textabsatz m-ten m-offset-one l-eight l-offset-two columns twelve\">\nSeit 1978 ist das Turnier am Stuttgarter Killesberg Teil der Herren-Grand-Prix-Serie. Auch in diesem Jahr finden im Rahmen der ATP-Tour die &#8222;Boss Open&#8220; auf dem Weissenhof statt. Laut Veranstalter treten zwei Top-Ten-Spieler auf Rasen an, sie werden fr\u00fchestens ab Montag ins Geschehen eingreifen. Ein Tennis-Star wird besonders freudig erwartet: Alexander Zverev. Der Weltranglisten-Dritte und Olympiasieger 2021 ist das Zugpferd dieses Turniers. Hier sind alle wichtigen Informationen zum Turnier:<\/p>\n<p>    Kommt Zverev wirklich? Welche Stars sind dabei?<\/p>\n<p class=\"textabsatz m-ten m-offset-one l-eight l-offset-two columns twelve\">\nDas Turnier ist prominent besetzt, zwei Top 10-Spieler der Weltrangliste nehmen teil. Der aktuell beste ist Alexander Zverev auf Rang drei. Doch kommt der 28-J\u00e4hrige in diesem Jahr tats\u00e4chlich nach Stuttgart? Am Mittwoch war Zverev mit einem entt\u00e4uschenden Auftritt in Paris im Viertelfinale am serbischen Rekord-Grand-Slam-Sieger Novak Djokovic gescheitert. Der Traum vom ersten Grand-Slam-Titel war wieder dahin. Die freien Tage k\u00f6nnten reichen, um das Aus zu verdauen.<\/p>\n<p class=\"textabsatz m-ten m-offset-one l-eight l-offset-two columns twelve\">\nAls Nummer eins der Setzliste soll Zverev in Stuttgart erst am Mittwoch oder Donnerstag ins Turniergeschehen eingreifen.\u00a0Aber: 2019 trat Zverev in Stuttgart bisher letztmals an. Damals entnervte ihn nach einem Freilos der nieders\u00e4chsische Rasenspezialist Dustin Brown. Anschlie\u00dfend war sein Kommen immer wieder angek\u00fcndigt, immer wieder sagte er ab. Mal verletzt, mal weil er in Paris direkt vor der Stuttgart-Woche erfolgreich war. 2024 verlor Zverev erst im French-Open-Finale.\u00a0&#8222;Zverev hat mit uns einen Mehrjahresvertrag. Dieser Vertrag ist auch dieses Jahr g\u00fcltig&#8220;, beteuerte Turnierdirektor Edwin Weindorfer.<\/p>\n<p>    Absagen schm\u00e4lern Attraktivit\u00e4t des Teilnehmerfelds<\/p>\n<p class=\"textabsatz m-ten m-offset-one l-eight l-offset-two columns twelve\">\nAu\u00dfer Zverev wird auch der US-Amerikaner Taylor Fritz (Weltranglisten-7.) am Stuttgarter Killesberg antreten. Der italienische Top-Ten-Spieler Lorenzo Musetti (aktuell Nr. 6 der Welt) zog seine Anmeldung ebenso zur\u00fcck wie sein Landsmann, der zweimalige Sieger Matteo Berrettini (2019 und 2022). Auch die beiden US-Amerikaner Frances Tiafoe (Gewinner 2023) und Tommy Paul (Nr. 8 der Welt) sowie der polarisierende Australier Nick Kyrgios zogen ihre Tielnahme zur\u00fcck. Damit verliert das Teilnehmerfeld an Attraktivit\u00e4t. Ebenfalls nicht dabei ist <a href=\"https:\/\/www.swr.de\/sport\/mehr-sport\/tennis\/atp-tennis-boss-open-weissenhof-stuttgart-finale-jack-draper-matteo-berrettini-100.html\" title=\"Vorjahres-SiegerJack Draper.\" class=\"textlink--extern\" target=\"_blank\" rel=\"noopener nofollow\">Vorjahres-SiegerJack Draper.<\/a> Dem Turniersieger 2025 winkt ein Preisgeld von 114.335 Euro.<\/p>\n<p class=\"textabsatz m-ten m-offset-one l-eight l-offset-two columns twelve\">\nIm Doppel spielen die Weltranglisten-F\u00fchrenden Marcelo Arevalo und Mate Pavic. Auch die Gewinner des vergangenen Turniers auf dem Weissenhof Rafael Matos und Marcelo Melo nehmen wieder teil. Auf das diesj\u00e4hrige Sieger-Duo wartet ein Preisgeld von 39.760 Euro.<\/p>\n<p class=\"absatzbild__info__text\">\n                        Sieger Jack Draper beim Tennisturnier auf dem Weissenhof 2024\n                    <\/p>\n<p>    Wer sind die deutschen Teilnehmer?<\/p>\n<p class=\"textabsatz m-ten m-offset-one l-eight l-offset-two columns twelve\">\nNach seinem entt\u00e4uschenden Aus im Viertelfinale der French Open kann <strong>Alexander Zverev<\/strong> direkt wieder angreifen. In Stuttgart hat er nun die Chance, sich vor heimischen Publikum ein gutes Gef\u00fchl f\u00fcr Wimbledon (ab 30. Juni) zu verschaffen und sich vor dem bedeutendsten Rasenturnier der Welt schon mal auf diesem Untergrund eingrooven. Mit einer Wildcard ausgestattet werden der 17j\u00e4hrige <strong>Justin Engel<\/strong> und Routinier <strong>Jan-Lennard Struff<\/strong> im Hauptfeld starten.<\/p>\n<p class=\"textabsatz m-ten m-offset-one l-eight l-offset-two columns twelve\">\nEngel gilt als gro\u00dfe deutsche Nachwuchshoffnung\u00a0Zuletzt hatte der N\u00fcrnberger mit dem sensationellen Vorsto\u00df ins Achtelfinale beim ATP-500-Turnier in Hamburg sein Talent bewiesen. Der Sauerl\u00e4nder Struff, in der Weltrangliste auf Platz 102 abgerutscht, kann sich zwei Jahre nach seiner Final-Teilnahme in Stuttgart auf Wimbledon vorbereiten.\u00a0Der Karlsruher <strong>Yannick Hanfmann<\/strong> (33\/Nr. 135 der Weltrangliste) muss sich bereits ab Samstag in der Qualifikation beweisen. Er trifft auf seinen Landsmann Max Wiskandt. Patrick Zahrai trifft auf den Ungarn<\/p>\n<p class=\"textabsatz m-ten m-offset-one l-eight l-offset-two columns twelve\">\nIm Doppel liegen die deutschen Hoffnungen auf Kevin Krawietz und Tim P\u00fctz. Bisher konnte das Duo in diesem Jahr noch keinen gemeinsamen Sieg einfahren. Mit den deutschen Fans im R\u00fccken, k\u00f6nnten sie das vielleicht \u00e4ndern. Ein besonderes Turnier wird es f\u00fcr den &#8222;Stuttgarter Jung&#8220; Hendrik Jebens. In seiner Heimatstadt tritt er gemeinsam mit dem Franzosen Albano Olivetti im Doppel an. Vergangenes Jahr schaffte es der 29-J\u00e4hrige gemeinsam mit seinem deutschen Teamkollegen Constantin Frantzen bis ins Halbfinale. Dieses Jahr will Jebens mit einem neuen Partner wieder angreifen.<\/p>\n<p class=\"absatzbild__info__text\">\n                        Hendrik Jebens beim Tennisturnier auf dem Weissenhof 2024\n                    <\/p>\n<p>    Wann finden die Matches statt?<\/p>\n<p class=\"textabsatz m-ten m-offset-one l-eight l-offset-two columns twelve\">\nDas Turnier startet am Samstag, 7. Juni, ab 11 Uhr mit den Qualifikationsspielen, die tags drauf fortgesetzt werden. Das Hauptfeld startet dann am Montag (9.06.), die ersten Spiele im Einzel beginnen ab 11 Uhr auf dem Centre Court. Auf dem Match Court 1 werden ab 12 Uhr die ersten Doppel-Partien gespielt. An den darauffolgenden Tagen l\u00e4uft das Ganze \u00e4hnlich ab. Bis zum 12. Juni finden t\u00e4glich immer ab 11 Uhr mehrere Einzel- und Doppelmatches parallel statt. Am Freitag (13.06.2025) werden die Viertelfinalspiele im Einzel und das erste Halbfinale im Doppel gespielt. Am Tag darauf sind dann die Halbfinals ab 12 Uhr. Die Entscheidungen fallen am Sonntag (15.06.2025). Das Finale im Doppel beginnt um 11.30 Uhr, das Einzel-Finale fr\u00fchestens ab 14 Uhr.<\/p>\n<p>    Was ist rund um das Turnier geboten?<\/p>\n<p class=\"textabsatz m-ten m-offset-one l-eight l-offset-two columns twelve\">\nNeben dem Turnier ist auf dem Weissenhof auch ein Rahmenprogramm geboten. Vom 8. bis zum 10. Juni sind die &#8222;Kidsdays&#8220;. An diesen Tagen kostet der Eintritt f\u00fcr alle Kinder und Jugendlichen bis 16 Jahre nur 10 Euro. Au\u00dferdem wird es Mitmach-Aktionen sowie Autogrammstunden geben.<\/p>\n<p class=\"textabsatz m-ten m-offset-one l-eight l-offset-two columns twelve\">\nAm Dienstag, 10. Juni, wird es den ersten Live-Podcast aus der Reihe Becker &amp; Pektovic geben. Ab ca. 18 Uhr werden der dreifache <strong>Wimbledon-Champion Boris Becker<\/strong>, die fr\u00fchere deutsche Topspielerin Andrea Petkovic sowie Daniel Grieder und Turnierdirektor Edwin Weindorfer \u00fcber den Auftakt der Rasensaison und weitere brandaktuelle Tennis-Themen diskutieren.<\/p>\n<p class=\"textabsatz m-ten m-offset-one l-eight l-offset-two columns twelve\">\nAm 11. Juni ist der &#8222;Sustainability Day&#8220;. Dabei dreht sich alles um die Themen Nachhaltigkeit und Inklusion. Die Zuschauer haben die M\u00f6glichkeit, Rollstuhl- und Blindentennis auszuprobieren sowie Trainingssessions mit Wimbledon-Head-Coach Dan Bloxham und Michael Berrer zu absolvieren.<\/p>\n<p class=\"textabsatz m-ten m-offset-one l-eight l-offset-two columns twelve\">\nGefeiert wird am 11. und 12. Juni. Am Mittwoch gibt es eine After Work Party von 17 bis 21 Uhr mit einem DJ. Am n\u00e4chsten Tag findet die &#8222;Ischgl Night&#8220; statt. Dort sind nach dem Spieltag Live-Musik, Essen und Getr\u00e4nke geboten. Auch am 13. und 14. Juni kann nach den Spielen noch bis 21 Uhr gefeiert werden.<\/p>\n<p class=\"textabsatz m-ten m-offset-one l-eight l-offset-two columns twelve\">\nZum Ende des Turniers gibt es nochmal ein Highlight. Am 14. Juni findet wie jedes Jahr vormittags das &#8222;ProAm&#8220;-Turnier statt. Dort treten prominente Personen und Partner des Turniers zu Matches an. Die genauen Teilnehmer sind noch nicht bekannt.<\/p>\n<p>    Wie kann man das Event verfolgen?<\/p>\n<p class=\"textabsatz m-ten m-offset-one l-eight l-offset-two columns twelve\">\nWer ganz nah dabei sein will, sollte das Turnier live vor Ort verfolgen. Vereinzelt sind noch Tagestickets im Online-Shop verf\u00fcgbar. Die Qualifikation am Samstag (07.06.2025) kann kostenlos besucht werden. An den restlichen Tagen variieren die Ticketpreise zwischen 65 und 199 Euro. Au\u00dferdem sind noch Weekend Tickets erh\u00e4ltlich. Diese sind f\u00fcr den 14. und 15. Juni g\u00fcltig. Die Preise hierf\u00fcr liegen zwischen 169 und 350 Euro. F\u00fcr alle, die nur das Drumherum mitbekommen wollen, gibt es f\u00fcr 15 Euro &#8222;Ground-Tickets&#8220;. Mit diesen kommt man auf die Anlage, kann aber lediglich die Neben- und Trainingspl\u00e4tze sehen. Ein Zugang zum Centre Court ist nicht m\u00f6glich.<\/p>\n<p class=\"textabsatz m-ten m-offset-one l-eight l-offset-two columns twelve\">Sendung am Sa., 7.6.2025 19:30 Uhr, SWR Aktuell Baden-W\u00fcrttemberg, SWR BW<\/p>\n<p>                                        <a class=\"backlink__link\" href=\"https:\/\/www.swr.de\/sport\/mehr-sport\/tennis\/faq-tennis-weissenhof-100.html\" rel=\"nofollow noopener\" target=\"_blank\"><\/p>\n<p>                                                <img decoding=\"async\" src=\"https:\/\/www.europesays.com\/de\/wp-content\/uploads\/2025\/04\/1743644350_922_lra-swr-logo-100.svg.svg+xml\" alt=\"S\u00fcdwestrundfunk\"\/><\/p>\n<p>                                        <\/a><\/p>\n","protected":false},"excerpt":{"rendered":"Stand: 07.06.2025 13:46 Uhr Die ATP-Tour macht Halt in Stuttgart. Auf dem Weissenhof gehen ab dem 7. Juni&hellip;\n","protected":false},"author":2,"featured_media":171756,"comment_status":"","ping_status":"","sticky":false,"template":"","format":"standard","meta":{"footnotes":""},"categories":[1830],"tags":[1634,3364,29,30,1441,1755,4206],"class_list":{"0":"post-171755","1":"post","2":"type-post","3":"status-publish","4":"format-standard","5":"has-post-thumbnail","7":"category-stuttgart","8":"tag-baden-wuerttemberg","9":"tag-de","10":"tag-deutschland","11":"tag-germany","12":"tag-stuttgart","13":"tag-swr","14":"tag-tennis"},"share_on_mastodon":{"url":"https:\/\/pubeurope.com\/@de\/114642298321899197","error":""},"_links":{"self":[{"href":"https:\/\/www.europesays.com\/de\/wp-json\/wp\/v2\/posts\/171755","targetHints":{"allow":["GET"]}}],"collection":[{"href":"https:\/\/www.europesays.com\/de\/wp-json\/wp\/v2\/posts"}],"about":[{"href":"https:\/\/www.europesays.com\/de\/wp-json\/wp\/v2\/types\/post"}],"author":[{"embeddable":true,"href":"https:\/\/www.europesays.com\/de\/wp-json\/wp\/v2\/users\/2"}],"replies":[{"embeddable":true,"href":"https:\/\/www.europesays.com\/de\/wp-json\/wp\/v2\/comments?post=171755"}],"version-history":[{"count":0,"href":"https:\/\/www.europesays.com\/de\/wp-json\/wp\/v2\/posts\/171755\/revisions"}],"wp:featuredmedia":[{"embeddable":true,"href":"https:\/\/www.europesays.com\/de\/wp-json\/wp\/v2\/media\/171756"}],"wp:attachment":[{"href":"https:\/\/www.europesays.com\/de\/wp-json\/wp\/v2\/media?parent=171755"}],"wp:term":[{"taxonomy":"category","embeddable":true,"href":"https:\/\/www.europesays.com\/de\/wp-json\/wp\/v2\/categories?post=171755"},{"taxonomy":"post_tag","embeddable":true,"href":"https:\/\/www.europesays.com\/de\/wp-json\/wp\/v2\/tags?post=171755"}],"curies":[{"name":"wp","href":"https:\/\/api.w.org\/{rel}","templated":true}]}}