{"id":171757,"date":"2025-06-07T13:23:12","date_gmt":"2025-06-07T13:23:12","guid":{"rendered":"https:\/\/www.europesays.com\/de\/171757\/"},"modified":"2025-06-07T13:23:12","modified_gmt":"2025-06-07T13:23:12","slug":"pol-of-streit-unter-maennern-eskalierte-eine-person-verletzt-und-mann-rief","status":"publish","type":"post","link":"https:\/\/www.europesays.com\/de\/171757\/","title":{"rendered":"POL-OF: Streit unter M\u00e4nnern eskalierte: eine Person verletzt und Mann rief &#8230;"},"content":{"rendered":"<p class=\"date\">07.06.2025 \u2013 08:43<\/p>\n<p class=\"customer\">\n                        <a class=\"story-customer\" title=\"weiter zum newsroom von Polizeipr\u00e4sidium S\u00fcdosthessen\" href=\"https:\/\/www.presseportal.de\/blaulicht\/nr\/43561\" rel=\"nofollow noopener\" target=\"_blank\">Polizeipr\u00e4sidium S\u00fcdosthessen<\/a>\n                    <\/p>\n<p><a data-category=\"citylink-story-view\" data-action=\"click\" data-label=\"Citylink in Meldungsansicht\" class=\"story-city event-trigger\" href=\"https:\/\/www.presseportal.de\/regional\/Offenbach\" title=\"News aus Offenbach \" rel=\"nofollow noopener\" target=\"_blank\">Offenbach<\/a> (ots)<\/p>\n<p>1. Streit unter M\u00e4nnern eskalierte: eine Person verletzt &#8211; Offenbach<\/p>\n<p>(cb) Zwei M\u00e4nner im Alter von 64 Jahren und 33 Jahren geraten am Freitag, gegen 18.50 Uhr, in der Mathildenstra\u00dfe in Streit. W\u00e4hrend der Auseinandersetzung soll der \u00c4ltere den J\u00fcngeren im Nacken mit einem spitzen Gegenstand oberfl\u00e4chlich im Nacken verletzt haben. Die hinzugerufenen Ordnungsh\u00fcter konnten den Angreifer direkt vor Ort vorl\u00e4ufig festnehmen. Auf der Dienststelle erfolgte unter anderem die erkennungsdienstliche Behandlung des Mannes, bevor er nach Hause entlassen wurde.<br \/>\nDie zust\u00e4ndige Polizei hat die Ermittlungen wegen des Verdachts der gef\u00e4hrlichen K\u00f6rperverletzung gegen den 64-Jahre alten Tatverd\u00e4chtigen aufgenommen und bittet Zeugen, sich unter der Rufnummer 069 8098-1234 zu melden.<\/p>\n<p>2. Mann rief rassistische Parolen: Verbringung in Fachklinik &#8211; Offenbach<\/p>\n<p>(cb) Ein 33-J\u00e4hriger, welcher am Freitagabend durch einen Angriff im Bereich des Nackens Verletzungen davontrug (wir berichteten) soll am gleichen Abend, zwischen 21 Uhr und 21.20 Uhr, im Bereich der Unteren Grenzstra\u00dfe\/ L\u00e4mmerspieler Weg in Offenbach rassistische Parolen gerufen haben. Da er sich beim Eintreffen der Polizeibeamten offensichtlich in einem psychischen Ausnahmezustand befand, verbrachten ihn die Ordnungsh\u00fcter in eine Fachklinik. Die Staatsschutzabteilung bittet unter der Telefonnummer 069 8098-1234 um sachdienliche Hinweise.<\/p>\n<p>Offenbach, 07.06.2025, Pressestelle, Claudia Benneckenstein<\/p>\n<p class=\"contact-headline\">R\u00fcckfragen bitte an:<\/p>\n<p class=\"contact-text\">Polizeipr\u00e4sidium S\u00fcdosthessen<br \/>&#8211; Pressestelle &#8211;<br \/>Spessartring 61<br \/>63071 Offenbach am Main<\/p>\n<p>Telefon: 069 \/ 8098 &#8211; 1210 (Sammelrufnummer)<\/p>\n<p>Thomas Leipold (lei) &#8211; 1201 oder 0160 \/ 980 00745<br \/>Felix Geis (fg) &#8211; 1211 oder 0162 \/ 201 3806<br \/>Claudia Benneckenstein (cb) &#8211; 1212 oder 0152 \/ 066 23109<br \/>Alexander Schl\u00fcter (as) &#8211; 1223 oder 0162 \/ 201 3290<\/p>\n<p>Fax: 0611 \/ 32766-5014<br \/>E-Mail: <a href=\"https:\/\/www.presseportal.de\/blaulicht\/pm\/43561\/mailto: pressestelle.ppsoh@polizei.hessen.de\" class=\"uri-mailto\" rel=\"nofollow noopener\" target=\"_blank\"> pressestelle.ppsoh@polizei.hessen.de<\/a><br \/>Homepage: <a target=\"_blank\" class=\"uri-ext outbound\" rel=\"noopener nofollow\" href=\"http:\/\/www.polizei.hessen.de\/ppsoh\">http:\/\/www.polizei.hessen.de\/ppsoh<\/a><\/p>\n<p class=\"originator\">Original-Content von: Polizeipr\u00e4sidium S\u00fcdosthessen, \u00fcbermittelt durch news aktuell<\/p>\n","protected":false},"excerpt":{"rendered":"07.06.2025 \u2013 08:43 Polizeipr\u00e4sidium S\u00fcdosthessen Offenbach (ots) 1. Streit unter M\u00e4nnern eskalierte: eine Person verletzt &#8211; Offenbach (cb)&hellip;\n","protected":false},"author":2,"featured_media":108,"comment_status":"","ping_status":"","sticky":false,"template":"","format":"standard","meta":{"footnotes":""},"categories":[1829],"tags":[29,2050,2051,30,1087,2052,177,121,178,180,179,181],"class_list":{"0":"post-171757","1":"post","2":"type-post","3":"status-publish","4":"format-standard","5":"has-post-thumbnail","7":"category-frankfurt-am-main","8":"tag-deutschland","9":"tag-frankfurt","10":"tag-frankfurt-am-main","11":"tag-germany","12":"tag-he","13":"tag-hessen","14":"tag-kriminalitt","15":"tag-polizei","16":"tag-presse","17":"tag-pressemeldung","18":"tag-pressemitteilung","19":"tag-pressemitteilungen"},"share_on_mastodon":{"url":"https:\/\/pubeurope.com\/@de\/114642302344131561","error":""},"_links":{"self":[{"href":"https:\/\/www.europesays.com\/de\/wp-json\/wp\/v2\/posts\/171757","targetHints":{"allow":["GET"]}}],"collection":[{"href":"https:\/\/www.europesays.com\/de\/wp-json\/wp\/v2\/posts"}],"about":[{"href":"https:\/\/www.europesays.com\/de\/wp-json\/wp\/v2\/types\/post"}],"author":[{"embeddable":true,"href":"https:\/\/www.europesays.com\/de\/wp-json\/wp\/v2\/users\/2"}],"replies":[{"embeddable":true,"href":"https:\/\/www.europesays.com\/de\/wp-json\/wp\/v2\/comments?post=171757"}],"version-history":[{"count":0,"href":"https:\/\/www.europesays.com\/de\/wp-json\/wp\/v2\/posts\/171757\/revisions"}],"wp:featuredmedia":[{"embeddable":true,"href":"https:\/\/www.europesays.com\/de\/wp-json\/wp\/v2\/media\/108"}],"wp:attachment":[{"href":"https:\/\/www.europesays.com\/de\/wp-json\/wp\/v2\/media?parent=171757"}],"wp:term":[{"taxonomy":"category","embeddable":true,"href":"https:\/\/www.europesays.com\/de\/wp-json\/wp\/v2\/categories?post=171757"},{"taxonomy":"post_tag","embeddable":true,"href":"https:\/\/www.europesays.com\/de\/wp-json\/wp\/v2\/tags?post=171757"}],"curies":[{"name":"wp","href":"https:\/\/api.w.org\/{rel}","templated":true}]}}