{"id":171770,"date":"2025-06-07T13:31:10","date_gmt":"2025-06-07T13:31:10","guid":{"rendered":"https:\/\/www.europesays.com\/de\/171770\/"},"modified":"2025-06-07T13:31:10","modified_gmt":"2025-06-07T13:31:10","slug":"berlin-brandenburg-drei-jugendliche-in-berlin-von-mann-mit-schusswaffe-bedroht","status":"publish","type":"post","link":"https:\/\/www.europesays.com\/de\/171770\/","title":{"rendered":"Berlin &#038; Brandenburg: Drei Jugendliche in Berlin von Mann mit Schusswaffe bedroht"},"content":{"rendered":"<p>                    Berlin &amp; Brandenburg<br \/>\n                Drei Jugendliche in Berlin von Mann mit Schusswaffe bedroht<\/p>\n<p>\t\t\t\t              07.06.2025, 14:26 Uhr<\/p>\n<p><strong>In Wei\u00dfensee bedroht ein Mann drei Jugendliche mit einer Schusswaffe &#8211; die jungen Leute ergreifen die Flucht. Die Polizei nimmt zwei Verd\u00e4chtige fest.<\/strong><\/p>\n<p>Berlin (dpa\/bb) &#8211; Spezialkr\u00e4fte der Polizei haben in Berlin-Wei\u00dfensee einen Mann festgenommen, der drei Jugendliche mit einer Schusswaffe bedroht haben soll. Wie die Polizei mitteilte, hielten sich die Jugendlichen am Freitagabend in einem leerstehenden Geb\u00e4ude auf. Im dritten Obergeschoss soll der Mann den Jugendlichen gedroht haben, sie zu erschie\u00dfen, falls sie die \u00d6rtlichkeit nicht sofort verlassen w\u00fcrden.\u00a0<\/p>\n<p>Dabei soll er in der einen Hand eine Schusswaffe und in der anderen einen Nothammer gehalten haben. Die Jugendlichen im Alter von 14 und 15 Jahren seien aus dem Geb\u00e4ude gerannt und h\u00e4tten eine Tasche zur\u00fcckgelassen. Im Verlauf des Einsatzes wurde festgestellt, dass ein Smartphone und ein Camcorder daraus entwendet wurden.<\/p>\n<p>Spezialeinsatzkr\u00e4fte und Beamte einer Hundertschaft nahmen den 55-J\u00e4hrigen und einen weiteren 50-j\u00e4hrigen Mann in dem Geb\u00e4ude fest. Beide passten auf die Personenbeschreibung. Bei der Durchsuchung der M\u00e4nner wurden aber weder die vermutete Schusswaffe noch das Smartphone oder der Camcorder gefunden. Der 50-J\u00e4hrige wurde noch vor Ort wieder entlassen. Der 55-J\u00e4hrige wurde vor\u00fcbergehend in Polizeigewahrsam genommen, sp\u00e4ter aber ebenfalls wieder entlassen.<\/p>\n","protected":false},"excerpt":{"rendered":"Berlin &amp; Brandenburg Drei Jugendliche in Berlin von Mann mit Schusswaffe bedroht 07.06.2025, 14:26 Uhr In Wei\u00dfensee bedroht&hellip;\n","protected":false},"author":2,"featured_media":171771,"comment_status":"","ping_status":"","sticky":false,"template":"","format":"standard","meta":{"footnotes":""},"categories":[1816],"tags":[1960,1958,1959,1957,296,1956,1890,29,8699,30,1722,1980,2466],"class_list":{"0":"post-171770","1":"post","2":"type-post","3":"status-publish","4":"format-standard","5":"has-post-thumbnail","7":"category-brandenburg","8":"tag-aktuelle-nachrichten-aus-berlin-und-brandenburg","9":"tag-aktuelle-nachrichten-aus-brandenburg","10":"tag-aktuelle-news-aus-berlin-und-brandenburg","11":"tag-aktuelle-news-aus-brandenburg","12":"tag-berlin","13":"tag-berlin-und-brandenburg","14":"tag-brandenburg","15":"tag-deutschland","16":"tag-drei","17":"tag-germany","18":"tag-jugendliche","19":"tag-mann","20":"tag-schusswaffe"},"share_on_mastodon":{"url":"https:\/\/pubeurope.com\/@de\/114642333694927072","error":""},"_links":{"self":[{"href":"https:\/\/www.europesays.com\/de\/wp-json\/wp\/v2\/posts\/171770","targetHints":{"allow":["GET"]}}],"collection":[{"href":"https:\/\/www.europesays.com\/de\/wp-json\/wp\/v2\/posts"}],"about":[{"href":"https:\/\/www.europesays.com\/de\/wp-json\/wp\/v2\/types\/post"}],"author":[{"embeddable":true,"href":"https:\/\/www.europesays.com\/de\/wp-json\/wp\/v2\/users\/2"}],"replies":[{"embeddable":true,"href":"https:\/\/www.europesays.com\/de\/wp-json\/wp\/v2\/comments?post=171770"}],"version-history":[{"count":0,"href":"https:\/\/www.europesays.com\/de\/wp-json\/wp\/v2\/posts\/171770\/revisions"}],"wp:featuredmedia":[{"embeddable":true,"href":"https:\/\/www.europesays.com\/de\/wp-json\/wp\/v2\/media\/171771"}],"wp:attachment":[{"href":"https:\/\/www.europesays.com\/de\/wp-json\/wp\/v2\/media?parent=171770"}],"wp:term":[{"taxonomy":"category","embeddable":true,"href":"https:\/\/www.europesays.com\/de\/wp-json\/wp\/v2\/categories?post=171770"},{"taxonomy":"post_tag","embeddable":true,"href":"https:\/\/www.europesays.com\/de\/wp-json\/wp\/v2\/tags?post=171770"}],"curies":[{"name":"wp","href":"https:\/\/api.w.org\/{rel}","templated":true}]}}