{"id":171775,"date":"2025-06-07T13:34:13","date_gmt":"2025-06-07T13:34:13","guid":{"rendered":"https:\/\/www.europesays.com\/de\/171775\/"},"modified":"2025-06-07T13:34:13","modified_gmt":"2025-06-07T13:34:13","slug":"viktoria-berlin-greift-nach-dem-double","status":"publish","type":"post","link":"https:\/\/www.europesays.com\/de\/171775\/","title":{"rendered":"Viktoria Berlin greift nach dem Double"},"content":{"rendered":"<p class=\"tspBFke tspBFkf\">Als Miren Catovic im M\u00e4rz vor seiner ersten gro\u00dfen Aufgabe als Trainer von Viktoria Berlin stand \u2013 dem Halbfinale im Berliner Landespokal gegen Hertha BSC \u2013 gab er sich gelassen. \u201eIch bin nicht geholt worden, um den Berlin-Pokal zu gewinnen, sondern um aufzusteigen\u201c, sagte er damals<a href=\"https:\/\/www.tagesspiegel.de\/sport\/spagat-zwischen-liga-und-pokal-viktoria-hat-mit-hertha-bsc-noch-eine-rechnung-offen-13393939.html?icid=in-text-link_13819282\" class=\"link link--internal\" data-gtm-class=\"article-text-link\" data-gtm-val=\"internal\" target=\"_blank\" rel=\"noopener\"> dem Tagesspiegel<\/a>. <\/p>\n<p><a href=\"https:\/\/leute.tagesspiegel.de\/?utm_source=tagesspiegel.de&amp;utm_campaign=newsletter-signup&amp;utm_medium=website&amp;utm_content=link&amp;icid=single-topic_13819282___\" data-gtm-class=\"article-mzt-link\" class=\"tspCJn1\" target=\"_blank\" rel=\"noopener\">Mehr \u00fcber guten Sport aus lokaler Perspektive lesen! In unseren w\u00f6chentlichen Newslettern aus den zw\u00f6lf Berliner Bezirken finden Sie Spannendes zu lokalem Sport, lokaler Politik und Kultur. Hier bestellen.  <\/a><\/p>\n<p class=\"tspBFke\">Mittlerweile ist dem 36-J\u00e4hrigen mit den Fu\u00dfballerinnen aus Lichterfelde der <a href=\"https:\/\/www.tagesspiegel.de\/sport\/zum-aufstieg-von-viktorias-fussballerinnen-geld-schiesst-tore--zumindest-indirekt-13676488.html?icid=in-text-link_13819282\" class=\"link link--internal\" data-gtm-class=\"article-text-link\" data-gtm-val=\"internal\" target=\"_blank\" rel=\"noopener\">Aufstieg in die Zweite Liga<\/a> gelungen, ebenso wie die Meisterschaft in der Regionalliga Nordost. Auch das Halbfinale gegen Hertha gewann Viktoria kurz vor Schluss mit 2:1 und bestreitet damit am Sonntag (15 Uhr) zum siebten Mal in Folge das Berliner Pokalendspiel. <\/p>\n<blockquote class=\"tspCKn7\">\n<p>Alle sind hei\u00df und wollen den zweiten Titel der Saison f\u00fcr sich und den Verein.<\/p>\n<\/blockquote>\n<p class=\"tspCKn8\"><strong>Miren Catovic<\/strong>, Trainer von Viktoria Berlin<\/p>\n<p class=\"tspBFke\">Nachdem das gro\u00dfe Ziel bereits erreicht wurde, m\u00f6chte Catovic nun doch unbedingt das Double holen. \u201eWir arbeiten konzentriert auf dieses Spiel hin. Alle sind hei\u00df und wollen den zweiten Titel der Saison f\u00fcr sich und den Verein\u201c, sagte er der \u201eFu\u00dfball-Woche\u201c. <\/p>\n<p> F\u00fcr Pankow ist die Finalteilnahme eine Premiere <\/p>\n<p class=\"tspBFke\">Gegner im Volkspark Mariendorf ist Berlin-Ligist Borussia Pankow. Das Team von Trainerin Josefine Ru\u00df verpasste in der abgelaufenen Saison nur aufgrund der schlechteren Tordifferenz die Meisterschaft und damit auch die Relegation zur Regionalliga. <\/p>\n<p class=\"tspUez\">Empfohlener redaktioneller Inhalt<\/p>\n<p> An dieser Stelle finden Sie einen von unseren Redakteuren ausgew\u00e4hlten, externen Inhalt, der den Artikel f\u00fcr Sie mit zus\u00e4tzlichen Informationen anreichert. Sie k\u00f6nnen sich hier den externen Inhalt mit einem Klick anzeigen lassen oder wieder ausblenden. <\/p>\n<p> Externen Inhalt anzeigen <\/p>\n<p class=\"tspUe5\"> Ich bin damit einverstanden, dass mir der externe Inhalt angezeigt wird. Damit k\u00f6nnen personenbezogene Daten an Drittplattformen \u00fcbermittelt werden.  Mehr Informationen dazu erhalten Sie in den Datenschutz-Einstellungen. Diese finden Sie ganz unten auf unserer Seite im Footer, sodass Sie Ihre Einstellungen jederzeit verwalten oder widerrufen k\u00f6nnen. <\/p>\n<p class=\"tspBFke\">Mit dem Einzug ins Pokalfinale gelang den Berlinerinnen dennoch der bislang gr\u00f6\u00dfte Erfolg der Vereinsgeschichte. Im Halbfinale traf Pankow auf Ligakonkurrent BSV GW Neuk\u00f6lln und gewann souver\u00e4n mit 5:1. &#13;<\/p>\n<p><img decoding=\"async\" src=\"https:\/\/www.europesays.com\/de\/wp-content\/uploads\/2025\/06\/imago1060057639.jpeg\"   alt=\"\" aria-labelledby=\"caption-13819312\" width=\"440\" height=\"330\" loading=\"lazy\" class=\"tspBDkc\"\/> Pankows Lorena Erlacher (li.) traf im Halbfinale gegen Neuk\u00f6lln zweimal.  <\/p>\n<p class=\"tspAVir\"> \u00a9 IMAGO\/Matthias Koch <\/p>\n<p class=\"tspBFke\">Am Sonntag liegt die Favoritenrolle klar aufseiten Viktorias, das schon mitten in den Planungen f\u00fcr die n\u00e4chste Saison steckt. Mit Alisa Grincenco von Bundesligaabsteiger Turbine Potsdam und Sarah Abu Sabbah sowie Sarah St\u00f6ckmann, die von den beiden <a href=\"https:\/\/www.tagesspiegel.de\/sport\/vor-uber-20000-zuschauenden-unions-fussballerinnen-gelingt-das-meisterstuck-13712332.html?icid=in-text-link_13819282\" class=\"link link--internal\" data-gtm-class=\"article-text-link\" data-gtm-val=\"internal\" target=\"_blank\" rel=\"noopener\">Bundesligaaufsteigern 1. FC Union<\/a> und Hamburger SV nach Lichterfelde wechseln, wurden namhafte Neuzug\u00e4nge vorgestellt. <\/p>\n<p class=\"tspBFke\">Allerdings hat Viktoria auch einige Abg\u00e4nge zu verschmerzen. So wird etwa Kapit\u00e4nin Anouk Dekker, die mit den Niederlanden Europameisterin und Vize-Weltmeisterin wurde, am Sonntag ihre aktive Karriere beenden. <\/p>\n<p> Mehr zum Sport lesen Sie bei Tagesspiegel Plus <a href=\"https:\/\/www.tagesspiegel.de\/sport\/wollen-wir-uns-das-gerat-teilen-acht-tipps-wie-man-im-fitnessstudio-richtig-flirtet-13801171.html?icid=topic-list_13819282___\" data-gtm-class=\"article-mzt-link\" class=\"tspCJn1\" target=\"_blank\" rel=\"noopener\">\u201eWollen wir uns das Ger\u00e4t teilen?\u201c Acht Tipps, wie man im Fitnessstudio richtig flirtet <\/a><a href=\"https:\/\/www.tagesspiegel.de\/sport\/als-hertha-bsc-in-der-us-profiliga-spielte-vor-55-jahren-fullten-die-berliner-die-nasl-auf-13801090.html?icid=topic-list_13819282___\" data-gtm-class=\"article-mzt-link\" class=\"tspCJn1\" target=\"_blank\" rel=\"noopener\">Als Hertha BSC in der US-Profiliga spielte Vor 55 Jahren f\u00fcllten die Berliner die NASL auf <\/a><a href=\"https:\/\/www.tagesspiegel.de\/sport\/man-darf-sich-nichts-vormachen-das-ist-die-schlusselposition-fedor-ivanov-tritt-bei-den-br-volleys-in-grosse-fussstapfen-13792357.html?icid=topic-list_13819282___\" data-gtm-class=\"article-mzt-link\" class=\"tspCJn1\" target=\"_blank\" rel=\"noopener\">\u201eMan darf sich nichts vormachen\u201c Fedor Ivanov tritt bei den BR Volleys ein gro\u00dfes Erbe an <\/a><\/p>\n<p class=\"tspBFke\">Die 38-J\u00e4hrige wird den Berlinerinnen anschlie\u00dfend aber als Teil des Trainerteams erhalten bleiben. \u201eDar\u00fcber freue ich mich sehr. Nat\u00fcrlich wird sie uns auf dem Platz fehlen, uns mit ihrer Erfahrung und tollen Pers\u00f6nlichkeit in neuer Rolle aber weiterhelfen\u201c, sagte Trainer Catovic. Vorher soll es mit ihr auf dem Platz aber zum vierten Pokaltitel der Vereinsgeschichte reichen. <\/p>\n","protected":false},"excerpt":{"rendered":"Als Miren Catovic im M\u00e4rz vor seiner ersten gro\u00dfen Aufgabe als Trainer von Viktoria Berlin stand \u2013 dem&hellip;\n","protected":false},"author":2,"featured_media":171776,"comment_status":"","ping_status":"","sticky":false,"template":"","format":"standard","meta":{"footnotes":""},"categories":[1825],"tags":[296,1089,29,347,30,530],"class_list":{"0":"post-171775","1":"post","2":"type-post","3":"status-publish","4":"format-standard","5":"has-post-thumbnail","7":"category-berlin","8":"tag-berlin","9":"tag-berlin-sport","10":"tag-deutschland","11":"tag-fussball","12":"tag-germany","13":"tag-pankow"},"share_on_mastodon":{"url":"https:\/\/pubeurope.com\/@de\/114642345479987104","error":""},"_links":{"self":[{"href":"https:\/\/www.europesays.com\/de\/wp-json\/wp\/v2\/posts\/171775","targetHints":{"allow":["GET"]}}],"collection":[{"href":"https:\/\/www.europesays.com\/de\/wp-json\/wp\/v2\/posts"}],"about":[{"href":"https:\/\/www.europesays.com\/de\/wp-json\/wp\/v2\/types\/post"}],"author":[{"embeddable":true,"href":"https:\/\/www.europesays.com\/de\/wp-json\/wp\/v2\/users\/2"}],"replies":[{"embeddable":true,"href":"https:\/\/www.europesays.com\/de\/wp-json\/wp\/v2\/comments?post=171775"}],"version-history":[{"count":0,"href":"https:\/\/www.europesays.com\/de\/wp-json\/wp\/v2\/posts\/171775\/revisions"}],"wp:featuredmedia":[{"embeddable":true,"href":"https:\/\/www.europesays.com\/de\/wp-json\/wp\/v2\/media\/171776"}],"wp:attachment":[{"href":"https:\/\/www.europesays.com\/de\/wp-json\/wp\/v2\/media?parent=171775"}],"wp:term":[{"taxonomy":"category","embeddable":true,"href":"https:\/\/www.europesays.com\/de\/wp-json\/wp\/v2\/categories?post=171775"},{"taxonomy":"post_tag","embeddable":true,"href":"https:\/\/www.europesays.com\/de\/wp-json\/wp\/v2\/tags?post=171775"}],"curies":[{"name":"wp","href":"https:\/\/api.w.org\/{rel}","templated":true}]}}