{"id":171777,"date":"2025-06-07T13:35:11","date_gmt":"2025-06-07T13:35:11","guid":{"rendered":"https:\/\/www.europesays.com\/de\/171777\/"},"modified":"2025-06-07T13:35:11","modified_gmt":"2025-06-07T13:35:11","slug":"kriminalitaet-drei-jugendliche-in-berlin-von-mann-mit-schusswaffe-bedroht","status":"publish","type":"post","link":"https:\/\/www.europesays.com\/de\/171777\/","title":{"rendered":"Kriminalit\u00e4t: Drei Jugendliche in Berlin von Mann mit Schusswaffe bedroht"},"content":{"rendered":"<p class=\"paragraph article__item\">Spezialkr\u00e4fte der <a class=\"rtr-entity\" href=\"https:\/\/www.zeit.de\/thema\/polizei\" rel=\"nofollow noopener\" target=\"_blank\">Polizei<\/a> haben in Berlin-Wei\u00dfensee einen Mann festgenommen, der drei Jugendliche mit einer Schusswaffe bedroht haben soll. Wie die Polizei mitteilte, hielten sich die Jugendlichen am Freitagabend in einem leerstehenden Geb\u00e4ude auf. Im dritten Obergeschoss soll der Mann den Jugendlichen gedroht haben, sie zu erschie\u00dfen, falls sie die \u00d6rtlichkeit nicht sofort verlassen w\u00fcrden.\u00a0\n<\/p>\n<p>Aktuelles<\/p>\n<p>                <a href=\"https:\/\/www.zeit.de\/politik\/ausland\/2025-05\/us-ueberblick-donald-trump-zollstreit-eu-entlassungen-sicherheitsrat-drohung-apple\" data-ct-label=\"Der US-\u00dcberblick am Morgen: US-Regierung verkleinert Sicherheitsrat, Trump droht Apple\" rel=\"nofollow noopener\" target=\"_blank\"><\/p>\n<p>                        Der US-\u00dcberblick am Morgen:<br \/>\n                        US-Regierung verkleinert Sicherheitsrat, Trump droht Apple<\/p>\n<p>                <\/a><\/p>\n<p>                <a href=\"https:\/\/www.zeit.de\/politik\/2025-05\/terrorermittlungen-neonazis-bundesanwaltschaft-jugendliche-letzte-verteidigungswelle\" data-ct-label=\"&quot;Letzte Verteidigungswelle&quot;: Extrem jung, extrem schnell radikalisiert\" rel=\"nofollow noopener\" target=\"_blank\"><\/p>\n<p>        Z+ (abopflichtiger Inhalt);<\/p>\n<p>    &#8222;Letzte Verteidigungswelle&#8220;:<br \/>\n                        Extrem jung, extrem schnell radikalisiert<\/p>\n<p>                <\/a><\/p>\n<p>                <a href=\"https:\/\/www.zeit.de\/2025\/20\/verbot-soziale-medien-jugendliche-u-16-jaehrige-internet\" data-ct-label=\"Verbot von sozialen Medien: Sollte man soziale Medien f\u00fcr Jugendliche verbieten?\" rel=\"nofollow noopener\" target=\"_blank\"><\/p>\n<p>                        Verbot von sozialen Medien:<br \/>\n                        Sollte man soziale Medien f\u00fcr Jugendliche verbieten?<\/p>\n<p>                <\/a><\/p>\n<p class=\"paragraph article__item\">Dabei soll er in der einen Hand eine Schusswaffe und in der anderen einen Nothammer gehalten haben. Die Jugendlichen im Alter von 14 und 15 Jahren seien aus dem Geb\u00e4ude gerannt und h\u00e4tten eine Tasche zur\u00fcckgelassen. Im Verlauf des Einsatzes wurde festgestellt, dass ein Smartphone und ein Camcorder daraus entwendet wurden.\n<\/p>\n<p class=\"paragraph article__item\">Spezialeinsatzkr\u00e4fte und Beamte einer Hundertschaft nahmen den 55-J\u00e4hrigen und einen weiteren 50-j\u00e4hrigen Mann in dem Geb\u00e4ude fest. Beide passten auf die Personenbeschreibung. Bei der Durchsuchung der M\u00e4nner wurden aber weder die vermutete Schusswaffe noch das Smartphone oder der Camcorder gefunden. Der 50-J\u00e4hrige wurde noch vor Ort wieder entlassen. Der 55-J\u00e4hrige wurde vor\u00fcbergehend in Polizeigewahrsam genommen, sp\u00e4ter aber ebenfalls wieder entlassen.\n<\/p>\n<p class=\"paragraph article__item\">\u00a9 dpa-infocom, dpa:250607-930-641935\/1<\/p>\n","protected":false},"excerpt":{"rendered":"Spezialkr\u00e4fte der Polizei haben in Berlin-Wei\u00dfensee einen Mann festgenommen, der drei Jugendliche mit einer Schusswaffe bedroht haben soll.&hellip;\n","protected":false},"author":2,"featured_media":171778,"comment_status":"","ping_status":"","sticky":false,"template":"","format":"standard","meta":{"footnotes":""},"categories":[1825],"tags":[296,8508,29,30,1584,15,121,2466,11878],"class_list":{"0":"post-171777","1":"post","2":"type-post","3":"status-publish","4":"format-standard","5":"has-post-thumbnail","7":"category-berlin","8":"tag-berlin","9":"tag-berlin-weissensee","10":"tag-deutschland","11":"tag-germany","12":"tag-kriminalitaet","13":"tag-news","14":"tag-polizei","15":"tag-schusswaffe","16":"tag-spezialkraft"},"share_on_mastodon":{"url":"https:\/\/pubeurope.com\/@de\/114642349343730916","error":""},"_links":{"self":[{"href":"https:\/\/www.europesays.com\/de\/wp-json\/wp\/v2\/posts\/171777","targetHints":{"allow":["GET"]}}],"collection":[{"href":"https:\/\/www.europesays.com\/de\/wp-json\/wp\/v2\/posts"}],"about":[{"href":"https:\/\/www.europesays.com\/de\/wp-json\/wp\/v2\/types\/post"}],"author":[{"embeddable":true,"href":"https:\/\/www.europesays.com\/de\/wp-json\/wp\/v2\/users\/2"}],"replies":[{"embeddable":true,"href":"https:\/\/www.europesays.com\/de\/wp-json\/wp\/v2\/comments?post=171777"}],"version-history":[{"count":0,"href":"https:\/\/www.europesays.com\/de\/wp-json\/wp\/v2\/posts\/171777\/revisions"}],"wp:featuredmedia":[{"embeddable":true,"href":"https:\/\/www.europesays.com\/de\/wp-json\/wp\/v2\/media\/171778"}],"wp:attachment":[{"href":"https:\/\/www.europesays.com\/de\/wp-json\/wp\/v2\/media?parent=171777"}],"wp:term":[{"taxonomy":"category","embeddable":true,"href":"https:\/\/www.europesays.com\/de\/wp-json\/wp\/v2\/categories?post=171777"},{"taxonomy":"post_tag","embeddable":true,"href":"https:\/\/www.europesays.com\/de\/wp-json\/wp\/v2\/tags?post=171777"}],"curies":[{"name":"wp","href":"https:\/\/api.w.org\/{rel}","templated":true}]}}