{"id":171779,"date":"2025-06-07T13:36:13","date_gmt":"2025-06-07T13:36:13","guid":{"rendered":"https:\/\/www.europesays.com\/de\/171779\/"},"modified":"2025-06-07T13:36:13","modified_gmt":"2025-06-07T13:36:13","slug":"mann-bedroht-drei-jugendliche-in-berlin-mit-schusswaffe-festnahme","status":"publish","type":"post","link":"https:\/\/www.europesays.com\/de\/171779\/","title":{"rendered":"Mann bedroht drei Jugendliche in Berlin mit Schusswaffe \u2013 Festnahme"},"content":{"rendered":"<p class=\"tspBFke tspBFkf\">Spezialkr\u00e4fte der Polizei haben in Berlin-Wei\u00dfensee einen Mann festgenommen, der drei Jugendliche mit einer Schusswaffe bedroht haben soll. Wie die Polizei mitteilte, hielten sich die Jugendlichen am Freitagabend in einem leerstehenden Geb\u00e4ude auf. Im dritten Obergeschoss soll der Mann den Jugendlichen gedroht haben, sie zu erschie\u00dfen, falls sie die \u00d6rtlichkeit nicht sofort verlassen w\u00fcrden.\u00a0<\/p>\n<p><a href=\"https:\/\/abo.tagesspiegel.de\/tagesspiegel-app?icid=single-topic_13819822___\" data-gtm-class=\"article-mzt-link\" class=\"tspCJn1\" target=\"_blank\" rel=\"noopener\">Die Tagesspiegel-App Aktuelle Nachrichten, Hintergr\u00fcnde und Analysen direkt auf Ihr Smartphone. Dazu die digitale Zeitung. Hier gratis herunterladen.  <\/a><\/p>\n<p class=\"tspBFke\">Dabei soll er in der einen Hand eine Schusswaffe und in der anderen einen Nothammer gehalten haben. Die Jugendlichen im Alter von 14 und 15 Jahren seien aus dem Geb\u00e4ude gerannt und h\u00e4tten eine Tasche zur\u00fcckgelassen. Im Verlauf des Einsatzes wurde festgestellt, dass ein Smartphone und ein Camcorder daraus entwendet wurden.<\/p>\n<p> Mehr Blaulicht-Berichterstattung aus Berlin: <a href=\"https:\/\/www.tagesspiegel.de\/berlin\/raububerfall-in-berlin-unbekannte-stechen-auf-35-jahrigen-ein--schwer-verletzt-13819612.html?icid=topic-list_13819822___\" data-gtm-class=\"article-mzt-link\" class=\"tspCJn1\" target=\"_blank\" rel=\"noopener\">Raub\u00fcberfall in Berlin Unbekannte stechen auf 35-J\u00e4hrigen ein \u2013 schwer verletzt <\/a><a href=\"https:\/\/www.tagesspiegel.de\/berlin\/signal-an-die-berliner-stadtgesellschaft-innensenatorin-erlasst-messer-und-waffenverbot-fur-nahverkehrsnetz-und-bahnhofe-13818712.html?icid=topic-list_13819822___\" data-gtm-class=\"article-mzt-link\" class=\"tspCJn1\" target=\"_blank\" rel=\"noopener\">\u201eSignal an die Berliner Stadtgesellschaft\u201c Innensenatorin erl\u00e4sst Messer- und Waffenverbot f\u00fcr Nahverkehrsnetz und Bahnh\u00f6fe <\/a><a href=\"https:\/\/www.tagesspiegel.de\/berlin\/unfall-mit-notarztwagen-in-berlin-motorradfahrer-inzwischen-ausser-lebensgefahr-13818517.html?icid=topic-list_13819822___\" data-gtm-class=\"article-mzt-link\" class=\"tspCJn1\" target=\"_blank\" rel=\"noopener\">Unfall mit Notarztwagen in Berlin Motorradfahrer inzwischen au\u00dfer Lebensgefahr <\/a><\/p>\n<p class=\"tspBFke\">Spezialeinsatzkr\u00e4fte und Beamte einer Hundertschaft nahmen den 55-J\u00e4hrigen und einen weiteren 50-j\u00e4hrigen Mann in dem Geb\u00e4ude fest. Beide passten auf die Personenbeschreibung. Bei der Durchsuchung der M\u00e4nner wurden aber weder die vermutete Schusswaffe noch das Smartphone oder der Camcorder gefunden. Der 50-J\u00e4hrige wurde noch vor Ort wieder entlassen. Der 55-J\u00e4hrige wurde vor\u00fcbergehend in Polizeigewahrsam genommen, sp\u00e4ter aber ebenfalls wieder entlassen. (dpa)<\/p>\n","protected":false},"excerpt":{"rendered":"Spezialkr\u00e4fte der Polizei haben in Berlin-Wei\u00dfensee einen Mann festgenommen, der drei Jugendliche mit einer Schusswaffe bedroht haben soll.&hellip;\n","protected":false},"author":2,"featured_media":171780,"comment_status":"","ping_status":"","sticky":false,"template":"","format":"standard","meta":{"footnotes":""},"categories":[1825],"tags":[296,5006,29,40733,30,1635,530],"class_list":{"0":"post-171779","1":"post","2":"type-post","3":"status-publish","4":"format-standard","5":"has-post-thumbnail","7":"category-berlin","8":"tag-berlin","9":"tag-bezirke","10":"tag-deutschland","11":"tag-eigentumsdelikte","12":"tag-germany","13":"tag-jugend","14":"tag-pankow"},"share_on_mastodon":{"url":"https:\/\/pubeurope.com\/@de\/114642353327965181","error":""},"_links":{"self":[{"href":"https:\/\/www.europesays.com\/de\/wp-json\/wp\/v2\/posts\/171779","targetHints":{"allow":["GET"]}}],"collection":[{"href":"https:\/\/www.europesays.com\/de\/wp-json\/wp\/v2\/posts"}],"about":[{"href":"https:\/\/www.europesays.com\/de\/wp-json\/wp\/v2\/types\/post"}],"author":[{"embeddable":true,"href":"https:\/\/www.europesays.com\/de\/wp-json\/wp\/v2\/users\/2"}],"replies":[{"embeddable":true,"href":"https:\/\/www.europesays.com\/de\/wp-json\/wp\/v2\/comments?post=171779"}],"version-history":[{"count":0,"href":"https:\/\/www.europesays.com\/de\/wp-json\/wp\/v2\/posts\/171779\/revisions"}],"wp:featuredmedia":[{"embeddable":true,"href":"https:\/\/www.europesays.com\/de\/wp-json\/wp\/v2\/media\/171780"}],"wp:attachment":[{"href":"https:\/\/www.europesays.com\/de\/wp-json\/wp\/v2\/media?parent=171779"}],"wp:term":[{"taxonomy":"category","embeddable":true,"href":"https:\/\/www.europesays.com\/de\/wp-json\/wp\/v2\/categories?post=171779"},{"taxonomy":"post_tag","embeddable":true,"href":"https:\/\/www.europesays.com\/de\/wp-json\/wp\/v2\/tags?post=171779"}],"curies":[{"name":"wp","href":"https:\/\/api.w.org\/{rel}","templated":true}]}}