{"id":171781,"date":"2025-06-07T13:37:12","date_gmt":"2025-06-07T13:37:12","guid":{"rendered":"https:\/\/www.europesays.com\/de\/171781\/"},"modified":"2025-06-07T13:37:12","modified_gmt":"2025-06-07T13:37:12","slug":"herzogin-meghan-harry-private-aufnahmen-von-lilibets-geburtstagsfeier-aufgetaucht","status":"publish","type":"post","link":"https:\/\/www.europesays.com\/de\/171781\/","title":{"rendered":"Herzogin Meghan + Harry: Private Aufnahmen von Lilibets Geburtstagsfeier aufgetaucht"},"content":{"rendered":"<p>Prinz Harry + Herzogin Meghan<br \/>\nSie teilen private Aufnahmen von Lilibets Geburtstagsfeier<\/p>\n<p><img class=\"image image-element__image\"   src=\"https:\/\/www.europesays.com\/de\/wp-content\/uploads\/2025\/06\/herzogin-meghan-prinz-harry-lilibet-archie.jpg\" alt=\"Prinz Harry + Herzogin Meghan: Sie teilen private Aufnahmen von Lilibets Geburtstagsfeier\" decoding=\"async\" fetchpriority=\"high\" loading=\"eager\"\/><br \/>\n<a href=\"https:\/\/image.gala.de\/24391476\/t\/De\/v2\/w2048\/r1.5\/-\/herzogin-meghan-prinz-harry-lilibet-archie.jpg#instagram.com%2Fmeghan\" class=\"image__magnifier\" aria-label=\"Vergr\u00f6\u00dfern\" rel=\"nofollow noopener\" target=\"_blank\"><\/p>\n<p>\u00a9 instagram.com\/meghan<\/p>\n<p>\nDas d\u00fcrfte bei Prinz Harry viele Erinnerungen geweckt haben: Mit seiner Ehefrau Meghan, Tochter Lilibet und S\u00f6hnchen Archie fuhr er die gleiche Disney-Attraktion wie einst mit Diana. Ein herrlich-spa\u00dfiger Kindergeburtstag!\n<\/p>\n<p class=\"text-element u-richtext u-typo u-typo--article-text article__text-element text-element--context-article\">\n <a class=\"link--person\" data-target-type=\"article\" href=\"https:\/\/www.gala.de\/stars\/starportraets\/prinz-harry-20519960.html\" rel=\"nofollow noopener\" target=\"_blank\">Prinz Harry<\/a>, 40, und <a class=\"link--person\" data-target-type=\"article\" href=\"https:\/\/www.gala.de\/stars\/starportraets\/meghan-markle-aka-herzogin-meghan--alles-ueber-die-frau-an-prinz-harrys-seite-20586488.html\" rel=\"nofollow noopener\" target=\"_blank\">Herzogin Meghan<\/a>, 43, haben zur Feier des vierten Geburtstages ihrer Tochter <a class=\"\" data-target-type=\"article\" href=\"https:\/\/www.gala.de\/royals\/briten\/themen\/lili-mountbatten-windsor-22456248.html\" target=\"_self\" rel=\"nofollow noopener\">Prinzessin Lilibet<\/a> das Disneyland in Anaheim besucht. Dabei kam es f\u00fcr den j\u00fcngeren Sohn von <a class=\"link--person\" data-target-type=\"article\" href=\"https:\/\/www.gala.de\/stars\/starportraets\/koenig-charles-20477256.html\" rel=\"nofollow noopener\" target=\"_blank\">K\u00f6nig Charles<\/a>, 76, zu einem ganz besonderen Moment: Er fuhr die gleiche Attraktion, die er vor fast 32 Jahren zusammen mit seiner Mutter, <a class=\"link--person\" data-target-type=\"article\" href=\"https:\/\/www.gala.de\/stars\/starportraets\/prinzessin-diana-20538110.html\" rel=\"nofollow noopener\" target=\"_blank\">Prinzessin Diana<\/a>, \u202036, in einem anderen Disneypark ausprobiert hat.<\/p>\n<p>Prinzessin Diana und ihre S\u00f6hne hatten Spa\u00df im Disney World in Florida<\/p>\n<p class=\"text-element u-richtext u-typo u-typo--article-text article__text-element text-element--context-article\"> Im August 1993 genoss der damals achtj\u00e4hrige Prinz zusammen mit seinem damals elfj\u00e4hrigen Bruder <a class=\"link--person\" data-target-type=\"article\" href=\"https:\/\/www.gala.de\/stars\/starportraets\/prinz-william--the-prince-of-wales-20520044.html\" rel=\"nofollow noopener\" target=\"_blank\">Prinz William<\/a>, 42, einen privaten Besuch im Walt Disney World in Orlando, Florida. Die Bilder gingen um die Welt. Denn die Reise, nur wenige Monate nach der Trennung von Diana und Charles, markierte einen Moment der Freude und Normalit\u00e4t f\u00fcr die krisengebeutelte Familie.<\/p>\n<p class=\"text-element u-richtext u-typo u-typo--article-text article__text-element text-element--context-article\"> Das royale Trio durfte damals eine exklusive Fahrt auf dem Splash Mountain machen, der daf\u00fcr f\u00fcr andere G\u00e4ste gesperrt wurde, wie das &#8222;People&#8220;-Magazin berichtete.<\/p>\n<p>Herzogin Meghan und Prinz Harry feiern Lilibets Geburtstag im Disneyland<\/p>\n<p class=\"text-element u-richtext u-typo u-typo--article-text article__text-element text-element--context-article\"> Nun kam es zu einer denkw\u00fcrdigen Wiederholung: Am 6. Juni 2025 teilte Herzogin Meghan eine Videomontage aus dem Disneyland in Anaheim, Kalifornien. Dort feierte das Herzogpaar von Sussex den Geburtstag seiner Tochter Prinzessin Lilibet, die am 4. Juni vier Jahre alt geworden war.<\/p>\n<p><img class=\"image image-element__image\"   src=\"https:\/\/www.europesays.com\/de\/wp-content\/uploads\/2025\/06\/meghan-harry-lilibet-archie-disneyland-2.jpg\" alt=\"Prinz Harry + Herzogin Meghan: Sie teilen private Aufnahmen von Lilibets Geburtstagsfeier\" decoding=\"async\" fetchpriority=\"auto\" loading=\"lazy\"\/><br \/>\n<a href=\"https:\/\/image.gala.de\/24391484\/t\/EI\/v3\/w2048\/r0\/-\/meghan-harry-lilibet-archie-disneyland-2.jpg#instagram.com%2Fmeghan\" class=\"image__magnifier\" aria-label=\"Vergr\u00f6\u00dfern\" rel=\"nofollow noopener\" target=\"_blank\"><\/p>\n<p>\u00a9 instagram.com\/meghan<\/p>\n<p class=\"text-element u-richtext u-typo u-typo--article-text article__text-element text-element--context-article\"> Mit dabei war auch Sohn <a class=\"\" data-target-type=\"article\" href=\"https:\/\/www.gala.de\/royals\/briten\/themen\/archie-harrison-mountbatten-windsor-22061700.html\" target=\"_self\" rel=\"nofollow noopener\">Prinz Archie<\/a>, 6. &#8222;Danke @disneyland , dass ihr unserer Familie zwei Tage purer Freude geschenkt habt!&#8220;, schrieb Meghan zu ihrem Beitrag, w\u00e4hrend im Hintergrund &#8222;It&#8217;s a Good Day&#8220; von Peggy Lee lief.<\/p>\n<p><img class=\"image image-element__image\"   src=\"https:\/\/www.europesays.com\/de\/wp-content\/uploads\/2025\/06\/meghan-harry-lilibet-archie-disneyland-3.jpg\" alt=\"Prinz Harry + Herzogin Meghan: Sie teilen private Aufnahmen von Lilibets Geburtstagsfeier\" decoding=\"async\" fetchpriority=\"auto\" loading=\"lazy\"\/><br \/>\n<a href=\"https:\/\/image.gala.de\/24391486\/t\/Jc\/v3\/w2048\/r0\/-\/meghan-harry-lilibet-archie-disneyland-3.jpg#instagram.com%2Fmeghan\" class=\"image__magnifier\" aria-label=\"Vergr\u00f6\u00dfern\" rel=\"nofollow noopener\" target=\"_blank\"><\/p>\n<p>\u00a9 instagram.com\/meghan<\/p>\n<p>Die Sussexes zeigen sich mit M\u00e4useohren<\/p>\n<p class=\"text-element u-richtext u-typo u-typo--article-text article__text-element text-element--context-article\"> Der Beitrag zeigte die gesamte Familie nicht nur auf dem neu gestalteten Splash Mountain, der seit 2024 als Tiana&#8217;s Bayou Adventure bekannt ist.<\/p>\n<p><img class=\"image image-element__image\"   src=\"https:\/\/www.europesays.com\/de\/wp-content\/uploads\/2025\/06\/meghan-harry-lilibet-archie-disneyland-5.jpg\" alt=\"Prinz Harry + Herzogin Meghan: Sie teilen private Aufnahmen von Lilibets Geburtstagsfeier\" decoding=\"async\" fetchpriority=\"auto\" loading=\"lazy\"\/><br \/>\n<a href=\"https:\/\/image.gala.de\/24391490\/t\/F6\/v3\/w2048\/r0\/-\/meghan-harry-lilibet-archie-disneyland-5.jpg#instagram.com%2Fmeghan\" class=\"image__magnifier\" aria-label=\"Vergr\u00f6\u00dfern\" rel=\"nofollow noopener\" target=\"_blank\"><\/p>\n<p>\u00a9 instagram.com\/meghan<\/p>\n<p class=\"text-element u-richtext u-typo u-typo--article-text article__text-element text-element--context-article\"> Harry und Meghan fuhren mit ihren Kindern auch etliche andere Fahrgesch\u00e4fte und trafen &#8222;Star Wars&#8220;-Sturmtruppen sowie Elsa aus &#8222;Die Eisk\u00f6nigin&#8220;. Zu dem besonderen Tag gab es auch eine zweist\u00f6ckige Geburtstagstorte, die von &#8222;Arielle, die Meerjungfrau&#8220; inspiriert war &#8211; eine m\u00f6gliche Anspielung auf Lilibets Lieblings-Disney-Prinzessin, die \u00fcbrigens ebenfalls rothaarig ist.<\/p>\n<p class=\"text-element u-richtext u-typo u-typo--article-text article__text-element text-element--context-article\"> Verwendete Quellen: instagram-com, people.com<\/p>\n<p>\nSpotOnNews\n<\/p>\n<p>#Themen<\/p>\n<p><script async src=\"\/\/www.instagram.com\/embed.js\"><\/script><\/p>\n","protected":false},"excerpt":{"rendered":"Prinz Harry + Herzogin Meghan Sie teilen private Aufnahmen von Lilibets Geburtstagsfeier \u00a9 instagram.com\/meghan Das d\u00fcrfte bei Prinz&hellip;\n","protected":false},"author":2,"featured_media":171782,"comment_status":"","ping_status":"","sticky":false,"template":"","format":"standard","meta":{"footnotes":""},"categories":[1776],"tags":[1801,29,214,30,1802,215],"class_list":{"0":"post-171781","1":"post","2":"type-post","3":"status-publish","4":"format-standard","5":"has-post-thumbnail","7":"category-prominente","8":"tag-celebrities","9":"tag-deutschland","10":"tag-entertainment","11":"tag-germany","12":"tag-prominente","13":"tag-unterhaltung"},"share_on_mastodon":{"url":"https:\/\/pubeurope.com\/@de\/114642357352019630","error":""},"_links":{"self":[{"href":"https:\/\/www.europesays.com\/de\/wp-json\/wp\/v2\/posts\/171781","targetHints":{"allow":["GET"]}}],"collection":[{"href":"https:\/\/www.europesays.com\/de\/wp-json\/wp\/v2\/posts"}],"about":[{"href":"https:\/\/www.europesays.com\/de\/wp-json\/wp\/v2\/types\/post"}],"author":[{"embeddable":true,"href":"https:\/\/www.europesays.com\/de\/wp-json\/wp\/v2\/users\/2"}],"replies":[{"embeddable":true,"href":"https:\/\/www.europesays.com\/de\/wp-json\/wp\/v2\/comments?post=171781"}],"version-history":[{"count":0,"href":"https:\/\/www.europesays.com\/de\/wp-json\/wp\/v2\/posts\/171781\/revisions"}],"wp:featuredmedia":[{"embeddable":true,"href":"https:\/\/www.europesays.com\/de\/wp-json\/wp\/v2\/media\/171782"}],"wp:attachment":[{"href":"https:\/\/www.europesays.com\/de\/wp-json\/wp\/v2\/media?parent=171781"}],"wp:term":[{"taxonomy":"category","embeddable":true,"href":"https:\/\/www.europesays.com\/de\/wp-json\/wp\/v2\/categories?post=171781"},{"taxonomy":"post_tag","embeddable":true,"href":"https:\/\/www.europesays.com\/de\/wp-json\/wp\/v2\/tags?post=171781"}],"curies":[{"name":"wp","href":"https:\/\/api.w.org\/{rel}","templated":true}]}}