{"id":171988,"date":"2025-06-07T15:26:27","date_gmt":"2025-06-07T15:26:27","guid":{"rendered":"https:\/\/www.europesays.com\/de\/171988\/"},"modified":"2025-06-07T15:26:27","modified_gmt":"2025-06-07T15:26:27","slug":"an-diesen-41-strassen-stehen-in-bielefeld-die-blitzer","status":"publish","type":"post","link":"https:\/\/www.europesays.com\/de\/171988\/","title":{"rendered":"An diesen 41 Stra\u00dfen stehen in Bielefeld die Blitzer"},"content":{"rendered":"<p id=\"absatz1\" class=\"em_text\">Bielefeld. Das Bielefelder Ordnungsamt verst\u00e4rkt seine Tempokontrollen und stellt in der Woche von Montag, 9. Juni, bis Sonntag, 15. Juni 2025, an etlichen Stra\u00dfen in Bielefeld die mobilen Blitzer auf.<\/p>\n<p id=\"absatz2\" class=\"em_text\">Die Kontrollen erstrecken sich auf das gesamte Stadtgebiet \u2013 Hauptverkehrsstra\u00dfen sind ebenso darunter, wie kleine Tempo-30-Zonen. Vorsicht!<\/p>\n<p id=\"absatz4\" class=\"em_text\">Hier finden Sie die \u00dcbersicht der Stra\u00dfen, an denen geblitzt wird, in alphabetischer Reihenfolge:<\/p>\n<p>\n        \u00d7\n    <\/p>\n<p>\n            Sie erhalten in wenigen Minuten eine E-Mail zur Best\u00e4tigung Ihrer Anmeldung.\n        <\/p>\n<p>Erst danach ist diese abgeschlossen.<\/p>\n<p>Bitte pr\u00fcfen Sie auch den Spam-Ordner.<\/p>\n<p>\n        \u00d7\n    <\/p>\n<p>\n            Sie haben bisher Ihre E-Mail-Adresse noch nicht best\u00e4tigt.\n        <\/p>\n<p>Erst danach ist diese abgeschlossen.<\/p>\n<p>Bitte pr\u00fcfen Sie auch den Spam-Ordner.<\/p>\n<p>\n        \u00d7\n    <\/p>\n<p>\n            Es ist einen Fehler aufgetreten\n        <\/p>\n<p>Bei Fragen hilft unser Newsletter-Support<\/p>\n<p> Newsletter<\/p>\n<p> Aus Bielefeld<\/p>\n<p>W\u00f6chentliche News direkt aus der Redaktion Bielefeld.<\/p>\n<p>                Jetzt anmelden<\/p>\n<p>Hauptverkehrsstra\u00dfen, an denen in Bielefeld geblitzt wird<\/p>\n<ul>\n<li>Carl-Severing-Stra\u00dfe<\/li>\n<li> Heeper Stra\u00dfe<\/li>\n<li>Osningstra\u00dfe<\/li>\n<li>Paderborner Stra\u00dfe<\/li>\n<\/ul>\n<p>Weitere Stra\u00dfen, an denen in Bielefeld geblitzt wird<\/p>\n<ul>\n<li>Am Petersberg<\/li>\n<li>Am Rennplatz<\/li>\n<li>Am Waldbad<\/li>\n<li>Bremer Stra\u00dfe<\/li>\n<li>Br\u00fcckenstra\u00dfe<\/li>\n<li>Danziger Stra\u00dfe<\/li>\n<li>Deckertstra\u00dfe<\/li>\n<li>Deppendorfer Stra\u00dfe<\/li>\n<li>Enniskillener Stra\u00dfe<\/li>\n<li>Feldstra\u00dfe<\/li>\n<li>Finkenstra\u00dfe<\/li>\n<li>Gildemeisterstra\u00dfe<\/li>\n<li>Gl\u00fcckst\u00e4dter Stra\u00dfe<\/li>\n<li>Greifswalder Stra\u00dfe<\/li>\n<li>Gro\u00dfe-Kurf\u00fcrsten-Stra\u00dfe<\/li>\n<li>Heeperholz<\/li>\n<li>Kusenweg<\/li>\n<li>L\u00e4mershagener Stra\u00dfe<\/li>\n<li>Meisenstra\u00dfe<\/li>\n<li>Melanchthonstra\u00dfe<\/li>\n<li>Meller Stra\u00dfe<\/li>\n<li>Milser Stra\u00dfe<\/li>\n<li>Petristra\u00dfe<\/li>\n<li>Pla\u00dfstra\u00dfe<\/li>\n<li>Rabenhof<\/li>\n<li>Sch\u00e4ferstra\u00dfe<\/li>\n<li>Schuckertstra\u00dfe<\/li>\n<li>Spindelstra\u00dfe<\/li>\n<li>Splittenbrede<\/li>\n<li>Stadtring<\/li>\n<li>Sudbrackstra\u00dfe<\/li>\n<li>Talbr\u00fcckenstra\u00dfe<\/li>\n<li>Vahlkamp<\/li>\n<li>Westkampweg<\/li>\n<li>Wilhelmsdorfer Stra\u00dfe<\/li>\n<li>Windelsbleicher Stra\u00dfe<\/li>\n<li>W\u00f6rheider Weg<\/li>\n<\/ul>\n<p id=\"absatz7\" class=\"em_text\">\u00c4nderungen und spontane Anpassungen sind m\u00f6glich, hei\u00dft es von der Stadt Bielefeld. Dar\u00fcber hinaus sei grunds\u00e4tzlich mit weiteren Messungen im gesamten Stadtgebiet zu rechnen.<\/p>\n<p class=\"em_text\"><b class=\"bold\">Lesen Sie auch:<\/b> <a href=\"https:\/\/www.nw.de\/lokal\/bielefeld\/mitte\/24078322_Hochmoderne-Blitzersaeulen-in-Bielefeld-Das-sind-die-Standorte-im-Ueberblick.html\" target=\"_blank\" rel=\"noopener\">Hochmoderne Blitzers\u00e4ulen in Bielefeld: Das sind die Standorte im \u00dcberblick <\/a><\/p>\n<p>Geschwindigkeitsverst\u00f6\u00dfe: Strafen f\u00fcr Tempos\u00fcnder<\/p>\n<p id=\"absatz9\" class=\"em_text\">In der nachfolgenden \u00dcbersicht sind Bu\u00dfgelder, Punkte und Strafen aufgef\u00fchrt, die Autofahrerinnen und Autofahrer bei Tempoverst\u00f6\u00dfen au\u00dferorts und innerorts erwarten:<\/p>\n<p id=\"absatz10\" class=\"em_text\">\u00a0<\/p>\n<p id=\"absatz11\" class=\"em_text\">\n","protected":false},"excerpt":{"rendered":"Bielefeld. Das Bielefelder Ordnungsamt verst\u00e4rkt seine Tempokontrollen und stellt in der Woche von Montag, 9. Juni, bis Sonntag,&hellip;\n","protected":false},"author":2,"featured_media":171989,"comment_status":"","ping_status":"","sticky":false,"template":"","format":"standard","meta":{"footnotes":""},"categories":[1841],"tags":[9147,6027,1605,3364,29,30,1606,16466,736,26093,16467,1209,2804,8179],"class_list":{"0":"post-171988","1":"post","2":"type-post","3":"status-publish","4":"format-standard","5":"has-post-thumbnail","7":"category-bielefeld","8":"tag-blitzer","9":"tag-ordnungsamt","10":"tag-bielefeld","11":"tag-de","12":"tag-deutschland","13":"tag-germany","14":"tag-label_m-80","15":"tag-meta_artikelklasse_service","16":"tag-meta_copyrights_nw","17":"tag-meta_themen_verkehr_mobilitaet","18":"tag-meta_userneeds_hilfmir","19":"tag-nordrhein-westfalen","20":"tag-stadtgebiet","21":"tag-tempokontrolle"},"share_on_mastodon":{"url":"https:\/\/pubeurope.com\/@de\/114642785604180258","error":""},"_links":{"self":[{"href":"https:\/\/www.europesays.com\/de\/wp-json\/wp\/v2\/posts\/171988","targetHints":{"allow":["GET"]}}],"collection":[{"href":"https:\/\/www.europesays.com\/de\/wp-json\/wp\/v2\/posts"}],"about":[{"href":"https:\/\/www.europesays.com\/de\/wp-json\/wp\/v2\/types\/post"}],"author":[{"embeddable":true,"href":"https:\/\/www.europesays.com\/de\/wp-json\/wp\/v2\/users\/2"}],"replies":[{"embeddable":true,"href":"https:\/\/www.europesays.com\/de\/wp-json\/wp\/v2\/comments?post=171988"}],"version-history":[{"count":0,"href":"https:\/\/www.europesays.com\/de\/wp-json\/wp\/v2\/posts\/171988\/revisions"}],"wp:featuredmedia":[{"embeddable":true,"href":"https:\/\/www.europesays.com\/de\/wp-json\/wp\/v2\/media\/171989"}],"wp:attachment":[{"href":"https:\/\/www.europesays.com\/de\/wp-json\/wp\/v2\/media?parent=171988"}],"wp:term":[{"taxonomy":"category","embeddable":true,"href":"https:\/\/www.europesays.com\/de\/wp-json\/wp\/v2\/categories?post=171988"},{"taxonomy":"post_tag","embeddable":true,"href":"https:\/\/www.europesays.com\/de\/wp-json\/wp\/v2\/tags?post=171988"}],"curies":[{"name":"wp","href":"https:\/\/api.w.org\/{rel}","templated":true}]}}