{"id":172077,"date":"2025-06-07T16:14:11","date_gmt":"2025-06-07T16:14:11","guid":{"rendered":"https:\/\/www.europesays.com\/de\/172077\/"},"modified":"2025-06-07T16:14:11","modified_gmt":"2025-06-07T16:14:11","slug":"busunfall-in-berlin-bvg-linie-187-kollidiert-mit-auto-regional","status":"publish","type":"post","link":"https:\/\/www.europesays.com\/de\/172077\/","title":{"rendered":"Busunfall in Berlin: BVG-Linie 187 kollidiert mit Auto | Regional"},"content":{"rendered":"<p>Berlin \u2013 <b>Ein Bus der BVG-Linie 187 ist am Nachmittag des gestern Nachmittag in Tiergarten auf ein Auto aufgefahren.<\/b><\/p>\n<p>Der Busfahrer, 56 Jahre alt, wechselte auf der Hofj\u00e4gerallee die Spur, um einem liegengebliebenen Fahrzeug auszuweichen. Trotz einer Gefahrenbremsung stie\u00df er mit einem Auto zusammen, das verkehrsbedingt halten musste. Der 37-j\u00e4hrige Autofahrer blieb unverletzt.<\/p>\n<p>Auch interessant<\/p>\n<p>Anzeige<\/p>\n<p>Auch interessant<\/p>\n<p>Anzeige<\/p>\n<p>F\u00fcnf Fahrg\u00e4ste im Bus wurden verletzt. Eine 51-J\u00e4hrige erlitt ein Sch\u00e4delhirntrauma, als sie nach vorne geschleudert wurde. Rettungskr\u00e4fte brachten sie ins Krankenhaus. <\/p>\n<p>Eine 54-J\u00e4hrige fiel aus ihrem Sitz und verletzte sich an Schulter und Arm. Sie wurde ebenfalls im Krankenhaus behandelt. <\/p>\n<p>Zwei M\u00e4nner, 64 und 63 Jahre alt, klagten \u00fcber Schmerzen und wurden vor Ort behandelt. Eine 31-J\u00e4hrige lehnte eine Behandlung ab, nachdem sie sich den Kopf gesto\u00dfen hatte.<\/p>\n<p><b>Die \u00f6stliche Fahrbahn der Hofj\u00e4gerallee war w\u00e4hrend der Unfallaufnahme und der Rettungsma\u00dfnahmen gesperrt. Der Busverkehr der BVG war nicht beeintr\u00e4chtigt. <\/b><\/p>\n<p>Die Ermittlungen f\u00fchrt das Fachkommissariat f\u00fcr Verkehrsdelikte der Polizeidirektion 2 (West).<\/p>\n<p>Dieser Text basiert auf einer offiziellen Beh\u00f6rden-Information und wurde mit Hilfe von KI erstellt.<\/p>\n","protected":false},"excerpt":{"rendered":"Berlin \u2013 Ein Bus der BVG-Linie 187 ist am Nachmittag des gestern Nachmittag in Tiergarten auf ein Auto&hellip;\n","protected":false},"author":2,"featured_media":172078,"comment_status":"","ping_status":"","sticky":false,"template":"","format":"standard","meta":{"footnotes":""},"categories":[1825],"tags":[296,29,30,2509,45,2624],"class_list":{"0":"post-172077","1":"post","2":"type-post","3":"status-publish","4":"format-standard","5":"has-post-thumbnail","7":"category-berlin","8":"tag-berlin","9":"tag-deutschland","10":"tag-germany","11":"tag-ki-ots","12":"tag-texttospeech","13":"tag-unfaelle"},"share_on_mastodon":{"url":"https:\/\/pubeurope.com\/@de\/114642974410522832","error":""},"_links":{"self":[{"href":"https:\/\/www.europesays.com\/de\/wp-json\/wp\/v2\/posts\/172077","targetHints":{"allow":["GET"]}}],"collection":[{"href":"https:\/\/www.europesays.com\/de\/wp-json\/wp\/v2\/posts"}],"about":[{"href":"https:\/\/www.europesays.com\/de\/wp-json\/wp\/v2\/types\/post"}],"author":[{"embeddable":true,"href":"https:\/\/www.europesays.com\/de\/wp-json\/wp\/v2\/users\/2"}],"replies":[{"embeddable":true,"href":"https:\/\/www.europesays.com\/de\/wp-json\/wp\/v2\/comments?post=172077"}],"version-history":[{"count":0,"href":"https:\/\/www.europesays.com\/de\/wp-json\/wp\/v2\/posts\/172077\/revisions"}],"wp:featuredmedia":[{"embeddable":true,"href":"https:\/\/www.europesays.com\/de\/wp-json\/wp\/v2\/media\/172078"}],"wp:attachment":[{"href":"https:\/\/www.europesays.com\/de\/wp-json\/wp\/v2\/media?parent=172077"}],"wp:term":[{"taxonomy":"category","embeddable":true,"href":"https:\/\/www.europesays.com\/de\/wp-json\/wp\/v2\/categories?post=172077"},{"taxonomy":"post_tag","embeddable":true,"href":"https:\/\/www.europesays.com\/de\/wp-json\/wp\/v2\/tags?post=172077"}],"curies":[{"name":"wp","href":"https:\/\/api.w.org\/{rel}","templated":true}]}}